{"id":109226,"date":"2025-12-10T10:37:13","date_gmt":"2025-12-10T10:37:13","guid":{"rendered":"https:\/\/www.europesays.com\/no\/109226\/"},"modified":"2025-12-10T10:37:13","modified_gmt":"2025-12-10T10:37:13","slug":"fredsprisvinner-maria-corina-machado-kommer-til-oslo-likevel-rekker-ikke-utdelingen","status":"publish","type":"post","link":"https:\/\/www.europesays.com\/no\/109226\/","title":{"rendered":"Fredsprisvinner Maria Corina Machado kommer til Oslo likevel \u2013 rekker ikke utdelingen"},"content":{"rendered":"\n<p class=\"_lead_o9xde_2 _lead_xtcu6_50 layout-component text-serif-m layout-normal text-serif-l layout-component layout-wide layout-padded _wide_17hqh_1 layout-padded\">Det bekrefter Nobelinstituttet. Hun rekker imidlertid ikke selve prisutdelingen.<\/p>\n<p><img alt=\"\u2013 Fredsprisvinner Machado vil komme til Oslo og er trygg, uttaler Nobelinstituttet, if\u00f8lge Reuters. Foto: FEDERICO PARRA \/ AFP\" class=\"_image_qp4xg_65 layout-component layout-wide\" data-fullscreen- data-track-element-type=\"Article image fullscreen\" data-track-name=\"ImageFullscreen\" fetchpriority=\"high\" decoding=\"sync\" loading=\"eager\" height=\"4026\" itemprop=\"image\"  src=\"https:\/\/www.europesays.com\/no\/wp-content\/uploads\/2025\/12\/ae1742f6-b599-4d1d-9d39-263808d45f92\"  style=\"object-position:0% 0%\" width=\"6040\"\/>\u2013 Fredsprisvinner Machado vil komme til Oslo og er trygg, uttaler Nobelinstituttet, if\u00f8lge Reuters. Foto: FEDERICO PARRA \/ AFP<\/p>\n<ul aria-hidden=\"true\" class=\"_images_ntbth_112\">\n<li><a class=\"_link_ntbth_117\" href=\"https:\/\/www.vg.no\/forfatter\/lone-lohne\" style=\"z-index:2\" title=\"Lone Lohne\" rel=\"nofollow noopener\" target=\"_blank\"><img alt=\"Bilde av Lone Lohne\" class=\"_image_ntbth_93\" fetchpriority=\"low\" loading=\"lazy\" decoding=\"async\" itemprop=\"image\"  src=\"https:\/\/www.europesays.com\/no\/wp-content\/uploads\/2025\/12\/67d47bdb-8b3d-4c13-81e3-55e3416c6184\"  width=\"480\"\/><\/a><\/li>\n<li><a class=\"_link_ntbth_117\" href=\"https:\/\/www.vg.no\/forfatter\/nora-kvernmo-rindal\" style=\"z-index:1\" title=\"Nora Kvernmo Rindal\" rel=\"nofollow noopener\" target=\"_blank\"><img alt=\"Bilde av Nora Kvernmo Rindal\" class=\"_image_ntbth_93\" fetchpriority=\"low\" loading=\"lazy\" decoding=\"async\" itemprop=\"image\"  src=\"https:\/\/www.europesays.com\/no\/wp-content\/uploads\/2025\/12\/1765363032_314_e9a8dfd1-f394-4db6-b4c7-25003539a55e\"  width=\"480\"\/><\/a><\/li>\n<\/ul>\n<p> Oppdatert onsdag 10. desember kl. 11:35     <\/p>\n<p class=\"_paragraph_o9xde_4 _paragraph_xtcu6_10 layout-component text-serif-m layout-normal text-serif-m layout-padded\">Det har v\u00e6rt knyttet stor spenning til hvor fredsprisvinner Maria Corina Machado er, og om hun kommer til \u00e5 delta p\u00e5 prisutdelingen klokken 13, som planlagt. <\/p>\n<p class=\"_paragraph_o9xde_4 _paragraph_xtcu6_10 layout-component text-serif-m layout-normal text-serif-m layout-padded\">Knappe to timer f\u00f8r selve utdelingen sier Nobelinstituttet at de har kontakt og at hun er p\u00e5 vei. <\/p>\n<p class=\"_paragraph_o9xde_4 _paragraph_xtcu6_10 layout-component text-serif-m layout-normal text-serif-m layout-padded\">\u2013 Machado har gjort alt i sin makt for \u00e5 komme til seremonien i dag, heter det i uttalelsen fra Nobelinstituttet. <\/p>\n<p class=\"_paragraph_o9xde_4 _paragraph_xtcu6_10 layout-component text-serif-m layout-normal text-serif-m layout-padded\"><strong class=\"_strong_o9xde_25\">\u2013 Selv om hun ikke vil kunne komme til seremonien og dagens hendelser, er vi dypt glade for \u00e5 kunne bekrefte at hun er trygg og at hun vil v\u00e6re med oss \u200b\u200bi Oslo.<\/strong><\/p>\n<p>Visste ikke hvor hun var<\/p>\n<p class=\"_paragraph_o9xde_4 _paragraph_xtcu6_10 layout-component text-serif-m layout-normal text-serif-m layout-padded\">P\u00e5 sp\u00f8rsm\u00e5l om hvor prisvinneren er, svarte sjefen for Nobelinstituttet Kristian Berg Harpviken. f\u00f8lgende til <a href=\"https:\/\/www.vg.no\/nyheter\/i\/n1gVxo\/nrk-fredsprisvinneren-deltar-ikke-paa-prisutdelingen\" data-track-element-type=\"Link\" data-track-id=\"link:n1gVxo\" class=\"_link_o9xde_39\" rel=\"nofollow noopener\" target=\"_blank\">NRK onsdag morgen<\/a>:<\/p>\n<p class=\"_paragraph_o9xde_4 _paragraph_xtcu6_10 layout-component text-serif-m layout-normal text-serif-m layout-padded\">\u2013 Det vet ikke jeg, og det er det gode grunner til. Dette er et repressivt regime som er villig til \u00e5 bruke absolutt alle virkemidler mot opposisjonen i sitt eget land.<\/p>\n<p>Lever i skjul<\/p>\n<p class=\"_paragraph_o9xde_4 _paragraph_xtcu6_10 layout-component text-serif-m layout-normal text-serif-m layout-padded\">Machado lever i skjul i Venezuela p\u00e5 grunn av frykt for regimet. Hun er leder for opposisjonen mot president Nicol\u00e1s Maduro, men ble nektet \u00e5 stille som presidentkandidat i 2024.<\/p>\n<p class=\"_paragraph_o9xde_4 _paragraph_xtcu6_10 layout-component text-serif-m layout-normal text-serif-m layout-padded\"><strong class=\"_strong_o9xde_25\">Hun har hverken hatt pass eller rettigheter til \u00e5 fly p\u00e5 mange \u00e5r.<\/strong><\/p>\n<p class=\"_paragraph_o9xde_4 _paragraph_xtcu6_10 layout-component text-serif-m layout-normal text-serif-m layout-padded\">Derfor har det v\u00e6rt knyttet <a href=\"https:\/\/www.vg.no\/i\/Gx1BQ9\" data-track-element-type=\"Link\" data-track-id=\"link:Gx1BQ9\" class=\"_link_o9xde_39\" rel=\"nofollow noopener\" target=\"_blank\">stor spenning<\/a> til hvordan hun skulle komme seg til Norge.<\/p>\n<p>Dette er Mar\u00eda Corina Machado<\/p>\n<ul class=\"_list_o9xde_3 _list_xtcu6_9 _list_16v91_9 _unordered_o9xde_106 layout-component text-serif-m layout-normal text-sans-m layout-padded\">\n<li class=\"_item_o9xde_30\">Hun ble f\u00f8dt den 7. oktober 1967 i Caracas, Venezuela.<\/li>\n<li class=\"_item_o9xde_30\">Begynte sin aktivistkarriere som leder for stiftelsen Fundaci\u00f3n Atenea.<\/li>\n<li class=\"_item_o9xde_30\">Hun var en av grunnleggerne av den sivile organisasjonen S\u00famate, som jobber med valgobservasjon og borgerrettigheter.<\/li>\n<li class=\"_item_o9xde_30\">Hun er ogs\u00e5 leder for partiet Vente Venezuela, etablert rundt 2012.<\/li>\n<li class=\"_item_o9xde_30\">Hun var medlem av Venezuelas nasjonalforsamling fra januar 2011 til mars 2014, valgt for delstaten Miranda.<\/li>\n<li class=\"_item_o9xde_30\">I 2014 mistet hun sin posisjon som representant, etter at hun ble anklaget av regjeringen for medvirkning i protester mot president Nicol\u00e1s Maduro.<\/li>\n<li class=\"_item_o9xde_30\">Hun har v\u00e6rt en skarp kritiker av Maduro-regimet og har st\u00e5tt sentralt i motstandskampen for demokratiske valg og regjeringsskifte i Venezuela.<\/li>\n<li class=\"_item_o9xde_30\">I prim\u00e6rvalget til opposisjonen i oktober 2023 vant hun over 90\u202fprosent av stemmene, og ble dermed nominert som kandidat for hele opposisjonen til presidentvalget 2024.<\/li>\n<li class=\"_item_o9xde_30\">Men regjeringen svarte med \u00e5 diskvalifisere henne fra \u00e5 stille som kandidat i 2024, med en periode p\u00e5 15 \u00e5r hvor hun ikke kan inneha offentlig verv.<\/li>\n<li class=\"_item_o9xde_30\">Har mottatt b\u00e5de V\u00e1clav Havel-prisen for menneskerettigheter fra Europar\u00e5det og Sakharov-prisen for tankefrihet fra Europaparlamentet.<\/li>\n<li class=\"_item_o9xde_30\">Alle de tre barna hennes lever i eksil.<\/li>\n<\/ul>\n<p>Vis mer<\/p>\n<p class=\"_paragraph_o9xde_4 _paragraph_xtcu6_10 layout-component text-serif-m layout-normal text-serif-m layout-padded\">Hun har over lang tid holdt en sv\u00e6rt lav offentlig profil. Den siste aktiviteten p\u00e5 X-profilen hennes er fra 6. desember, og var en <a href=\"https:\/\/x.com\/MariaCorinaYA\/status\/1997417060758913458\" class=\"_link_o9xde_39\" rel=\"nofollow\">st\u00f8tteerkl\u00e6ring til en fange<\/a> som d\u00f8de i fengsel i Venezuela.<\/p>\n<p>   Utsatt pressekonferanse<\/p>\n<p class=\"_paragraph_o9xde_4 _paragraph_xtcu6_10 layout-component text-serif-m layout-normal text-serif-m layout-padded\"><a href=\"https:\/\/www.vg.no\/i\/q6nmgO\" data-track-element-type=\"Link\" data-track-id=\"link:q6nmgO\" class=\"_link_o9xde_39\" rel=\"nofollow noopener\" target=\"_blank\">Senest tirsdag<\/a> ble en pressekonferanse med Machado utsatt. Da var det uklart om hun i det hele tatt hadde kommet seg til Norge. <\/p>\n<p class=\"_paragraph_o9xde_4 _paragraph_xtcu6_10 layout-component text-serif-m layout-normal text-serif-m layout-padded\"><strong class=\"_strong_o9xde_25\">\u2013 Jeg har v\u00e6rt optimist helt frem til sent i g\u00e5r kveld p\u00e5 at hun ville st\u00e5 p\u00e5 r\u00e5dhuset i dag, og s\u00e5 har det kommet ny informasjon som tyder p\u00e5 at det ikke lar seg gj\u00f8re, sa Harpviken til NRK.<\/strong><\/p>\n<p class=\"_paragraph_o9xde_4 _paragraph_xtcu6_10 layout-component text-serif-m layout-normal text-serif-m layout-padded\">VG har fors\u00f8kt \u00e5 komme i kontakt med Harpviken og instituttets kommunikasjonssjef Erik Aasheim, forel\u00f8pig uten hell. <\/p>\n<p class=\"_paragraph_o9xde_4 _paragraph_xtcu6_10 layout-component text-serif-m layout-normal text-serif-m layout-padded\">Heller ikke Nobelkomiteens leder J\u00f8rgen Frydnes har besvart v\u00e5re henvendelser.<\/p>\n<p>    <img decoding=\"async\" alt=\"Tips oss illustrasjon\" src=\"https:\/\/www.europesays.com\/no\/wp-content\/uploads\/2025\/10\/pssst-small.webp.webp\"\/>    <\/p>\n<p class=\"title-serif-s\">Har du tips?<\/p>\n<p class=\"text-sans-m\">Send oss informasjon, bilder eller video.<\/p>\n<p>  <a href=\"https:\/\/www.vg.no\/tips-oss\" rel=\"nofollow noopener\" target=\"_blank\"> Tips oss <\/a>      <\/p>\n","protected":false},"excerpt":{"rendered":"Det bekrefter Nobelinstituttet. Hun rekker imidlertid ikke selve prisutdelingen. \u2013 Fredsprisvinner Machado vil komme til Oslo og er&hellip;\n","protected":false},"author":2,"featured_media":109227,"comment_status":"","ping_status":"","sticky":false,"template":"","format":"standard","meta":{"footnotes":""},"categories":[10],"tags":[31,20,21,24,25,15,22,23,13,30,28,29,14,16,26,27],"class_list":{"0":"post-109226","1":"post","2":"type-post","3":"status-publish","4":"format-standard","5":"has-post-thumbnail","7":"category-norge","8":"tag-breaking","9":"tag-breaking-news","10":"tag-breakingnews","11":"tag-featured-news","12":"tag-featurednews","13":"tag-headlines","14":"tag-latest-news","15":"tag-latestnews","16":"tag-news","17":"tag-no","18":"tag-norge","19":"tag-norway","20":"tag-nyheter","21":"tag-overskrifter","22":"tag-top-stories","23":"tag-topstories"},"share_on_mastodon":{"url":"https:\/\/pubeurope.com\/@no\/115694839438401983","error":""},"_links":{"self":[{"href":"https:\/\/www.europesays.com\/no\/wp-json\/wp\/v2\/posts\/109226","targetHints":{"allow":["GET"]}}],"collection":[{"href":"https:\/\/www.europesays.com\/no\/wp-json\/wp\/v2\/posts"}],"about":[{"href":"https:\/\/www.europesays.com\/no\/wp-json\/wp\/v2\/types\/post"}],"author":[{"embeddable":true,"href":"https:\/\/www.europesays.com\/no\/wp-json\/wp\/v2\/users\/2"}],"replies":[{"embeddable":true,"href":"https:\/\/www.europesays.com\/no\/wp-json\/wp\/v2\/comments?post=109226"}],"version-history":[{"count":0,"href":"https:\/\/www.europesays.com\/no\/wp-json\/wp\/v2\/posts\/109226\/revisions"}],"wp:featuredmedia":[{"embeddable":true,"href":"https:\/\/www.europesays.com\/no\/wp-json\/wp\/v2\/media\/109227"}],"wp:attachment":[{"href":"https:\/\/www.europesays.com\/no\/wp-json\/wp\/v2\/media?parent=109226"}],"wp:term":[{"taxonomy":"category","embeddable":true,"href":"https:\/\/www.europesays.com\/no\/wp-json\/wp\/v2\/categories?post=109226"},{"taxonomy":"post_tag","embeddable":true,"href":"https:\/\/www.europesays.com\/no\/wp-json\/wp\/v2\/tags?post=109226"}],"curies":[{"name":"wp","href":"https:\/\/api.w.org\/{rel}","templated":true}]}}