{"id":109230,"date":"2025-12-10T10:44:13","date_gmt":"2025-12-10T10:44:13","guid":{"rendered":"https:\/\/www.europesays.com\/no\/109230\/"},"modified":"2025-12-10T10:44:13","modified_gmt":"2025-12-10T10:44:13","slug":"horte-skuddet-forsto-det-umiddelbart","status":"publish","type":"post","link":"https:\/\/www.europesays.com\/no\/109230\/","title":{"rendered":"H\u00f8rte skuddet: &#8211; Forsto det umiddelbart"},"content":{"rendered":"<p class=\"kicker \" style=\"\">Storo-skytingen:<\/p>\n<p>  Tore Paulsen var den f\u00f8rste p\u00e5 plass da en 19-\u00e5ring avfyrte ett skudd inne p\u00e5 Storo Storsenter.\u00a0<\/p>\n<p>\n    P\u00c5 PLASS: Tore Paulsen h\u00f8rte smellet fra hagla inne p\u00e5 senteret og skj\u00f8nte med en gang at noe var galt. Foto: J\u00f8rn H. Moen \/ Dagbladet\n  <\/p>\n<p>    Kort fortalt<\/p>\n<ul lang=\"nb-NO\">\n<li>En 19-\u00e5ring avfyrte et skudd inne p\u00e5 Storo Storsenter mandag.<\/li>\n<li>Driftsleder Tore Paulsen reagerte raskt og fulgte beredskapsrutinene.<\/li>\n<li>Ingen ble skadd, og politiet tok raskt kontroll over situasjonen.<\/li>\n<li>Den siktede er under helseomsorg og vil ikke fremstilles for varetektsfengsling.<\/li>\n<\/ul>\n<p class=\"italic ai-disclaimer\" data-lab-italic=\"italic\">Sammendraget er laget av ChatGPT og godkjent av Dagbladet.<\/p>\n<p>      Vis mer<br \/>\n      Vis mindre<\/p>\n<p>Mandag var driftssjef for Storo Storsenter, Tore Paulsen, den f\u00f8rste p\u00e5 stedet da en ung mann plutselig l\u00f8snet et skudd med ei hagle inne i bygget p\u00e5 Storo Storsenter.<\/p>\n<p class=\"font-weight-bold m-font-weight-bold\" data-lab-font_weight=\"font-weight-bold\">&#8211; Jeg h\u00f8rte smellet f\u00f8rst, og forsto umiddelbart at noe var galt, sier han til Dagbladet.<\/p>\n<p>Derfra gikk det veldig fort.\u00a0<\/p>\n<p>&#8211; Sammen med vekterteamet fulgte jeg de interne beredskapsrutinene v\u00e5re.<\/p>\n<p>Paulsen \u00f8nsker ikke \u00e5 g\u00e5 inn i detalj p\u00e5 hva han m\u00f8tte p\u00e5 da han ankom stedet hvor mannen som l\u00f8snet skuddet befant seg, ettersom saken fortsatt er under etterforskning.\u00a0<\/p>\n<p>&#8211; Intens og uvant situasjon\t<\/p>\n<p>&#8211; Hvor lang tid tok det f\u00f8r politiet var p\u00e5 plass?<\/p>\n<p>&#8211; Jeg vet ikke n\u00f8yaktig, bare snakk om minutter. De\u00a0rykket ut sv\u00e6rt raskt, og tok kontroll over situasjonen p\u00e5 en meget profesjonell m\u00e5te, sier Paulsen.\u00a0<\/p>\n<p data-lab-italic=\"italic\" class=\"italic m-italic\">&#8211; Hvordan g\u00e5r det med deg n\u00e5?<\/p>\n<p>&#8211; Det g\u00e5r veldig bra. Det var en intens og uvant situasjon for oss alle. Vi har ogs\u00e5 et godt apparat rundt oss om det skulle v\u00e6re behov, sier Paulsen.<\/p>\n<p>    <a itemprop=\"url\" href=\"https:\/\/www.dagbladet.no\/nyheter\/ny-beskjed-om-vapenet\/83960622\" rel=\"nofollow noopener\" target=\"_blank\"><\/p>\n<p>        <img loading=\"lazy\" decoding=\"async\" src=\"https:\/\/www.europesays.com\/no\/wp-content\/uploads\/2025\/12\/83960641.webp\" width=\"980\" height=\"441\" title=\"Ny beskjed om v\u00e5penet\" alt=\"\" class=\"lazyload\" style=\"--aspect-ratio-image: 2.22; \"\/><\/p>\n<p>        Ny beskjed om v\u00e5penet<\/p>\n<p>    <\/a><\/p>\n<p>Hagle, kniv og balltre\t<\/p>\n<p data-lab-italic=\"\" class=\"no_italic m-no_italic font-weight-bold m-font-weight-bold\" data-lab-font_weight=\"font-weight-bold\">En 19 \u00e5r gammel mann er siktet for grove trusler med skytev\u00e5pen, etter\u00a0<a href=\"https:\/\/www.dagbladet.no\/nyheter\/skyting-pa-kjopesenter-i-oslo\/83953465\" target=\"_blank\" rel=\"nofollow noopener\">en skyting p\u00e5 Storo Storsenter<\/a>\u00a0mandag.<\/p>\n<p>Den siktede mannen var p\u00e5 senteret med en hagle, en kniv og et balltre da han ringte politiet p\u00e5 formiddagen. De var p\u00e5 vei til Storo da 19-\u00e5ringen l\u00f8snet et skudd i 2. etasje, som gikk opp i taket.\u00a0<\/p>\n<p>Ingen ble skadd av hendelsen, men politiet har bekreftet at den siktede ble b\u00e5ret ut p\u00e5 b\u00e5re.\u00a0<\/p>\n<p>&#8211; 19-\u00e5ringen ivaretas av helse og vil ikke bli fremstilt for varetektsfengsling, sier\u00a0politiavokat, Trine Elisabeth Selnes i Oslo politidistrikt, til Dagbladet onsdag.<\/p>\n<p>        OSLO: Det har blitt avfyrt skudd mot taket p\u00e5 Storo Storsenter. Video:Dagbaldet<\/p>\n<p>Paulsen: &#8211; Enormt lettet\t<\/p>\n<p>I ettertid av hendelsen sier Paulsen at han f\u00f8rst og fremst er enormt lettet over at ingen ble fysisk skadd under hendelsen.<\/p>\n<p>&#8211; I slike situasjoner er det mye man ikke vet de f\u00f8rste minuttene. Jeg er stolt av hvordan vekterne og driftsteamet h\u00e5ndterte en krevende og uforutsigbar situasjon, sier han.\u00a0<\/p>\n<p>Samtidig tar han og teamet med seg viktig l\u00e6rdom videre.\u00a0<\/p>\n<p class=\"font-weight-bold m-font-weight-bold\" data-lab-font_weight=\"font-weight-bold\">&#8211; Sammen med de ansvarlige for butikkene evaluerer vi alt rundt hendelsen grundig, og ser p\u00e5 hvordan vi kan styrke rutinene og beredskapen v\u00e5r ytterligere, sier han, og fortsetter:<\/p>\n<p>&#8211; Det viktigste for oss fremover er at b\u00e5de kunder og ansatte kan v\u00e6re sikre p\u00e5 at vi gj\u00f8r alt vi kan for at det skal v\u00e6re b\u00e5de trygt og trivelig \u00e5 handle og \u00e5 jobbe p\u00e5 Storo Storsenter.<\/p>\n<p>Onsdag er 19-\u00e5ringen fortsatt ikke avh\u00f8rt av politiet. Det bekrefter hans forsvarer Kai Vaag til Dagbladet.<\/p>\n<p class=\"font-weight-bold m-font-weight-bold\" data-lab-font_weight=\"font-weight-bold\">&#8211;\u00a0Det er ikke planlagt n\u00e5r avh\u00f8ret skal holdes, og n\u00e5r det eventuelt blir, sier Vaag til Dagbladet.\u00a0<\/p>\n<p>Vaag har tidligere sagt at <a href=\"https:\/\/www.dagbladet.no\/nyheter\/ikke-aktuelt-med-fengsling\/83957566\" target=\"_blank\" rel=\"nofollow noopener\">klienten er positiv til \u00e5 bli avh\u00f8rt<\/a>, men at det st\u00e5r litt p\u00e5 om det er forsvarlig \u00e5 gj\u00f8re, slik hans helse er n\u00e5. <\/p>\n<p>Tirsdag sa politiavokat Trine Elisabeth Selnes i Oslo politidistrikt at den siktede <a href=\"https:\/\/www.dagbladet.no\/nyheter\/ny-beskjed-om-vapenet\/83960622\" target=\"_blank\" rel=\"nofollow noopener\">ikke hadde lovlig tilgang til v\u00e5penet<\/a> som ble avfyrt.\u00a0<\/p>\n<p>&#8211; Politiet har ikke tatt avh\u00f8r av den siktede, men \u00f8nsker \u00e5 gjennomf\u00f8re dette n\u00e5r det lar seg gj\u00f8re. Det er ingen andre mistenkte i saken, sier Selnes til Dagbladet onsdag morgen.\u00a0<\/p>\n<p>Den siktede skytteren er bosatt i Oslo. Han skal ikke v\u00e6re godt kjent for politiet fra tidligere.\u00a0<\/p>\n<p>    <a itemprop=\"url\" href=\"https:\/\/www.dagbladet.no\/nyheter\/120-kriminelle-nettverk-alvorlig-og-uforutsigbart\/83959272\" rel=\"nofollow noopener\" target=\"_blank\"><\/p>\n<p>        <img loading=\"lazy\" decoding=\"async\" src=\"https:\/\/www.europesays.com\/no\/wp-content\/uploads\/2025\/12\/1765363453_135_83959370.webp\" width=\"980\" height=\"441\" title=\"120 kriminelle nettverk: - Alvorlig og uforutsigbart\" alt=\"\" class=\"lazyload\" style=\"--aspect-ratio-image: 2.22; \"\/><\/p>\n<p>        120 kriminelle nettverk: &#8211; Alvorlig og uforutsigbart<\/p>\n<p>    <\/a><\/p>\n","protected":false},"excerpt":{"rendered":"Storo-skytingen: Tore Paulsen var den f\u00f8rste p\u00e5 plass da en 19-\u00e5ring avfyrte ett skudd inne p\u00e5 Storo Storsenter.\u00a0&hellip;\n","protected":false},"author":2,"featured_media":109231,"comment_status":"","ping_status":"","sticky":false,"template":"","format":"standard","meta":{"footnotes":""},"categories":[10],"tags":[20,21,24,25,15,2539,983,22,23,13,30,28,29,14,636,16,468,26,27],"class_list":{"0":"post-109230","1":"post","2":"type-post","3":"status-publish","4":"format-standard","5":"has-post-thumbnail","7":"category-norge","8":"tag-breaking-news","9":"tag-breakingnews","10":"tag-featured-news","11":"tag-featurednews","12":"tag-headlines","13":"tag-innenriks","14":"tag-krim","15":"tag-latest-news","16":"tag-latestnews","17":"tag-news","18":"tag-no","19":"tag-norge","20":"tag-norway","21":"tag-nyheter","22":"tag-oslo","23":"tag-overskrifter","24":"tag-politiet","25":"tag-top-stories","26":"tag-topstories"},"share_on_mastodon":{"url":"https:\/\/pubeurope.com\/@no\/115694866777852983","error":""},"_links":{"self":[{"href":"https:\/\/www.europesays.com\/no\/wp-json\/wp\/v2\/posts\/109230","targetHints":{"allow":["GET"]}}],"collection":[{"href":"https:\/\/www.europesays.com\/no\/wp-json\/wp\/v2\/posts"}],"about":[{"href":"https:\/\/www.europesays.com\/no\/wp-json\/wp\/v2\/types\/post"}],"author":[{"embeddable":true,"href":"https:\/\/www.europesays.com\/no\/wp-json\/wp\/v2\/users\/2"}],"replies":[{"embeddable":true,"href":"https:\/\/www.europesays.com\/no\/wp-json\/wp\/v2\/comments?post=109230"}],"version-history":[{"count":0,"href":"https:\/\/www.europesays.com\/no\/wp-json\/wp\/v2\/posts\/109230\/revisions"}],"wp:featuredmedia":[{"embeddable":true,"href":"https:\/\/www.europesays.com\/no\/wp-json\/wp\/v2\/media\/109231"}],"wp:attachment":[{"href":"https:\/\/www.europesays.com\/no\/wp-json\/wp\/v2\/media?parent=109230"}],"wp:term":[{"taxonomy":"category","embeddable":true,"href":"https:\/\/www.europesays.com\/no\/wp-json\/wp\/v2\/categories?post=109230"},{"taxonomy":"post_tag","embeddable":true,"href":"https:\/\/www.europesays.com\/no\/wp-json\/wp\/v2\/tags?post=109230"}],"curies":[{"name":"wp","href":"https:\/\/api.w.org\/{rel}","templated":true}]}}