{"id":109236,"date":"2025-12-10T10:53:09","date_gmt":"2025-12-10T10:53:09","guid":{"rendered":"https:\/\/www.europesays.com\/no\/109236\/"},"modified":"2025-12-10T10:53:09","modified_gmt":"2025-12-10T10:53:09","slug":"tre-russere-og-seks-belarusere-fikk-status-som-noytrale","status":"publish","type":"post","link":"https:\/\/www.europesays.com\/no\/109236\/","title":{"rendered":"Tre russere og seks belarusere fikk status som n\u00f8ytrale"},"content":{"rendered":"\n<p class=\"_lead_o9xde_2 _lead_xtcu6_50 layout-component text-serif-m layout-normal text-serif-l layout-component layout-wide layout-padded _wide_17hqh_1 layout-padded\">Langrennsl\u00f8perne Savelij Korostelev og Darija Neprjajeva har f\u00e5tt gr\u00f8nt lys av Det internasjonale skiforbundet (FIS) til \u00e5 delta i helgens verdenscuprenn i Davos.<\/p>\n<ul class=\"_gallery_1qa3s_23\" tabindex=\"0\">\n<li class=\"_item_1qa3s_37\" data-index=\"0\"><img fetchpriority=\"high\" decoding=\"async\" class=\"_image_foru8_23 _introGallery_foru8_43\" data-fullscreen- width=\"4400\" height=\"2933\" itemprop=\"image\" loading=\"eager\"  src=\"https:\/\/www.europesays.com\/no\/wp-content\/uploads\/2025\/12\/7caf97e1-d54e-490c-9dda-8de4026584a8\"  style=\"object-position:50% 50%;aspect-ratio:var(--gallery-aspect-ratio, 16 \/ 9)\"\/>Savilij Korostelev da han ble juniorverdensmester p\u00e5 10-kilometeren p\u00e5 Lygna i 2022.  Foto: Terje Pedersen \/ NTB.<\/li>\n<li class=\"_item_1qa3s_37\" data-index=\"1\"><img decoding=\"async\" class=\"_image_foru8_23 _introGallery_foru8_43\" data-fullscreen- width=\"5743\" height=\"3829\" itemprop=\"image\" loading=\"lazy\"  src=\"https:\/\/www.europesays.com\/no\/wp-content\/uploads\/2025\/12\/219ebd29-0b8f-4a0b-98e8-62c64720375b\"  style=\"object-position:50% 50%;aspect-ratio:var(--gallery-aspect-ratio, 16 \/ 9)\"\/>Darija Neprjajeva kan delta i Davos.  Foto: Terje Pedersen \/ NTB<\/li>\n<\/ul>\n<p>Savilij Korostelev da han ble juniorverdensmester p\u00e5 10-kilometeren p\u00e5 Lygna i 2022.  Foto: Terje Pedersen \/ NTB.<\/p>\n<ul aria-hidden=\"true\" class=\"_images_ntbth_112\">\n<li><a class=\"_link_ntbth_117\" href=\"https:\/\/www.vg.no\/forfatter\/ntb\" style=\"z-index:1\" title=\"NTB\" rel=\"nofollow noopener\" target=\"_blank\"><img alt=\"Bilde av NTB\" class=\"_image_ntbth_93\" fetchpriority=\"low\" loading=\"lazy\" decoding=\"async\" itemprop=\"image\"  src=\"https:\/\/www.europesays.com\/no\/wp-content\/uploads\/2025\/12\/1765363989_126_c33980b0-5d07-4027-84a1-813f90a7c8d6\"  width=\"480\"\/><\/a><\/li>\n<\/ul>\n<p> Oppdatert onsdag 10. desember kl. 11:43    <\/p>\n<ul class=\"_list_o9xde_3 _list_64s2r_85 _unordered_o9xde_106 text-sans-m\">\n<li class=\"_item_o9xde_30\">Savelij Korostelev og flere belarusere og russere f\u00e5r delta i helgens verdenscuprenn i Davos.<\/li>\n<li class=\"_item_o9xde_30\">Seks belarusere og tre russere ble godkjent av FIS etter CAS-vedtaket om opphevelse av tidligere forbud.<\/li>\n<li class=\"_item_o9xde_30\">Strenge n\u00f8ytralitetskriterier fra IOC m\u00e5 oppfylles, inkludert ingen forbindelser til milit\u00e6ret.<\/li>\n<li class=\"_item_o9xde_30\">Helgens konkurranser starter med sprint i fri teknikk p\u00e5 l\u00f8rdag.<\/li>\n<\/ul>\n<p>Vis mer <\/p>\n<p class=\"_paragraph_o9xde_4 _paragraph_xtcu6_10 layout-component text-serif-m layout-normal text-serif-m layout-padded\">Det er klart etter at seks belarusere og tre russere har f\u00e5tt status som n\u00f8ytrale, fremg\u00e5r det av en melding fra <a href=\"https:\/\/www.vg.no\/tag\/fis?utm_source=vg-article&amp;utm_medium=auto-tagger&amp;utm_campaign=6qnyvQ\" class=\"_link_o9xde_39\" rel=\"nofollow noopener\" target=\"_blank\">FIS<\/a> onsdag.<\/p>\n<p class=\"_paragraph_o9xde_4 _paragraph_xtcu6_10 layout-component text-serif-m layout-normal text-serif-m layout-padded\">Blant dem er tre russere: Korostelev, Neprjajeva og Anastasiia Tatalina. Sistnevnte er fristilkj\u00f8rer.<\/p>\n<p class=\"_paragraph_o9xde_4 _paragraph_xtcu6_10 layout-component text-serif-m layout-normal text-serif-m layout-padded\">Fra Belarus gjelder det disse: Uladzislau Vaznjuk, Maria Sjkanova, Hanna Huskova, Igar Drabiankou, Anna Derugo, Anastasija Andrjianava.<\/p>\n<p class=\"_paragraph_o9xde_4 _paragraph_xtcu6_10 layout-component text-serif-m layout-normal text-serif-m layout-padded\">Den ni navn lange listen som er offentliggjort av FIS best\u00e5r av i alt to langrennsl\u00f8pere, seks fristilkj\u00f8rere og en alpinist. Langrennsl\u00f8perne er alts\u00e5 supertalentet Korostelev og Neprjajeva.<\/p>\n<p class=\"_paragraph_o9xde_4 _paragraph_xtcu6_10 layout-component text-serif-m layout-normal text-serif-m layout-padded\">\u2013 I l\u00f8pet av de kommende dagene og ukene, etter hvert som flere vurderinger gjennomf\u00f8res og flere avgj\u00f8relser tas, vil FIS publisere oppdaterte versjoner av listen, heter det i meldingen.<\/p>\n<p class=\"_paragraph_o9xde_4 _paragraph_xtcu6_10 layout-component text-serif-m layout-normal text-serif-m layout-padded\">2. desember kom avgj\u00f8relsen i Idrettens Voldgiftsrett (CAS) der FIS-styrets beslutning om \u00e5 nekte russiske og belarusiske ut\u00f8vere \u00e5 delta i FIS-konkurranser og OL-kvalifiseringer ble opphevet.<\/p>\n<p>Strenge kriterier<\/p>\n<p class=\"_paragraph_o9xde_4 _paragraph_xtcu6_10 layout-component text-serif-m layout-normal text-serif-m layout-padded\">CAS slo fast at FIS m\u00e5 tillate deltakelse for ut\u00f8vere som oppfyller de strenge n\u00f8ytralitetskriteriene til Den internasjonale olympiske komit\u00e9 (IOC).<\/p>\n<p class=\"_paragraph_o9xde_4 _paragraph_xtcu6_10 layout-component text-serif-m layout-normal text-serif-m layout-padded\">Det betyr blant annet at de aktuelle ut\u00f8verne ikke kan ha noen frivillig forbindelse med det russiske eller belarusiske milit\u00e6ret eller med noen annen nasjonal sikkerhetsorganisasjon.<\/p>\n<p class=\"_paragraph_o9xde_4 _paragraph_xtcu6_10 layout-component text-serif-m layout-normal text-serif-m layout-padded\">I Russland har det v\u00e6rt ansett som sv\u00e6rt sannsynlig at langrennsl\u00f8peren Korostelev ville oppfylle vilk\u00e5rene. Han reiste allerede til Europa for flere dager siden for \u00e5 ha kort vei til Davos dersom det gr\u00f8nne lyset skulle komme.<\/p>\n<p class=\"_paragraph_o9xde_4 _paragraph_xtcu6_10 layout-component text-serif-m layout-normal text-serif-m layout-padded\">Onsdag skjedde nettopp det.<\/p>\n<p class=\"_paragraph_o9xde_4 _paragraph_xtcu6_10 layout-component text-serif-m layout-normal text-serif-m layout-padded\"> \u2013 Savelij er i Europa. Hvor han til slutt bestemte seg for \u00e5 oppholde seg \u2013 i Davos eller et annet sted \u2013 er fortsatt en hemmelighet. Vi \u00f8nsker ikke \u00e5 komme med noen un\u00f8dvendige kunngj\u00f8ringer; ut\u00f8veren b\u00f8r rolig forberede seg til de kommende konkurransene, sier trener Jegor Sorin til russiske <a href=\"https:\/\/matchtv.ru\/skiing\/matchtvnews_NI2276545_Lyzhnik_Korostelev_pribyl_v_Jevropu_gde_budet_ozhidat_reshenije_po_dopusku_ot_FIS_soobshhil_trener\" class=\"_link_o9xde_39\" rel=\"nofollow noopener\" target=\"_blank\">Match TV<\/a>.<\/p>\n<p>Sprint l\u00f8rdag<\/p>\n<p class=\"_paragraph_o9xde_4 _paragraph_xtcu6_10 layout-component text-serif-m layout-normal text-serif-m layout-padded\">Davos-rennene kommende helg innledes med lagsprint. Der kan russerne uansett ikke delta. Dermed er l\u00f8rdagens sprint i fri teknikk f\u00f8rste mulighet. Videre er det 10 kilometer fri teknikk i Sveits s\u00f8ndag.<\/p>\n<p class=\"_paragraph_o9xde_4 _paragraph_xtcu6_10 layout-component text-serif-m layout-normal text-serif-m layout-padded\">Ut\u00f8vere som mener de er aktuelle for \u00e5 bli tildelt status som n\u00f8ytrale, er blitt bedt om \u00e5 sende inn en s\u00f8knad til skitoppene i FIS.<\/p>\n<p class=\"_paragraph_o9xde_4 _paragraph_xtcu6_10 layout-component text-serif-m layout-normal text-serif-m layout-padded\">Hver ut\u00f8ver er s\u00e5 gjenstand for en bakgrunnssjekk utf\u00f8rt av en tredjepart. FIS-toppen Sandra Spitz sa tirsdag til svenske SVT at det her blant annet vurderes om innhold lagt ut p\u00e5 sosiale medier kan v\u00e6re i strid med n\u00f8ytralitetsprinsippene.<\/p>\n<p class=\"_paragraph_o9xde_4 _paragraph_xtcu6_10 layout-component text-serif-m layout-normal text-serif-m layout-padded\">\u2014 Vi m\u00e5 understreke at vi utelukkende snakker om frivillige b\u00e5nd til det milit\u00e6re \u2013 det vil si at ut\u00f8verne tjener penger p\u00e5 dette. Dette er fundamentalt viktig. Mange land har obligatorisk milit\u00e6rtjeneste som ikke kan unng\u00e5s. Slik tjeneste er ikke tatt med i v\u00e5r vurdering, sa Spitz.<\/p>\n<p class=\"_paragraph_o9xde_4 _paragraph_xtcu6_10 layout-component text-serif-m layout-normal text-serif-m layout-padded\">\u2013 Det m\u00e5 ogs\u00e5 v\u00e6re helt klart at vi ikke ser p\u00e5 informasjon fra 2014, men kun fra perioden som har g\u00e5tt siden krigen startet, la hun til.<\/p>\n<p class=\"_paragraph_o9xde_4 _paragraph_xtcu6_10 layout-component text-serif-m layout-normal text-serif-m layout-padded\">Tiden ble for knapp for at enkelte russere kunne delta under verdenscuprennene Trondheim sist helg, men til rennene i Davos til helgen var tiden p\u00e5 russernes side. <\/p>\n","protected":false},"excerpt":{"rendered":"Langrennsl\u00f8perne Savelij Korostelev og Darija Neprjajeva har f\u00e5tt gr\u00f8nt lys av Det internasjonale skiforbundet (FIS) til \u00e5 delta&hellip;\n","protected":false},"author":2,"featured_media":109237,"comment_status":"","ping_status":"","sticky":false,"template":"","format":"standard","meta":{"footnotes":""},"categories":[59],"tags":[1065,772,30,28,29,188,83,82],"class_list":{"0":"post-109236","1":"post","2":"type-post","3":"status-publish","4":"format-standard","5":"has-post-thumbnail","7":"category-sport","8":"tag-belarus","9":"tag-fis","10":"tag-no","11":"tag-norge","12":"tag-norway","13":"tag-russland","14":"tag-sport","15":"tag-sports"},"share_on_mastodon":{"url":"https:\/\/pubeurope.com\/@no\/115694902161366990","error":""},"_links":{"self":[{"href":"https:\/\/www.europesays.com\/no\/wp-json\/wp\/v2\/posts\/109236","targetHints":{"allow":["GET"]}}],"collection":[{"href":"https:\/\/www.europesays.com\/no\/wp-json\/wp\/v2\/posts"}],"about":[{"href":"https:\/\/www.europesays.com\/no\/wp-json\/wp\/v2\/types\/post"}],"author":[{"embeddable":true,"href":"https:\/\/www.europesays.com\/no\/wp-json\/wp\/v2\/users\/2"}],"replies":[{"embeddable":true,"href":"https:\/\/www.europesays.com\/no\/wp-json\/wp\/v2\/comments?post=109236"}],"version-history":[{"count":0,"href":"https:\/\/www.europesays.com\/no\/wp-json\/wp\/v2\/posts\/109236\/revisions"}],"wp:featuredmedia":[{"embeddable":true,"href":"https:\/\/www.europesays.com\/no\/wp-json\/wp\/v2\/media\/109237"}],"wp:attachment":[{"href":"https:\/\/www.europesays.com\/no\/wp-json\/wp\/v2\/media?parent=109236"}],"wp:term":[{"taxonomy":"category","embeddable":true,"href":"https:\/\/www.europesays.com\/no\/wp-json\/wp\/v2\/categories?post=109236"},{"taxonomy":"post_tag","embeddable":true,"href":"https:\/\/www.europesays.com\/no\/wp-json\/wp\/v2\/tags?post=109236"}],"curies":[{"name":"wp","href":"https:\/\/api.w.org\/{rel}","templated":true}]}}