{"id":109238,"date":"2025-12-10T10:57:17","date_gmt":"2025-12-10T10:57:17","guid":{"rendered":"https:\/\/www.europesays.com\/no\/109238\/"},"modified":"2025-12-10T10:57:17","modified_gmt":"2025-12-10T10:57:17","slug":"hvordan-stoppe-bruk-av-bistand-pa-gulltoaletter","status":"publish","type":"post","link":"https:\/\/www.europesays.com\/no\/109238\/","title":{"rendered":"\u2013 Hvordan stoppe bruk av bistand p\u00e5 \u00abgulltoaletter\u00bb?"},"content":{"rendered":"<p><strong>EU-utenrikssjef Kaja Kallas m\u00e5tte tirsdag svare for t\u00f8ffe sp\u00f8rsm\u00e5l fra EU-parlamentarikere om korrupsjon knyttet til Ukraina-bistand og hennes eget institusjon, etter at politiet nylig gjennomf\u00f8rte en razzia i hennes kontor i Brussel.<\/strong><\/p>\n<p>Det var under en h\u00f8ring i EU-parlamentet at Kallas\u00a0ble konfrontert med ubehagelige sp\u00f8rsm\u00e5l \u2013 b\u00e5de om hvordan milliarder av euro i st\u00f8tte til Ukraina brukes, og om p\u00e5stander om korrupsjon i hennes egen organisasjon.<\/p>\n<p><strong>AfD-politiker: \u2013 Hvordan hindre \u00abgulltoaletter\u00bb?<\/strong><\/p>\n<p>Det tyske AfD-parlamentsmedlemmet Alexander Sell stilte det kontroversielle sp\u00f8rsm\u00e5let direkte:<\/p>\n<p>\u2013\u00a0I lys av disse korrupsjonsanklager mot Zelenskyj, men ogs\u00e5 mot deres egen institusjon, sp\u00f8r jeg: hvordan har du tenkt \u00e5 sikre at de mange milliardene dere fortsatt vil sende til Kiev ikke blir brukt p\u00e5 gulltoaletter og dyre biler?<\/p>\n<p>Sell viste til at Kallas\u2019 forgjenger, Federica Mogherini, skal ha undersl\u00e5tt flere millioner euro, og at belgisk politi nylig gjennomf\u00f8rte en razzia p\u00e5 Kallas\u2019 kontor i Brussel.<\/p>\n<p><strong>190 milliarder euro til Ukraina tross korrupsjon<\/strong><\/p>\n<p>Siden krigens start har EU overf\u00f8rt over 190 milliarder euro av skattebetalernes penger til Kyiv, til tross for at Ukraina i \u00e5revis har v\u00e6rt kjent for \u00e5 ha alvorlige korrupsjonsproblemer.<\/p>\n<p>AfD-politikeren p\u00e5pekte at president Volodymyr Zelenskyj for to uker siden m\u00e5tte sparke sin stabssjef, og at han n\u00e5 g\u00e5r hardt ut mot anti-korrupsjonsbyr\u00e5er i Ukraina.<\/p>\n<p>\u2013\u00a0I de p\u00e5g\u00e5ende fredsforhandlingene motsetter Zelenskyj seg voldsomt en gjennomgang av hva bistandsbetalingene faktisk ble brukt til, sa Sell.<\/p>\n<p>H\u00f8ringens format forhindret Kallas fra \u00e5 gi et direkte svar p\u00e5 sp\u00f8rsm\u00e5let.<\/p>\n<p><strong>Forsvarte EU: \u2013 Vi er sv\u00e6rt frie og liberale<\/strong><\/p>\n<p>I stedet brukte Kallas store deler av sin taletid p\u00e5 \u00e5 forsvare EU mot kritikk fra USA, etter at Trump-administrasjonen bare dager f\u00f8r hadde publisert en knusende analyse av Europa.<\/p>\n<p>Det amerikanske dokumentet anklaget EU for \u00abaktiviteter som undergraver politisk frihet og suverenitet, migrasjonspolitikk som transformerer kontinentet og skaper konflikter, sensur av ytringsfrihet og undertrykkelse av politisk opposisjon.\u00bb<\/p>\n<p>En synlig irritert EU-parlamentariker siterte den amerikanske kritikken og spurte Kallas:<\/p>\n<p>\u2013\u00a0Jeg m\u00e5 si, p\u00e5 mine \u00e5r i politikken har jeg aldri opplevd noe i n\u00e6rheten av denne forn\u00e6rmende m\u00e5ten \u00e5 behandle en alliert p\u00e5. Hva sier du til det? Hva er konsekvensene? Hvilke verdier deler vi for tiden med en administrasjon som ikke st\u00f8tter Ukraina, som er en hindring for fred i Midt\u00f8sten?<\/p>\n<p><strong>Kallas: \u2013 Dette er latterlig og usant<\/strong><\/p>\n<p>Kallas avviste den amerikanske kritikken som grunnl\u00f8s:<\/p>\n<p>\u2013\u00a0Vi b\u00f8r v\u00e6re selvsikre fordi alle disse tingene \u2013 vi vet at de ikke er sanne. Det virker som det er laget for \u00e5 v\u00e6re en provokasjon slik at vi skal reagere, sa hun.<\/p>\n<p>\u2013\u00a0Vi vet at dette er latterlig. Det er ikke sant det de sier om EU. Jeg kommer fra et land som ikke hadde fri presse, som ikke hadde friheter. Jeg vet hva jeg snakker om. Jeg vet forskjellen fordi jeg har v\u00e6rt vitne til den andre siden. S\u00e5 jeg kan si at Europa er veldig fritt og veldig liberalt.<\/p>\n<p>Kallas viste til en artikkel i Financial Times som hun hevdet viste at problemene USA peker p\u00e5 \u00abikke er verre i Europa enn de er i Amerika.\u00bb<\/p>\n<p><strong>AfD: \u2013 Amerikansk analyse er korrekt<\/strong><\/p>\n<p>AfD-representanten tok kraftig avstand fra Kallas\u2019 forsvar av EU:<\/p>\n<p>\u2013\u00a0Jeg m\u00e5 si at jeg ikke kan forst\u00e5 denne irritasjonen ang\u00e5ende den amerikanske sikkerhetsstrategien, fordi analysen faktisk er korrekt. Europa er i ferd med \u00e5 selvdestruere gjennom en feilaktig migrasjonspolitikk, en feilaktig klimapolitikk som \u00f8delegger v\u00e5r industri og konkurranseevne, og ogs\u00e5 gjennom sensur som forhindrer demokratisk diskurs i Europa.<\/p>\n<p>Han la til at \u00abforholdet til Washington er utmerket\u00bb og at AfD, som han beskrev som det sterkeste partiet i Tyskland, neste uke skal reise til Washington med en stor delegasjon \u00abog har kontakter p\u00e5 h\u00f8yeste niv\u00e5.\u00bb<\/p>\n<p><strong>EU utelatt fra fredsforhandlinger<\/strong><\/p>\n<p>Parlamentarikeren p\u00e5pekte ogs\u00e5 at EU ikke er involvert i fredsforhandlingene om Ukraina:<\/p>\n<p>\u2013\u00a0Dessverre m\u00e5 vi erkjenne at EU ikke er involvert i fredsforhandlingene i Ukraina. Vi ble ikke spurt, og vi beklager dette fordi vi ogs\u00e5 tar til orde for et sterkt Europa og en sterk stemme p\u00e5 den internasjonale arenaen for Europa.<\/p>\n<p>Han viste til at den amerikanske spesialutsendingen Keith Kellogg nylig bes\u00f8kte Washington for forhandlinger, mens Kallas i Brussel fikk bes\u00f8k \u00abikke av amerikanerne eller russerne, men av det belgiske politiet.\u00bb<\/p>\n<p><strong>Ungarsk parlamentariker: \u2013 Hvor mange flere tap?<\/strong><\/p>\n<p>En ungarsk kvinnelig parlamentariker tok ogs\u00e5 ordet og fortalte en personlig historie:<\/p>\n<p>\u2013\u00a0Blant oss i rommet i dag er en annen ungarsk kvinne fra Karpatene, Martha Sebastian, som led et forferdelig tap i sommer. Hennes bror, Josef Sebastian, mistet livet p\u00e5 grunn av tvangsutskriving i Ukraina.<\/p>\n<p>Hun spurte: \u2013\u00a0Hvor mange flere uutholdelige tap m\u00e5 lokalbefolkningen t\u00e5le? Til tross for benektelsene forblir situasjonen uendret. Alle kan se i videoer eller i rapporten fra den ukrainske menneskerettighetskommiss\u00e6ren overgrepene beg\u00e5tt av rekrutteringsoffiserer.<\/p>\n<p><strong>Krevende tid for EU-diplomati<\/strong><\/p>\n<p>Tirsdagens h\u00f8ring illustrerer det enorme presset EU-ledelsen st\u00e5r overfor:<\/p>\n<ul class=\"wp-block-list\">\n<li><strong>Korrupsjonsbekymringer<\/strong>\u00a0knyttet b\u00e5de til Ukraina-bistand og EUs egne institusjoner<\/li>\n<li><strong>Diplomatisk krise<\/strong>\u00a0med USA under Trump-administrasjonen<\/li>\n<li><strong>Manglende innflytelse<\/strong>\u00a0i fredsforhandlingene om Ukraina<\/li>\n<li><strong>Intern splittelse<\/strong>\u00a0i EU om hvordan h\u00e5ndtere disse utfordringene<\/li>\n<\/ul>\n<p>H\u00f8ringen understreker de p\u00e5g\u00e5ende utfordringene med \u00e5 opprettholde ansvarlighet og tillit i h\u00f8yinnsats internasjonalt diplomati, mens milliarder av euro i skattepenger sendes til et land med kjente korrupsjonsproblemer.<\/p>\n<p>Verken Kallas\u2019 kontor eller EU-kommisjonen har kommentert korrupsjonsanklagene eller politirazziaen n\u00e6rmere.<\/p>\n<p>Artikkelen er basert p\u00e5  <a href=\"https:\/\/youtu.be\/QNYLeiXwSEg\" rel=\"nofollow noopener\" target=\"_blank\">transkripsjon <\/a>fra EU-parlamentets h\u00f8ring tirsdag.<\/p>\n","protected":false},"excerpt":{"rendered":"EU-utenrikssjef Kaja Kallas m\u00e5tte tirsdag svare for t\u00f8ffe sp\u00f8rsm\u00e5l fra EU-parlamentarikere om korrupsjon knyttet til Ukraina-bistand og hennes&hellip;\n","protected":false},"author":2,"featured_media":109239,"comment_status":"","ping_status":"","sticky":false,"template":"","format":"standard","meta":{"footnotes":""},"categories":[12],"tags":[5834,20,21,279,8623,24,25,15,9077,179,22,23,13,30,28,29,14,16,26,27,42,43,44,45,6495],"class_list":{"0":"post-109238","1":"post","2":"type-post","3":"status-publish","4":"format-standard","5":"has-post-thumbnail","7":"category-verden","8":"tag-afd","9":"tag-breaking-news","10":"tag-breakingnews","11":"tag-eu","12":"tag-eu-korrupsjon","13":"tag-featured-news","14":"tag-featurednews","15":"tag-headlines","16":"tag-kaja-kallas","17":"tag-krigen-i-ukraina","18":"tag-latest-news","19":"tag-latestnews","20":"tag-news","21":"tag-no","22":"tag-norge","23":"tag-norway","24":"tag-nyheter","25":"tag-overskrifter","26":"tag-top-stories","27":"tag-topstories","28":"tag-verden","29":"tag-world","30":"tag-world-news","31":"tag-worldnews","32":"tag-zelenskyj"},"share_on_mastodon":{"url":"https:\/\/pubeurope.com\/@no\/115694917696829340","error":""},"_links":{"self":[{"href":"https:\/\/www.europesays.com\/no\/wp-json\/wp\/v2\/posts\/109238","targetHints":{"allow":["GET"]}}],"collection":[{"href":"https:\/\/www.europesays.com\/no\/wp-json\/wp\/v2\/posts"}],"about":[{"href":"https:\/\/www.europesays.com\/no\/wp-json\/wp\/v2\/types\/post"}],"author":[{"embeddable":true,"href":"https:\/\/www.europesays.com\/no\/wp-json\/wp\/v2\/users\/2"}],"replies":[{"embeddable":true,"href":"https:\/\/www.europesays.com\/no\/wp-json\/wp\/v2\/comments?post=109238"}],"version-history":[{"count":0,"href":"https:\/\/www.europesays.com\/no\/wp-json\/wp\/v2\/posts\/109238\/revisions"}],"wp:featuredmedia":[{"embeddable":true,"href":"https:\/\/www.europesays.com\/no\/wp-json\/wp\/v2\/media\/109239"}],"wp:attachment":[{"href":"https:\/\/www.europesays.com\/no\/wp-json\/wp\/v2\/media?parent=109238"}],"wp:term":[{"taxonomy":"category","embeddable":true,"href":"https:\/\/www.europesays.com\/no\/wp-json\/wp\/v2\/categories?post=109238"},{"taxonomy":"post_tag","embeddable":true,"href":"https:\/\/www.europesays.com\/no\/wp-json\/wp\/v2\/tags?post=109238"}],"curies":[{"name":"wp","href":"https:\/\/api.w.org\/{rel}","templated":true}]}}