{"id":109240,"date":"2025-12-10T10:58:10","date_gmt":"2025-12-10T10:58:10","guid":{"rendered":"https:\/\/www.europesays.com\/no\/109240\/"},"modified":"2025-12-10T10:58:10","modified_gmt":"2025-12-10T10:58:10","slug":"lovstakklien-nyheter-fremmed-mann-skal-ha-kommet-inn-pa-soverommet-til-jente-17","status":"publish","type":"post","link":"https:\/\/www.europesays.com\/no\/109240\/","title":{"rendered":"L\u00f8vstakklien, Nyheter | Fremmed mann skal ha kommet inn p\u00e5 soverommet til jente (17)"},"content":{"rendered":"\n<p>Klokken 0924 fikk politiet melding fra en 17 \u00e5r gammel jente i L\u00f8vstakklien.<\/p>\n<p>Hun hadde oppdaget en fremmed mann i huset sitt, if\u00f8lge operasjonsleder Knut Dahl-Michelsen i Vest politidistrikt.<\/p>\n<p>Mannen skal ha forsvunnet da han ble oppdaget.<\/p>\n<p>\u2013 Spurte etter toalettet<\/p>\n<p>Dahl-Michelsen forklarer at mannen skal ha kommet helt inn p\u00e5 soverommet til jenten. <\/p>\n<p>\u2013 Han hadde spurt etter toalettet, for s\u00e5 \u00e5 forsvinne fra stedet med en gang.<\/p>\n<p>Mannen skal ikke ha blitt fysisk mot jenten.<\/p>\n<p>Ikke funnet<\/p>\n<p>Politiet lette etter mannen i omr\u00e5det, men har per klokken 1023 ikke funnet ham.<\/p>\n<p>\u2013 Han skal v\u00e6re if\u00f8rt svarte kl\u00e6r og en svart bag. Fremsto ruset, opplyste Dahl-Michelsen tidligere.<\/p>\n<p>D\u00f8ren til huset har sannsynligvis ha st\u00e5tt \u00e5pen, if\u00f8lge politiet. Det er forel\u00f8pig ikke opplysninger om at noe er stj\u00e5let.<\/p>\n","protected":false},"excerpt":{"rendered":"Klokken 0924 fikk politiet melding fra en 17 \u00e5r gammel jente i L\u00f8vstakklien. Hun hadde oppdaget en fremmed&hellip;\n","protected":false},"author":2,"featured_media":1615,"comment_status":"","ping_status":"","sticky":false,"template":"","format":"standard","meta":{"footnotes":""},"categories":[10],"tags":[36,20,21,24,25,15,22,23,13494,13,30,28,29,14,16,468,1510,26,27],"class_list":{"0":"post-109240","1":"post","2":"type-post","3":"status-publish","4":"format-standard","5":"has-post-thumbnail","7":"category-norge","8":"tag-art","9":"tag-breaking-news","10":"tag-breakingnews","11":"tag-featured-news","12":"tag-featurednews","13":"tag-headlines","14":"tag-latest-news","15":"tag-latestnews","16":"tag-lovstakklien","17":"tag-news","18":"tag-no","19":"tag-norge","20":"tag-norway","21":"tag-nyheter","22":"tag-overskrifter","23":"tag-politiet","24":"tag-story","25":"tag-top-stories","26":"tag-topstories"},"share_on_mastodon":{"url":"https:\/\/pubeurope.com\/@no\/115694921553583209","error":""},"_links":{"self":[{"href":"https:\/\/www.europesays.com\/no\/wp-json\/wp\/v2\/posts\/109240","targetHints":{"allow":["GET"]}}],"collection":[{"href":"https:\/\/www.europesays.com\/no\/wp-json\/wp\/v2\/posts"}],"about":[{"href":"https:\/\/www.europesays.com\/no\/wp-json\/wp\/v2\/types\/post"}],"author":[{"embeddable":true,"href":"https:\/\/www.europesays.com\/no\/wp-json\/wp\/v2\/users\/2"}],"replies":[{"embeddable":true,"href":"https:\/\/www.europesays.com\/no\/wp-json\/wp\/v2\/comments?post=109240"}],"version-history":[{"count":0,"href":"https:\/\/www.europesays.com\/no\/wp-json\/wp\/v2\/posts\/109240\/revisions"}],"wp:featuredmedia":[{"embeddable":true,"href":"https:\/\/www.europesays.com\/no\/wp-json\/wp\/v2\/media\/1615"}],"wp:attachment":[{"href":"https:\/\/www.europesays.com\/no\/wp-json\/wp\/v2\/media?parent=109240"}],"wp:term":[{"taxonomy":"category","embeddable":true,"href":"https:\/\/www.europesays.com\/no\/wp-json\/wp\/v2\/categories?post=109240"},{"taxonomy":"post_tag","embeddable":true,"href":"https:\/\/www.europesays.com\/no\/wp-json\/wp\/v2\/tags?post=109240"}],"curies":[{"name":"wp","href":"https:\/\/api.w.org\/{rel}","templated":true}]}}