{"id":109261,"date":"2025-12-10T11:24:33","date_gmt":"2025-12-10T11:24:33","guid":{"rendered":"https:\/\/www.europesays.com\/no\/109261\/"},"modified":"2025-12-10T11:24:33","modified_gmt":"2025-12-10T11:24:33","slug":"erling-braut-haaland-apner-opp-i-podcast","status":"publish","type":"post","link":"https:\/\/www.europesays.com\/no\/109261\/","title":{"rendered":"Erling Braut Haaland \u00e5pner opp i podcast"},"content":{"rendered":"\n<p class=\"_lead_o9xde_2 _lead_xtcu6_50 layout-component text-serif-m layout-normal text-serif-l layout-component layout-wide layout-padded _wide_17hqh_1 layout-padded\">J\u00e6rbuen \u00e5pner opp i et stort intervju. <\/p>\n<p><img alt=\"Erling Braut Haaland sammen med kj\u00e6resten  Isabel Haugseng Johansen etter at City vant ligaen i 2023. Foto: Bj\u00f8rn S. Delebekk \/ VG\" class=\"_image_qp4xg_65 layout-component layout-wide\" data-fullscreen- data-track-element-type=\"Article image fullscreen\" data-track-name=\"ImageFullscreen\" fetchpriority=\"high\" decoding=\"sync\" loading=\"eager\" height=\"2937\" itemprop=\"image\"  src=\"https:\/\/www.europesays.com\/no\/wp-content\/uploads\/2025\/12\/98e879d3-6ad2-41c4-8c6f-05a0e31c9463\"  style=\"object-position:0% 0%\" width=\"3927\"\/>Erling Braut Haaland sammen med kj\u00e6resten  Isabel Haugseng Johansen etter at City vant ligaen i 2023. Foto: Bj\u00f8rn S. Delebekk \/ VG<\/p>\n<ul aria-hidden=\"true\" class=\"_images_ntbth_112\">\n<li><a class=\"_link_ntbth_117\" href=\"https:\/\/www.vg.no\/forfatter\/andreas-almli\" style=\"z-index:1\" title=\"Andreas Almli\" rel=\"nofollow noopener\" target=\"_blank\"><img alt=\"Bilde av Andreas Almli\" class=\"_image_ntbth_93\" fetchpriority=\"low\" loading=\"lazy\" decoding=\"async\" itemprop=\"image\"  src=\"https:\/\/www.europesays.com\/no\/wp-content\/uploads\/2025\/12\/1765365873_401_375927d7-c3ac-45fd-a424-5db85cd85b8f\"  width=\"480\"\/><\/a><\/li>\n<\/ul>\n<p> Oppdatert onsdag 10. desember kl. 09:59    <\/p>\n<ul class=\"_list_o9xde_3 _list_64s2r_85 _unordered_o9xde_106 text-sans-m\">\n<li class=\"_item_o9xde_30\">Erling Braut Haaland \u00e5pner opp om livet som City-spiss i podkasten \u00abThe Rest Is Football\u00bb.<\/li>\n<li class=\"_item_o9xde_30\">Han deler tanker om presset, VM-dr\u00f8mmen og betydningen av \u00e5 sl\u00e5 Alan Shearers m\u00e5lrekord.<\/li>\n<li class=\"_item_o9xde_30\">Haaland forteller ogs\u00e5 om privatlivet og hvordan kj\u00e6resten Isabel Haugseng Johansen setter ned foten ang\u00e5ende fotball.<\/li>\n<\/ul>\n<p>Vis mer <\/p>\n<p class=\"_paragraph_o9xde_4 _paragraph_xtcu6_10 layout-component text-serif-m layout-normal text-serif-m layout-padded\"><a href=\"https:\/\/www.vg.no\/tag\/erling-braut-haaland?utm_source=vg-article&amp;utm_medium=auto-tagger&amp;utm_campaign=XMwa0b\" class=\"_link_o9xde_39\" rel=\"nofollow noopener\" target=\"_blank\">Erling Braut Haaland<\/a> gjestet nylig podkasten <a href=\"https:\/\/open.spotify.com\/show\/2fDn3EgvJZ5J1k5rrBwrlZ\" class=\"_link_o9xde_39\" rel=\"nofollow noopener\" target=\"_blank\">\u00abThe Rest Is Football\u00bb<\/a> sammen med Gary LinekerGary LinekerTidligere engelsk fotballspiller. og Alan ShearerAlan ShearerTidligere engelsk fotballspiller. Banket inn 148 m\u00e5l for Newcastle. .<\/p>\n<p class=\"_paragraph_o9xde_4 _paragraph_xtcu6_10 layout-component text-serif-m layout-normal text-serif-m layout-padded\">J\u00e6rbuen forteller \u00e5penhjertig om livet som City-spiss, presset rundt ham og om den store VM-dr\u00f8mmen som ble oppfylt for kort tid siden.<\/p>\n<p class=\"_paragraph_o9xde_4 _paragraph_xtcu6_10 layout-component text-serif-m layout-normal text-serif-m layout-padded\">\u2013 Var du noen gang redd for at du aldri skulle f\u00e5 denne muligheten? spurte Lineker.<\/p>\n<p class=\"_paragraph_o9xde_4 _paragraph_xtcu6_10 layout-component text-serif-m layout-normal text-serif-m layout-padded\">\u2013 Ja. Det er vanskelig \u00e5 kvalifisere seg, spesielt som \u00e5rene g\u00e5r. N\u00e5r \u00e5rene g\u00e5r uten mesterskap tenker man: hva er det som ikke funker? Jeg har f\u00f8lt p\u00e5 presset s\u00e5 lenge, erkjenner 25-\u00e5ringen.<\/p>\n<p class=\"_paragraph_o9xde_4 _paragraph_xtcu6_10 layout-component text-serif-m layout-normal text-serif-m layout-padded\">Han trekker frem at han har levd hele livet uten at Norge har v\u00e6rt i et mesterskap, og at det har v\u00e6rt en motivasjon i veien mot en VM-billett. <\/p>\n<p class=\"_paragraph_o9xde_4 _paragraph_xtcu6_10 layout-component text-serif-m layout-normal text-serif-m layout-padded\">Haaland forteller videre om hvordan livet er utenfor fotballbanen, og g\u00e5r inn p\u00e5 en historie fra hjemmet hvor han ville se Manchester United mot West Ham hjemme i stua.<\/p>\n<p class=\"_paragraph_o9xde_4 _paragraph_xtcu6_10 layout-component text-serif-m layout-normal text-serif-m layout-padded\">Da skal kj\u00e6resten Isabel Haugseng Johansen satt ned foten. <\/p>\n<p class=\"_paragraph_o9xde_4 _paragraph_xtcu6_10 layout-component text-serif-m layout-normal text-serif-m layout-padded\">\u2013 Hun sa at hun er s\u00e5 lei av fotball. Vi ser p\u00e5 det hele tiden. Da sa jeg \u00abJa, men det er derfor vi sitter her\u00bb, forteller Haaland med et smil.<\/p>\n<p class=\"_paragraph_o9xde_4 _paragraph_xtcu6_10 layout-component text-serif-m layout-normal text-serif-m layout-padded\">25-\u00e5ringen er videre \u00e5pen om livet p\u00e5 hjemmebane, og hvordan han hele barndommen s\u00e5 opp til faren som ogs\u00e5 spilte for Manchester City. <\/p>\n<p class=\"_paragraph_o9xde_4 _paragraph_xtcu6_10 layout-component text-serif-m layout-normal text-serif-m layout-padded\">Podkast-vert Lineker poengterer tidlig i episoden at de tre i rommet har over 1000 m\u00e5l til sammen. <\/p>\n<p class=\"_paragraph_o9xde_4 _paragraph_xtcu6_10 layout-component text-serif-m layout-normal text-serif-m layout-padded\">Haaland slo nylig en 30 \u00e5r gammel rekord som var satt av nettopp Alan Shearer. <\/p>\n<p class=\"_paragraph_o9xde_4 _paragraph_xtcu6_10 layout-component text-serif-m layout-normal text-serif-m layout-padded\"><strong class=\"_strong_o9xde_25\">25-\u00e5ringen banket inn 100 m\u00e5l p\u00e5 111 kamper, mens Shearer brukte 124 kamper p\u00e5 \u00e5 n\u00e5 100-m\u00e5lsgrensen.<\/strong><\/p>\n<p class=\"_paragraph_o9xde_4 _paragraph_xtcu6_10 layout-component text-serif-m layout-normal text-serif-m layout-padded\">Se m\u00e5let her:<\/p>\n<p class=\"_paragraph_o9xde_4 _paragraph_xtcu6_10 layout-component text-serif-m layout-normal text-serif-m layout-padded\">N\u00e5r Shearer sp\u00f8r hvor irriterende det er \u00e5 bli tatt av etter to m\u00e5l, svarer j\u00e6rbuen \u00e6rlig om lysten p\u00e5 flere scoringer.<\/p>\n<p class=\"_paragraph_o9xde_4 _paragraph_xtcu6_10 layout-component text-serif-m layout-normal text-serif-m layout-padded\">Men 25-\u00e5ringen forklarer ogs\u00e5 hvorfor han holder igjen irritasjonen.<\/p>\n<p class=\"_paragraph_o9xde_4 _paragraph_xtcu6_10 layout-component text-serif-m layout-normal text-serif-m layout-padded\">\u2013 Det hadde v\u00e6rt skikkelig respektl\u00f8st mot den som byttes inn om jeg var forbanna. Det er det siste jeg vil v\u00e6re, sier han.<\/p>\n<p class=\"_paragraph_o9xde_4 _paragraph_xtcu6_10 layout-component text-serif-m layout-normal text-serif-m layout-padded\">Haaland forteller videre om presset han lever under, hvor det forventes at han scorer hver gang han entrer matten.<\/p>\n<p class=\"_paragraph_o9xde_4 _paragraph_xtcu6_10 layout-component text-serif-m layout-normal text-serif-m layout-padded\">\u2013 Jeg er spissen til City, jeg m\u00e5 score m\u00e5l. Om ikke m\u00e5 de erstatte meg, fordi om jeg ikke leverer m\u00e5lene, og det de trenger, m\u00e5 de erstatte meg. Det er et press p\u00e5 meg om \u00e5 levere og gj\u00f8re jobben.<\/p>\n<p class=\"_paragraph_o9xde_4 _paragraph_xtcu6_10 layout-component text-serif-m layout-normal text-serif-m layout-padded\">Da j\u00e6rbuen fikk muligheten til \u00e5 signere for City, erkjenner han at muligheten til \u00e5 spille i Premier League og under Pep Guardiola var sentrale faktorer.<\/p>\n<p class=\"_paragraph_o9xde_4 _paragraph_xtcu6_10 layout-component text-serif-m layout-normal text-serif-m layout-padded\">\u2013 Folk snakker om geniet hele tiden. For meg var det arbeidsmoralen som overrasket meg mest. Han er den mest hardtarbeidende i klubben. Den f\u00f8rste som kommer og siste som forlater treningsanlegget.<\/p>\n","protected":false},"excerpt":{"rendered":"J\u00e6rbuen \u00e5pner opp i et stort intervju. Erling Braut Haaland sammen med kj\u00e6resten Isabel Haugseng Johansen etter at&hellip;\n","protected":false},"author":2,"featured_media":109262,"comment_status":"","ping_status":"","sticky":false,"template":"","format":"standard","meta":{"footnotes":""},"categories":[5],"tags":[20,21,810,24,25,15,19,22,23,17,18,671,13,30,28,29,14,16,161,26,27],"class_list":{"0":"post-109261","1":"post","2":"type-post","3":"status-publish","4":"format-standard","5":"has-post-thumbnail","7":"category-overskrifter","8":"tag-breaking-news","9":"tag-breakingnews","10":"tag-erling-braut-haaland","11":"tag-featured-news","12":"tag-featurednews","13":"tag-headlines","14":"tag-hovedoppslag","15":"tag-latest-news","16":"tag-latestnews","17":"tag-main-news","18":"tag-mainnews","19":"tag-manchester-city","20":"tag-news","21":"tag-no","22":"tag-norge","23":"tag-norway","24":"tag-nyheter","25":"tag-overskrifter","26":"tag-premier-league","27":"tag-top-stories","28":"tag-topstories"},"share_on_mastodon":{"url":"https:\/\/pubeurope.com\/@no\/115695023967260741","error":""},"_links":{"self":[{"href":"https:\/\/www.europesays.com\/no\/wp-json\/wp\/v2\/posts\/109261","targetHints":{"allow":["GET"]}}],"collection":[{"href":"https:\/\/www.europesays.com\/no\/wp-json\/wp\/v2\/posts"}],"about":[{"href":"https:\/\/www.europesays.com\/no\/wp-json\/wp\/v2\/types\/post"}],"author":[{"embeddable":true,"href":"https:\/\/www.europesays.com\/no\/wp-json\/wp\/v2\/users\/2"}],"replies":[{"embeddable":true,"href":"https:\/\/www.europesays.com\/no\/wp-json\/wp\/v2\/comments?post=109261"}],"version-history":[{"count":0,"href":"https:\/\/www.europesays.com\/no\/wp-json\/wp\/v2\/posts\/109261\/revisions"}],"wp:featuredmedia":[{"embeddable":true,"href":"https:\/\/www.europesays.com\/no\/wp-json\/wp\/v2\/media\/109262"}],"wp:attachment":[{"href":"https:\/\/www.europesays.com\/no\/wp-json\/wp\/v2\/media?parent=109261"}],"wp:term":[{"taxonomy":"category","embeddable":true,"href":"https:\/\/www.europesays.com\/no\/wp-json\/wp\/v2\/categories?post=109261"},{"taxonomy":"post_tag","embeddable":true,"href":"https:\/\/www.europesays.com\/no\/wp-json\/wp\/v2\/tags?post=109261"}],"curies":[{"name":"wp","href":"https:\/\/api.w.org\/{rel}","templated":true}]}}