{"id":109265,"date":"2025-12-10T11:26:16","date_gmt":"2025-12-10T11:26:16","guid":{"rendered":"https:\/\/www.europesays.com\/no\/109265\/"},"modified":"2025-12-10T11:26:16","modified_gmt":"2025-12-10T11:26:16","slug":"alix-earle-og-braxton-berrios-arsaken-til-bruddet-avslort","status":"publish","type":"post","link":"https:\/\/www.europesays.com\/no\/109265\/","title":{"rendered":"Alix Earle og Braxton Berrios: \u00c5rsaken til bruddet avsl\u00f8rt"},"content":{"rendered":"<p class=\"kicker \" style=\"\">Alix Earle:\u00a0<\/p>\n<p>  For kort tid siden meldte flere medier at influenseren Alix Earle og kj\u00e6resten hadde gjort det slutt. N\u00e5 kommer detaljer om \u00e5rsaken.\u00a0<\/p>\n<p>\n    TOK SLUTT: Influenseren Alix Earle og NFL-spilleren Braxton Berrios skal ha gjort det slutt etter to \u00e5r sammen. N\u00e5 kommer flere detaljer om \u00e5rsaken til bruddet. Foto: Instagram \/ @alixearle\n  <\/p>\n<p>I starten av desember kom nyheten om at TikTok-stjernen\u00a0<a href=\"https:\/\/www.seher.no\/kjendis\/refses-etter-dette\/82833909\" rel=\"nofollow noopener\" target=\"_blank\">Alix Earle (24)<\/a>\u00a0og NFL-spilleren Braxton Berrios (30) har gjort det slutt etter over to \u00e5r sammen.<\/p>\n<p>    <a itemprop=\"url\" href=\"https:\/\/www.seher.no\/kjendis\/danset-naken-pa-scenen\/80722126\" rel=\"nofollow noopener\" target=\"_blank\"><\/p>\n<p>        <img loading=\"lazy\" decoding=\"async\" src=\"https:\/\/www.europesays.com\/no\/wp-content\/uploads\/2025\/12\/80722897.webp\" width=\"147\" height=\"98\" title=\"Danset naken p\u00e5 scenen\" alt=\"\" class=\"lazyload\" style=\"--aspect-ratio-image: 1.50; \"\/><\/p>\n<p>        Danset naken p\u00e5 scenen<\/p>\n<p>    <\/a><\/p>\n<p>Flere kilder bekreftet til\u00a0<a href=\"https:\/\/people.com\/alix-earle-braxton-berrios-break-up-after-2-years-of-dating-11802418\" rel=\"nofollow noopener\" target=\"_blank\">People<\/a>\u00a0at paret nylig gikk hver til sitt, og at bruddet var gjensidig. Bruddet ble ogs\u00e5 bekreftet av kilder til\u00a0<a href=\"https:\/\/www.usmagazine.com\/celebrity-news\/news\/alix-earle-and-braxton-berrios-split-after-nearly-2-years-together-excl\/\" rel=\"nofollow noopener\" target=\"_blank\">Us Weekly<\/a>.\u00a0<\/p>\n<p class=\"font-weight-bold m-font-weight-bold\" data-lab-font_weight=\"font-weight-bold\">N\u00e5 deler <a href=\"https:\/\/www.usmagazine.com\/celebrity-news\/news\/inside-alix-earle-and-braxton-berrios-split-what-went-wrong-excl\/\" rel=\"nofollow noopener\" target=\"_blank\">US Weekly<\/a> flere detaljer om hva som skal v\u00e6re \u00e5rsaken til bruddet.\u00a0<\/p>\n<p>        IKKE VENNER: Sebastian Solberg g\u00e5r hardt ut mot sine meddeltakere i den kommende sesongen av \u00abSpillet\u00bb. Influenseren r\u00f8per ogs\u00e5 hvorfor, like f\u00f8r \u00e9n av dem avbryter intervjuet med en uhyggelig beskjed. Reporter: Thea Hope. Video: Nora Skavhaug. \u00abSpillet\u00bb \/ TV2.<\/p>\n<p>Bruddrykter\t<\/p>\n<p data-lab-font_weight=\"\">Bruddryktene begynte \u00e5 svirre allerede i september, da Alix startet deltakelsen i dansekonkurransen \u00abDancing with the Stars\u00bb.\u00a0\u00a0<\/p>\n<p>    <a itemprop=\"url\" href=\"https:\/\/www.seher.no\/kjendis\/bekrefter-endelig-forholdet\/80534341\" rel=\"nofollow noopener\" target=\"_blank\"><\/p>\n<p>        <img loading=\"lazy\" decoding=\"async\" src=\"https:\/\/www.europesays.com\/no\/wp-content\/uploads\/2025\/12\/80535343.webp\" width=\"980\" height=\"441\" title=\"Bekrefter endelig forholdet\" alt=\"\" class=\"lazyload\" style=\"--aspect-ratio-image: 2.22; \"\/><\/p>\n<p>        Bekrefter endelig forholdet<\/p>\n<p>    <\/a><\/p>\n<p data-lab-font_weight=\"\"> Alix og dansepartneren Val Chmerkovskiy (39) kom helt til finalen, men endte p\u00e5 en annenplass etter <a href=\"https:\/\/www.seher.no\/kjendis\/romanseryktene-svirrer\/83902884\" rel=\"nofollow noopener\" target=\"_blank\">Robert Irwin (22)<\/a> og Witney Carson (32).<\/p>\n<p data-lab-font_weight=\"font-weight-bold\" class=\"font-weight-bold m-font-weight-bold\">I l\u00f8pet av de tre m\u00e5nedene hun deltok var ikke Braxton \u00e5 se i salen en eneste gang.\u00a0 Gjennom hele sesongen viste Alix til NFL-forpliktelsene hans, for \u00e5 forklare frav\u00e6ret.<\/p>\n<p>        <img loading=\"lazy\" decoding=\"async\" src=\"https:\/\/www.europesays.com\/no\/wp-content\/uploads\/2025\/12\/83964105.webp\" width=\"686\" height=\"892\" title=\"FORELSKA: Alix kalte Braxton for \u00abNFL-man\u00bb i starten av forholdet, da hun fremdeles ikke hadde delt navnet p\u00e5 hvem hun datet offentlig. Foto: Instagram \/ @alixearle\" alt=\"\" class=\"\" style=\"--aspect-ratio-image: 0.77; \"\/><\/p>\n<p>\n        FORELSKA: Alix kalte Braxton for \u00abNFL-man\u00bb i starten av forholdet, da hun fremdeles ikke hadde delt navnet p\u00e5 hvem hun datet offentlig. Foto: Instagram \/ @alixearle\n    <\/p>\n<p>        <img loading=\"lazy\" decoding=\"async\" src=\"https:\/\/www.europesays.com\/no\/wp-content\/uploads\/2025\/12\/83963924.webp\" width=\"686\" height=\"844\" title=\"GLIMRET: Det ble raskt lagt merke til at Alix' kj\u00e6reste ikke var tilstede i salen for \u00e5 se henne danse. Frav\u00e6ret ble begrunnet med at Braxton ikke kunne forlate trening i Houston. Her avbildet i oktober. Foto: Erik Williams\/ZUMA Press Wire\/Shutterstock\/NTB\" alt=\"\" class=\"\" style=\"--aspect-ratio-image: 0.81; \"\/><\/p>\n<p>\n        GLIMRET: Det ble raskt lagt merke til at Alix&#8217; kj\u00e6reste ikke var tilstede i salen for \u00e5 se henne danse. Frav\u00e6ret ble begrunnet med at Braxton ikke kunne forlate trening i Houston. Her avbildet i oktober. Foto: Erik Williams\/ZUMA Press Wire\/Shutterstock\/NTB\n    <\/p>\n<p>Braxton, som spiller for det amerikanske fotballaget Houston Texans og er bosatt i Houston, hadde en hjemmekamp 20. november og deretter en bortekamp s\u00f8ndag 23. november, if\u00f8lger <a href=\"https:\/\/pagesix.com\/2025\/12\/01\/celebrity-news\/alix-earle-responds-to-braxton-berrios-breakup-rumors-after-athlete-skipped-dwts-finale\/\" rel=\"nofollow noopener\" target=\"_blank\">PageSix<\/a>.\u00a0<\/p>\n<p>Den tre timer lange finalen av dansekonkurransen ble spilt inn 25. november i Los Angeles.<\/p>\n<p>        \u00abSKAL VI DANSE\u00bb: Vi har tatt en titt p\u00e5 noen av de villeste \u00f8yeblikkene fra inn- og utland. Video: \u00abDancing with the Stars\u00bb\/ABC, \u00abSkal vi danse\u00bb\/TV 2, \u00abLet&#8217;s Dance\u00bb &#8211; TV 4, \u00abBailando por un Sue\u00f1o\u00bb &#8211; El Trece.<\/p>\n<p data-lab-font_weight=\"\">I en video p\u00e5 <a href=\"https:\/\/www.tiktok.com\/@alixearle\/video\/7577944541429255455\" rel=\"nofollow noopener\" target=\"_blank\">TikTok<\/a> fra 1. desember skriver en f\u00f8lger: \u00abUff, jeg h\u00e5per at du og Braxton fortsatt er sammen\u00bb, hvor Alix svarte: \u00abHan kunne ikke komme fordi han har fotball :(\u00bb. <\/p>\n<p><b>\u00c5pner opp om \u00e5rsaken<\/b>\t<\/p>\n<p>En anonym kilde n\u00e6r paret forteller til US Weekly at \u00e5rsaken til bruddet har ulmet lenge.\u00a0<\/p>\n<p class=\"font-weight-bold m-font-weight-bold\" data-lab-font_weight=\"font-weight-bold\">&#8211; Avstanden var en stor faktor. Hun vil veldig gjerne tilbringe mer tid i Los Angeles, mens Braxton bor i Florida.<\/p>\n<p>        <img loading=\"lazy\" decoding=\"async\" src=\"https:\/\/www.europesays.com\/no\/wp-content\/uploads\/2025\/12\/83964221.webp\" width=\"686\" height=\"762\" title=\"KJENDISTUNGT: Etter deltakelsen i \u00abDWTS\u00bb reiste Alix rett til Miami for \u00e5 arrangere en promofest for alkoholmerket sitt, den 5. desember. Her med YouTuber David Dobrik (29). Foto: Jason Sean Weiss\/BFA.com\/Shutterstock\/NTB\" alt=\"\" class=\"\" style=\"--aspect-ratio-image: 0.90; \"\/><\/p>\n<p>\n        KJENDISTUNGT: Etter deltakelsen i \u00abDWTS\u00bb reiste Alix rett til Miami for \u00e5 arrangere en promofest for alkoholmerket sitt, den 5. desember. Her med YouTuber David Dobrik (29). Foto: Jason Sean Weiss\/BFA.com\/Shutterstock\/NTB\n    <\/p>\n<p>Braxton skal etter planen v\u00e6re bosatt i Houston frem til neste \u00e5r, og han eier et hus i Miami. Alix har omtalt LA som et midlertidig stopp under \u00abDancing with the Stars\u00bb, til <a href=\"https:\/\/people.com\/alix-earle-hosts-serving-in-heels-event-with-dancing-with-the-stars-cast-11854083\" rel=\"nofollow noopener\" target=\"_blank\">People<\/a>.\u00a0<\/p>\n<p>&#8211; Jo mer tid de tilbrakte fra hverandre, jo mer inns\u00e5 de at de vokste fra hverandre som par, sier kilden og fortsetter:\u00a0<\/p>\n<p class=\"font-weight-bold m-font-weight-bold\" data-lab-font_weight=\"font-weight-bold\">&#8211; Alix er n\u00e5 fokusert p\u00e5 sitt nye kapittel. Hun er i str\u00e5lende hum\u00f8r og har det g\u00f8y med vennene sine.<\/p>\n<p>        F\u00c5R HAKESLEPP: TV 2-profilen f\u00e5r hakeslepp av eget pengeforbuk n\u00e5r hun sjekker bankappen. Reporter: Sanne Holt. Video: Victoria L\u00f8vik\/ Sanne Holt\/ R\u00f8d L\u00f8per<\/p>\n<p>&#8211; Avkreftet ryktene\t<\/p>\n<p>Bare timer etter at nyheten om bruddet ble kjent, gikk et skjermbilde viralt i sosiale medier. Det meldte blant annet <a href=\"https:\/\/pagesix.com\/2025\/12\/08\/celebrity-news\/alix-earle-responds-to-rumors-giants-quarterback-jaxson-dart-slid-into-her-dms\/#\" rel=\"nofollow noopener\" target=\"_blank\">PageSix<\/a>.\u00a0<\/p>\n<p>Bildet s\u00e5 ut til \u00e5 stamme fra \u00abn\u00e6re venner-historien\u00bb til Alix p\u00e5 Instagram, og viste at nok en NFL-stjerne angivelig hadde tatt kontakt med henne.\u00a0<\/p>\n<p>        <img loading=\"lazy\" decoding=\"async\" src=\"https:\/\/www.europesays.com\/no\/wp-content\/uploads\/2025\/12\/83963571.webp\" width=\"686\" height=\"995\" title=\"MANIPULERT: Dette skjermbildet gikk viralt bare timer etter at bruddet ble meldt av flere medier. Alix bekreftet kort tid etter at det var falskt. Foto: X \/ @thechicagosares\" alt=\"\" class=\"\" style=\"--aspect-ratio-image: 0.69; \"\/><\/p>\n<p>\n        MANIPULERT: Dette skjermbildet gikk viralt bare timer etter at bruddet ble meldt av flere medier. Alix bekreftet kort tid etter at det var falskt. Foto: X \/ @thechicagosares\n    <\/p>\n<p>        <img loading=\"lazy\" decoding=\"async\" src=\"https:\/\/www.europesays.com\/no\/wp-content\/uploads\/2025\/12\/83963860.webp\" width=\"686\" height=\"789\" title=\"BLANDET INN: Et falskt skjermbilde som viste Jaxson Dart sende en fl\u00f8rtete melding til influenseren fikk mye oppmerksomhet p\u00e5 kort tid. Dart har ikke uttalt seg om bildet. Her fra 1. desember i \u00e5r. Foto: Maddie Myer \/ Getty Images via AFP \/ NTB\" alt=\"\" class=\"\" style=\"--aspect-ratio-image: 0.87; \"\/><\/p>\n<p>\n        BLANDET INN: Et falskt skjermbilde som viste Jaxson Dart sende en fl\u00f8rtete melding til influenseren fikk mye oppmerksomhet p\u00e5 kort tid. Dart har ikke uttalt seg om bildet. Her fra 1. desember i \u00e5r. Foto: Maddie Myer \/ Getty Images via AFP \/ NTB\n    <\/p>\n<p class=\"font-weight-light m-font-weight-light\" data-lab-font_weight=\"font-weight-light\"><b>I den angivelige meldingen skrev den offisielle Instagram-kontoen til NFL-spilleren\u00a0 Jaxson Dart (22): \u00abHey, er du singel n\u00e5?\u00bb\u00a0<\/b><\/p>\n<p class=\"font-weight-light m-font-weight-light\" data-lab-font_weight=\"font-weight-light\"><b>Skjermbildet hadde en tekst over seg som l\u00f8d \u00abDet har ikke engang g\u00e5tt 12 timer\u00bb, noe som fikk det til \u00e5 fremst\u00e5 som om Earle selv hadde postet det.<\/b><\/p>\n<p>        <img loading=\"lazy\" decoding=\"async\" src=\"https:\/\/www.europesays.com\/no\/wp-content\/uploads\/2025\/12\/83963578.webp\" width=\"686\" height=\"879\" title=\"AVKREFTET: Det tok ikke langt tid f\u00f8r influenseren tok til Instagram for \u00e5 fortelle at bildet var falskt. Foto: Instagram \/ @alixearle\" alt=\"\" class=\"\" style=\"--aspect-ratio-image: 0.78; \"\/><\/p>\n<p>\n        AVKREFTET: Det tok ikke langt tid f\u00f8r influenseren tok til Instagram for \u00e5 fortelle at bildet var falskt. Foto: Instagram \/ @alixearle\n    <\/p>\n<p class=\"font-weight-light m-font-weight-light\" data-lab-font_weight=\"font-weight-light\"><b>Men s\u00f8ndag tok 24-\u00e5ringen til Instagram og hevdet at bildet var falskt.<\/b><\/p>\n<p class=\"font-weight-light m-font-weight-light\" data-lab-font_weight=\"font-weight-light\"><b>\u00a0\u00abHva er denne falske, photoshoppede DM-en dere legger ut. 1. Det skjedde aldri. 2. Det ville ikke ligget p\u00e5 storyen min\u00bb, skrev hun.\u00a0<\/b><\/p>\n<p class=\"font-weight-light m-font-weight-light\" data-lab-font_weight=\"font-weight-light\"><b>Verken Alix Earle eller Braxton Berrios har forel\u00f8pig uttalt seg om bruddet.\u00a0<\/b><\/p>\n<p><script async src=\"\/\/www.tiktok.com\/embed.js\"><\/script><\/p>\n","protected":false},"excerpt":{"rendered":"Alix Earle:\u00a0 For kort tid siden meldte flere medier at influenseren Alix Earle og kj\u00e6resten hadde gjort det&hellip;\n","protected":false},"author":2,"featured_media":109266,"comment_status":"","ping_status":"","sticky":false,"template":"","format":"standard","meta":{"footnotes":""},"categories":[58],"tags":[13497,13498,4085,71,479,2543,30,28,29,72],"class_list":{"0":"post-109265","1":"post","2":"type-post","3":"status-publish","4":"format-standard","5":"has-post-thumbnail","7":"category-underholdning","8":"tag-alix-earle","9":"tag-braxton-berrios","10":"tag-brudd","11":"tag-entertainment","12":"tag-kjendis","13":"tag-kjendisdesken","14":"tag-no","15":"tag-norge","16":"tag-norway","17":"tag-underholdning"},"share_on_mastodon":{"url":"https:\/\/pubeurope.com\/@no\/115695031907729133","error":""},"_links":{"self":[{"href":"https:\/\/www.europesays.com\/no\/wp-json\/wp\/v2\/posts\/109265","targetHints":{"allow":["GET"]}}],"collection":[{"href":"https:\/\/www.europesays.com\/no\/wp-json\/wp\/v2\/posts"}],"about":[{"href":"https:\/\/www.europesays.com\/no\/wp-json\/wp\/v2\/types\/post"}],"author":[{"embeddable":true,"href":"https:\/\/www.europesays.com\/no\/wp-json\/wp\/v2\/users\/2"}],"replies":[{"embeddable":true,"href":"https:\/\/www.europesays.com\/no\/wp-json\/wp\/v2\/comments?post=109265"}],"version-history":[{"count":0,"href":"https:\/\/www.europesays.com\/no\/wp-json\/wp\/v2\/posts\/109265\/revisions"}],"wp:featuredmedia":[{"embeddable":true,"href":"https:\/\/www.europesays.com\/no\/wp-json\/wp\/v2\/media\/109266"}],"wp:attachment":[{"href":"https:\/\/www.europesays.com\/no\/wp-json\/wp\/v2\/media?parent=109265"}],"wp:term":[{"taxonomy":"category","embeddable":true,"href":"https:\/\/www.europesays.com\/no\/wp-json\/wp\/v2\/categories?post=109265"},{"taxonomy":"post_tag","embeddable":true,"href":"https:\/\/www.europesays.com\/no\/wp-json\/wp\/v2\/tags?post=109265"}],"curies":[{"name":"wp","href":"https:\/\/api.w.org\/{rel}","templated":true}]}}