{"id":109267,"date":"2025-12-10T11:34:16","date_gmt":"2025-12-10T11:34:16","guid":{"rendered":"https:\/\/www.europesays.com\/no\/109267\/"},"modified":"2025-12-10T11:34:16","modified_gmt":"2025-12-10T11:34:16","slug":"falske-rapporter-og-landsforraedersk-oppforsel","status":"publish","type":"post","link":"https:\/\/www.europesays.com\/no\/109267\/","title":{"rendered":"\u2013 Falske rapporter og landsforr\u00e6dersk oppf\u00f8rsel"},"content":{"rendered":"<p><strong>President Donald Trump publiserte natt til onsdag et langt innlegg p\u00e5 Truth Social, der han hevder at ingen president har jobbet hardere enn ham.<\/strong><\/p>\n<p>\u2013 Det har aldri v\u00e6rt en president som har jobbet s\u00e5 hardt som meg! Mine arbeidstimer er lengst, og resultatene mine er blant de beste, skriver Trump.<\/p>\n<p>Han sier videre at han har \u00abstoppet \u00e5tte kriger\u00bb og reddet millioner av liv, \u00abskapt den st\u00f8rste \u00f8konomien i landets historie\u00bb, hentet hjem industri \u00abp\u00e5 niv\u00e5er man aldri har sett f\u00f8r\u00bb, gjenoppbygd milit\u00e6ret, og innf\u00f8rt \u00abde st\u00f8rste skatte- og reguleringskuttene noensinne\u00bb. Trump p\u00e5peker ogs\u00e5 at han \u00abstengte den \u00e5pne og farlige grensen i s\u00f8r\u00bb og at hans politikk har gjort at \u00aballe land i verden respekterer USA mer enn noen gang\u00bb.<\/p>\n<p>Trump beskriver hvordan han gjennomf\u00f8rer omfattende medisinske unders\u00f8kelser ved Walter Reed-sykehuset, og sier at legene gir ham \u00abperfekte vurderinger\u00bb. Han skriver ogs\u00e5 at han tre ganger har tatt det han kaller en kognitiv pr\u00f8ve \u2013 \u00abog best\u00e5tt alle tre med toppresultater\u00bb.<\/p>\n<p>Presidenten retter deretter kraftig kritikk mot The New York Times, som han anklager for \u00e5 spre falske opplysninger om hans helse og mentale kapasitet. <\/p>\n<p>\u2013 Til tross for alt dette liker The New York Times \u00e5 late som om jeg \u00absakker av\u00bb eller er i d\u00e5rlig form, vel vitende om at det ikke er sant, skriver han.<\/p>\n<p>Trump g\u00e5r s\u00e5 langt som \u00e5 hevde at avisens rapportering er \u00aboppr\u00f8rsk, kanskje til og med landsforr\u00e6dersk\u00bb. Han omtaler avisen som \u00abfolkets fiender\u00bb og sier at \u00abdet beste som kunne skjedd landet er om The New York Times sluttet \u00e5 publisere\u00bb.<\/p>\n<p>Innlegget avsluttes med: \u00abTakk for oppmerksomheten. MAKE AMERICA GREAT AGAIN!\u00bb<\/p>\n<p>  Fakta: Hva The New York Times rapporterte om presidentens helse<\/p>\n<ul style=\"margin:0 0 8px 20px;padding:0;\">\n<li>Avisen fant at presidentens offentlige timeplan er kortere og starter senere enn under hans f\u00f8rste periode.<\/li>\n<li>Antall offisielle arrangementer er betydelig lavere i samme periode sammenlignet med 2017 (omtalt som ~39 % nedgang i medieoppsummeringer).<\/li>\n<li>Journalister beskrev et \u00f8yeblikk der presidenten s\u00e5 ut til \u00e5 duppe av under et arrangement i Det ovale rom (6. november).<\/li>\n<li>Presidenten gjennomgikk en MR-unders\u00f8kelse ved Walter Reed i oktober; administrasjonen sier resultatene var normale.<\/li>\n<li>Presidenten har avvist p\u00e5standene og sier han nylig har best\u00e5tt omfattende fysiske og kognitive tester.<\/li>\n<\/ul>\n<p><strong>Kilder:<\/strong><\/p>\n<ul>\n<li>The New York Times (via omtale i The DONG-A ILBO): \u00abNYT reports Trump struggling with fatigue, aging effects\u00bb, publisert 27. november 2025.<\/li>\n<li>Rapport om Trumps helseunders\u00f8kelse ved Walter Reed som omtalt i norsk presse: \u00abTrumps lege: \u2013 Utmerket helse\u00bb, VG, november 2025.<\/li>\n<li>Reaksjon fra Det hvite hus \/ presidenten selv der han avviser The New York Times-rapporten, gjengitt hos Newsmax og andre medier.<\/li>\n<\/ul>\n","protected":false},"excerpt":{"rendered":"President Donald Trump publiserte natt til onsdag et langt innlegg p\u00e5 Truth Social, der han hevder at ingen&hellip;\n","protected":false},"author":2,"featured_media":109268,"comment_status":"","ping_status":"","sticky":false,"template":"","format":"standard","meta":{"footnotes":""},"categories":[12],"tags":[20,21,3376,24,25,15,22,23,13,30,28,29,14,16,26,27,766,50,42,43,44,45],"class_list":{"0":"post-109267","1":"post","2":"type-post","3":"status-publish","4":"format-standard","5":"has-post-thumbnail","7":"category-verden","8":"tag-breaking-news","9":"tag-breakingnews","10":"tag-falske-nyheter","11":"tag-featured-news","12":"tag-featurednews","13":"tag-headlines","14":"tag-latest-news","15":"tag-latestnews","16":"tag-news","17":"tag-no","18":"tag-norge","19":"tag-norway","20":"tag-nyheter","21":"tag-overskrifter","22":"tag-top-stories","23":"tag-topstories","24":"tag-trump","25":"tag-usa","26":"tag-verden","27":"tag-world","28":"tag-world-news","29":"tag-worldnews"},"share_on_mastodon":{"url":"https:\/\/pubeurope.com\/@no\/115695063431791198","error":""},"_links":{"self":[{"href":"https:\/\/www.europesays.com\/no\/wp-json\/wp\/v2\/posts\/109267","targetHints":{"allow":["GET"]}}],"collection":[{"href":"https:\/\/www.europesays.com\/no\/wp-json\/wp\/v2\/posts"}],"about":[{"href":"https:\/\/www.europesays.com\/no\/wp-json\/wp\/v2\/types\/post"}],"author":[{"embeddable":true,"href":"https:\/\/www.europesays.com\/no\/wp-json\/wp\/v2\/users\/2"}],"replies":[{"embeddable":true,"href":"https:\/\/www.europesays.com\/no\/wp-json\/wp\/v2\/comments?post=109267"}],"version-history":[{"count":0,"href":"https:\/\/www.europesays.com\/no\/wp-json\/wp\/v2\/posts\/109267\/revisions"}],"wp:featuredmedia":[{"embeddable":true,"href":"https:\/\/www.europesays.com\/no\/wp-json\/wp\/v2\/media\/109268"}],"wp:attachment":[{"href":"https:\/\/www.europesays.com\/no\/wp-json\/wp\/v2\/media?parent=109267"}],"wp:term":[{"taxonomy":"category","embeddable":true,"href":"https:\/\/www.europesays.com\/no\/wp-json\/wp\/v2\/categories?post=109267"},{"taxonomy":"post_tag","embeddable":true,"href":"https:\/\/www.europesays.com\/no\/wp-json\/wp\/v2\/tags?post=109267"}],"curies":[{"name":"wp","href":"https:\/\/api.w.org\/{rel}","templated":true}]}}