{"id":109274,"date":"2025-12-10T11:38:11","date_gmt":"2025-12-10T11:38:11","guid":{"rendered":"https:\/\/www.europesays.com\/no\/109274\/"},"modified":"2025-12-10T11:38:11","modified_gmt":"2025-12-10T11:38:11","slug":"jeg-kan-ikke-se-pa-episoden","status":"publish","type":"post","link":"https:\/\/www.europesays.com\/no\/109274\/","title":{"rendered":"\u2013 Jeg kan ikke se p\u00e5 episoden"},"content":{"rendered":"\n<p class=\"_lead_o9xde_2 _lead_xtcu6_50 layout-component text-serif-m layout-normal text-serif-l layout-component layout-wide layout-padded _wide_17hqh_1 layout-padded\">Ina \u00abJente-chris\u00bb Svenningdal f\u00f8lte seg ikke forberedt f\u00f8r en innspilling. N\u00e5 beklager NRK.<\/p>\n<p><img alt=\"\u00a0Chris (Ina Svenningdal), Eva (Lisa Teige), Vilde (Ulrikke Falch), Sana (Iman Meskini) og Noora (Josefine Frida Pettersen) fra TV-serien SKAM p\u00e5 avslutningsfest i Oslo sommeren 2017. Foto: Terje Bendiksby \/ NTB\" class=\"_image_qp4xg_65 layout-component layout-wide\" data-fullscreen- data-track-element-type=\"Article image fullscreen\" data-track-name=\"ImageFullscreen\" fetchpriority=\"high\" decoding=\"sync\" loading=\"eager\" height=\"3648\" itemprop=\"image\"  src=\"https:\/\/www.europesays.com\/no\/wp-content\/uploads\/2025\/12\/903f9a9d-24c1-4413-98c5-9b78e77e469e\"  style=\"object-position:23.236476608187136% 30.962171052631575%\" width=\"5472\"\/>\u00a0Chris (Ina Svenningdal), Eva (Lisa Teige), Vilde (Ulrikke Falch), Sana (Iman Meskini) og Noora (Josefine Frida Pettersen) fra TV-serien SKAM p\u00e5 avslutningsfest i Oslo sommeren 2017. Foto: Terje Bendiksby \/ NTB<\/p>\n<ul aria-hidden=\"true\" class=\"_images_ntbth_112\">\n<li><a class=\"_link_ntbth_117\" href=\"https:\/\/www.vg.no\/forfatter\/bastian-lunde-hvitmyhr\" style=\"z-index:1\" title=\"Bastian Lunde Hvitmyhr\" rel=\"nofollow noopener\" target=\"_blank\"><img alt=\"Bilde av Bastian Lunde Hvitmyhr\" class=\"_image_ntbth_93\" fetchpriority=\"low\" loading=\"lazy\" decoding=\"async\" itemprop=\"image\"  src=\"https:\/\/www.europesays.com\/no\/wp-content\/uploads\/2025\/12\/1765366690_963_150baf2c-85af-47f9-b506-d8189e6820a4\"  width=\"480\"\/><\/a><\/li>\n<\/ul>\n<p> Oppdatert onsdag 10. desember kl. 12:28     <\/p>\n<p class=\"_paragraph_o9xde_4 _paragraph_xtcu6_10 layout-component text-serif-m layout-normal text-serif-m layout-padded\">Det har g\u00e5tt 10 \u00e5r siden f\u00f8rste episode av TV-serien \u00abSkam\u00bb ble sendt p\u00e5 <a href=\"https:\/\/www.vg.no\/tag\/nrk?utm_source=vg-article&amp;utm_medium=auto-tagger&amp;utm_campaign=M7gm8K\" class=\"_link_o9xde_39\" rel=\"nofollow noopener\" target=\"_blank\">NRK<\/a>. <\/p>\n<p class=\"_paragraph_o9xde_4 _paragraph_xtcu6_10 layout-component text-serif-m layout-normal text-serif-m layout-padded\">Serien tok Norge og verden med storm for sin skildring av hvordan det er \u00e5 vokse opp som ten\u00e5ring. N\u00e5 kritiserer skuespiller Ina Svenningdal (29) NRK for hvordan en klinescene ble h\u00e5ndtert under innspillingen.<\/p>\n<p class=\"_paragraph_o9xde_4 _paragraph_xtcu6_10 layout-component text-serif-m layout-normal text-serif-m layout-padded\"><strong class=\"_strong_o9xde_25\">\u2013 Kan ikke se p\u00e5 den episoden lenger, for jeg syns det er s\u00e5 grusomt. Bare klining i seg selv er en intim ting, sier skuespilleren n\u00e5 i podkasten \u00abH\u00f8vla\u00bb.<\/strong><\/p>\n<p class=\"_paragraph_o9xde_4 _paragraph_xtcu6_10 layout-component text-serif-m layout-normal text-serif-m layout-padded\">Hun forteller at hun som 19-\u00e5ring plutselig skulle filme en klinescene uten \u00e5 v\u00e6re forberedt p\u00e5 det.<\/p>\n<p class=\"_paragraph_o9xde_4 _paragraph_xtcu6_10 layout-component text-serif-m layout-normal layout-padded\"><strong class=\"_strong_o9xde_25\">Les ogs\u00e5:<\/strong> <a href=\"https:\/\/www.vg.no\/i\/KMJWX6\" data-track-element-type=\"Link\" data-track-id=\"link:KMJWX6\" class=\"_link_o9xde_39\" rel=\"nofollow noopener\" target=\"_blank\">Slik gikk det med \u00abSkam\u00bb-stjernene<\/a><\/p>\n<p class=\"_paragraph_o9xde_4 _paragraph_xtcu6_10 layout-component text-serif-m layout-normal text-serif-m layout-padded\">\u2013 Det sto i manuset at vi sto og klinte, og s\u00e5 skulle vi bare gj\u00f8re det. Det f\u00f8ltes veldig rart, sier Svenningdal til VGTV-programleder Bahare Viken.<\/p>\n<p class=\"_paragraph_o9xde_4 _paragraph_xtcu6_10 layout-component text-serif-m layout-normal text-serif-m layout-padded\">I scenen har karakteren hennes \u00abJente-chris\u00bb akkurat f\u00e5tt seg kj\u00e6reste, og de er sammen p\u00e5 fest.<\/p>\n<p class=\"_paragraph_o9xde_4 _paragraph_xtcu6_10 layout-component text-serif-m layout-normal text-serif-m layout-padded\">\u2013 De skulle kline. Og det her har jeg aldri gjort, hverken p\u00e5 en scene eller p\u00e5 TV. Og s\u00e5 virket det som at det var null stress, sier hun etter \u00e5 ha tenkt tilbake til dagen de spilte inn.<\/p>\n<p class=\"_paragraph_o9xde_4 _paragraph_xtcu6_10 layout-component text-serif-m layout-normal text-serif-m layout-padded\"><strong class=\"_strong_o9xde_25\">Svenningdal beskriver at hun fortsatt f\u00e5r vondt i magen n\u00e5r hun tenker p\u00e5 opplevelsen.<\/strong><\/p>\n<p class=\"_paragraph_o9xde_4 _paragraph_xtcu6_10 layout-component text-serif-m layout-normal text-serif-m layout-padded\">\u2013 Jeg blir litt lei meg av det ogs\u00e5. Det f\u00f8les litt som en del av meg som bare skulle gj\u00f8re noe, ikke fikk lov til \u00e5 v\u00e6re med p\u00e5 det, forteller hun.<\/p>\n<p class=\"_paragraph_o9xde_4 _paragraph_xtcu6_10 layout-component text-serif-m layout-normal text-serif-m layout-padded\">Skuespilleren \u00f8nsket at produksjonen hadde snakket med henne om hvordan scenen skulle gj\u00f8res.<\/p>\n<p class=\"_paragraph_o9xde_4 _paragraph_xtcu6_10 layout-component text-serif-m layout-normal text-serif-m layout-padded\">\u2013 Hvis man bare hadde f\u00e5tt v\u00e6re med p\u00e5 retningen av det, s\u00e5nn at det kanskje hadde v\u00e6rt litt et tryggere rom, s\u00e5 hadde det v\u00e6rt fint, sier hun.<\/p>\n<p class=\"_paragraph_o9xde_4 _paragraph_xtcu6_10 layout-component text-serif-m layout-normal text-serif-m layout-padded\"><strong class=\"_strong_o9xde_25\">VGTV, som lager podkasten, har v\u00e6rt i kontakt med NRK. De beklager opplevelsen skuespilleren hadde, gjennom dramaredakt\u00f8r Marianne Furuvold.<\/strong><\/p>\n<p class=\"_paragraph_o9xde_4 _paragraph_xtcu6_10 layout-component text-serif-m layout-normal text-serif-m layout-padded\">\u2013 Vi har selvsagt full forst\u00e5else for at det kan v\u00e6re krevende for unge skuespillere \u00e5 gj\u00f8re scener som er innenfor intimsf\u00e6ren. NRK, og serieskaper og regiss\u00f8r Julie Andem, hadde ogs\u00e5 fokus p\u00e5 \u00e5 sikre at det var en trygg situasjon n\u00e5r nettopp slike scener skulle spilles inn under produksjonen, skriver Furuvold til VGTV.<\/p>\n<p class=\"_paragraph_o9xde_4 _paragraph_xtcu6_10 layout-component text-serif-m layout-normal text-serif-m layout-padded\">NRK opplyser at de n\u00e5 bruker intimkoordinatorer for \u00e5 sikre trygghet under slike scener.<\/p>\n<p class=\"_paragraph_o9xde_4 _paragraph_xtcu6_10 layout-component text-serif-m layout-normal text-serif-m layout-padded\">\u2013 At Ina ikke var fullt ut forberedt p\u00e5 at hun skulle gj\u00f8re en klinescene, det m\u00e5 vi i ettertid selvsagt bare beklage.<\/p>\n<p class=\"_paragraph_o9xde_4 _paragraph_xtcu6_10 layout-component text-serif-m layout-normal text-serif-m layout-padded\">Hun legger til at det er bra at skuespilleren er \u00e5pen om \u00e5 gj\u00f8re slike scener, og at det har skjedd mye de siste \u00e5rene for \u00e5 sikre at slike scener oppleves som trygge.<\/p>\n<p id=\"product-12184\" aria-expanded=\"false\" class=\"product-overview _productOverview_1m98o_134\">De g\u00e5r p\u00e5 videreg\u00e5ende og opplever kj\u00e6rlighet, vennskap, svik og skam. Her er vennegjengen som traff verden midt i hjertet. Norsk drama.<\/p>\n<p><a class=\"_imgCont_1m98o_174\" href=\"https:\/\/saga.vg.no\/show\/skam\" rel=\"nofollow noopener\" target=\"_blank\"><img decoding=\"async\" src=\"https:\/\/www.europesays.com\/no\/wp-content\/uploads\/2025\/12\/5783958907282063290\" loading=\"lazy\" alt=\"SKAM\"\/><\/a>    <\/p>\n","protected":false},"excerpt":{"rendered":"Ina \u00abJente-chris\u00bb Svenningdal f\u00f8lte seg ikke forberedt f\u00f8r en innspilling. N\u00e5 beklager NRK. \u00a0Chris (Ina Svenningdal), Eva (Lisa&hellip;\n","protected":false},"author":2,"featured_media":109275,"comment_status":"","ping_status":"","sticky":false,"template":"","format":"standard","meta":{"footnotes":""},"categories":[58],"tags":[11583,71,30,28,29,787,9163,207,792,72],"class_list":{"0":"post-109274","1":"post","2":"type-post","3":"status-publish","4":"format-standard","5":"has-post-thumbnail","7":"category-underholdning","8":"tag-bahare-viken","9":"tag-entertainment","10":"tag-no","11":"tag-norge","12":"tag-norway","13":"tag-nrk","14":"tag-skam","15":"tag-tv","16":"tag-tv-serie","17":"tag-underholdning"},"share_on_mastodon":{"url":"https:\/\/pubeurope.com\/@no\/115695079351138268","error":""},"_links":{"self":[{"href":"https:\/\/www.europesays.com\/no\/wp-json\/wp\/v2\/posts\/109274","targetHints":{"allow":["GET"]}}],"collection":[{"href":"https:\/\/www.europesays.com\/no\/wp-json\/wp\/v2\/posts"}],"about":[{"href":"https:\/\/www.europesays.com\/no\/wp-json\/wp\/v2\/types\/post"}],"author":[{"embeddable":true,"href":"https:\/\/www.europesays.com\/no\/wp-json\/wp\/v2\/users\/2"}],"replies":[{"embeddable":true,"href":"https:\/\/www.europesays.com\/no\/wp-json\/wp\/v2\/comments?post=109274"}],"version-history":[{"count":0,"href":"https:\/\/www.europesays.com\/no\/wp-json\/wp\/v2\/posts\/109274\/revisions"}],"wp:featuredmedia":[{"embeddable":true,"href":"https:\/\/www.europesays.com\/no\/wp-json\/wp\/v2\/media\/109275"}],"wp:attachment":[{"href":"https:\/\/www.europesays.com\/no\/wp-json\/wp\/v2\/media?parent=109274"}],"wp:term":[{"taxonomy":"category","embeddable":true,"href":"https:\/\/www.europesays.com\/no\/wp-json\/wp\/v2\/categories?post=109274"},{"taxonomy":"post_tag","embeddable":true,"href":"https:\/\/www.europesays.com\/no\/wp-json\/wp\/v2\/tags?post=109274"}],"curies":[{"name":"wp","href":"https:\/\/api.w.org\/{rel}","templated":true}]}}