{"id":109282,"date":"2025-12-10T11:44:38","date_gmt":"2025-12-10T11:44:38","guid":{"rendered":"https:\/\/www.europesays.com\/no\/109282\/"},"modified":"2025-12-10T11:44:38","modified_gmt":"2025-12-10T11:44:38","slug":"fredsprisvinner-kommer-til-oslo-2","status":"publish","type":"post","link":"https:\/\/www.europesays.com\/no\/109282\/","title":{"rendered":"Fredsprisvinner kommer til Oslo"},"content":{"rendered":"<p>Nobelinstituttet bekrefter at fredsprisvinneren er trygg og at hun kommer til Oslo, men at hun ikke rekker selve prisutdelingen.<\/p>\n<p>&#8211; Selv om hun ikke vil v\u00e6re i stand til \u00e5 rekke seremonien og dagens hendelser, er vi sv\u00e6rt glade for \u00e5 bekrefte at Machado er i sikkerhet, og at hun vil komme til oss i Oslo, skriver Nobelinstituttet i en <a href=\"https:\/\/www.nobelpeaceprize.org\/presse\/pressemeldinger\/pressemelding-10-desember\" rel=\"nofollow noopener\" target=\"_blank\">pressemelding<\/a>.\u00a0<\/p>\n<p>        <img loading=\"lazy\" decoding=\"async\" src=\"https:\/\/www.europesays.com\/no\/wp-content\/uploads\/2025\/12\/83964721.webp\" width=\"980\" height=\"559\" title=\"PYNTET: Salen inne p\u00e5 Nobelinstituttet som ligger i Henriks Ibsens gate i Oslo. Foto: Odd Andersen \/ AFP \/ NTB\" alt=\"\" class=\"\" style=\"--aspect-ratio-image: 1.75; \"\/><\/p>\n<p>\n        PYNTET: Salen inne p\u00e5 Nobelinstituttet som ligger i Henriks Ibsens gate i Oslo. Foto: Odd Andersen \/ AFP \/ NTB\n    <\/p>\n<p>Instituttet skriver ogs\u00e5 at reisen til Norge er en \u00abreise i en ekstremt farlig situasjon\u00bb.<\/p>\n<p>Lever med \u00abd\u00f8dstrussel\u00bb\t<\/p>\n<p>Tidligere mandag sa Kristian Berg Harpviken,\u00a0sjefen for Nobelinstituttet, at Machado ikke ville komme til Oslo.<\/p>\n<p>&#8211; Hun lever rett og slett med en d\u00f8dstrussel med regimet. Den trusselen gjelder ogs\u00e5 n\u00e5r hun er utenfor landet, fra b\u00e5de regimet og regimets venner rundt om i verden, sa Harpviken til <a href=\"https:\/\/www.nrk.no\/urix\/fredsprisvinnaren-maria-corina-machado-kjem-ikkje-til-oslo-1.17686274\" rel=\"nofollow noopener\" target=\"_blank\">NRK<\/a>.<\/p>\n<p>        <img loading=\"lazy\" decoding=\"async\" src=\"https:\/\/www.europesays.com\/no\/wp-content\/uploads\/2025\/12\/1765367074_589_83964696.webp\" width=\"980\" height=\"559\" title=\"SLOTTET: Kong Harald, dronning Sonja, kronprins Haakon, kronprinsesse Mette-Marit og prinsesse Ingrid Alexandra tar i mot datteren til Nobels fredsprismottaker, Ana Corina Sosa, i audiens p\u00e5 Slottet i Oslo onsdag. Foto: Heiko Junge \/ NTB \/ POOL\" alt=\"\" class=\"\" style=\"--aspect-ratio-image: 1.75; \"\/><\/p>\n<p>\n        SLOTTET: Kong Harald, dronning Sonja, kronprins Haakon, kronprinsesse Mette-Marit og prinsesse Ingrid Alexandra tar i mot datteren til Nobels fredsprismottaker, Ana Corina Sosa, i audiens p\u00e5 Slottet i Oslo onsdag. Foto: Heiko Junge \/ NTB \/ POOL\n    <\/p>\n<p>&#8211; Vi har ikke mer informasjon, sa instituttets pressesjef Erik Aasheim da han hastet forbi pressen ved Grand Hotel en stund seinere.<\/p>\n<p> Han bekreftet ovenfor Dagbladet at Machados datter tar imot prisen p\u00e5 morens vegne, og skal holde talen under utdelingen som skjer som planlagt. <\/p>\n<p>        <img loading=\"lazy\" decoding=\"async\" src=\"https:\/\/www.europesays.com\/no\/wp-content\/uploads\/2025\/12\/1765367075_105_83963120.webp\" width=\"980\" height=\"559\" title=\"STILLER: Ana Corina Sosa, er datteren til \u00e5rets fredsprisvinner. Foto: Frederick Florin \/ AFP \/ NTB\" alt=\"\" class=\"\" style=\"--aspect-ratio-image: 1.75; \"\/><\/p>\n<p>\n        STILLER: Ana Corina Sosa, er datteren til \u00e5rets fredsprisvinner. Foto: Frederick Florin \/ AFP \/ NTB\n    <\/p>\n<p>Like f\u00f8r klokka 12.30 observerer Dagbladet en kortesje p\u00e5 vei s\u00f8rover fra Oslo lufthavn. Dagbladet er ikke kjent med hvem som fraktes med kortesjen. En av fredsprisvinnerens s\u00f8nner ankom kort tid seinere r\u00e5dhuset i Oslo, der prisen deles ut.<\/p>\n<p>&#8211; Jeg kommer til Oslo, jeg er p\u00e5 vei n\u00e5, sier Machado i et lydklipp sluppet av Nobelinstituttet, av en telefonsamtale med Nobelkomiteens leder J\u00f8rgen Watne Frydnes.<\/p>\n<p> I klippet kaller hun fredsprisen \u00aben stor anerkjennelse av v\u00e5rt folks kamp for demokrati og frihet\u00bb, og sier at hun er veldig lei seg for at hun ikke vil komme tidsnok til selve seremonien.<\/p>\n<p>        <img loading=\"lazy\" decoding=\"async\" src=\"https:\/\/www.europesays.com\/no\/wp-content\/uploads\/2025\/12\/83964811.webp\" width=\"980\" height=\"559\" title=\"KORTESJE: Flere biler p\u00e5 vei s\u00f8rover fra Oslo lufthavn tidlig onsdag ettermiddag. Foto: Lars Eivind Bones \/ Dagbladet\" alt=\"\" class=\"\" style=\"--aspect-ratio-image: 1.75; \"\/><\/p>\n<p>\n        KORTESJE: Flere biler p\u00e5 vei s\u00f8rover fra Oslo lufthavn tidlig onsdag ettermiddag. Foto: Lars Eivind Bones \/ Dagbladet\n    <\/p>\n<p>Utenriksministeren: &#8211; Synd\t<\/p>\n<p>Utenriksminister Espen Barth Eide (Ap) sier han synes det er synd at fredsprisvinner Maria Corina Machado ikke f\u00e5r til \u00e5 ta imot prisen selv.<\/p>\n<p>&#8211; Det synes jeg er synd. Det er alltid best n\u00e5r fredsprisvinneren selv er til stede. Men det blir jo sikkert en veldig flott seremoni uansett, sier Eide til NRK.<\/p>\n<p>    <a itemprop=\"url\" href=\"https:\/\/www.dagbladet.no\/nyheter\/pressekonferansen-utsatt\/83957874\" rel=\"nofollow noopener\" target=\"_blank\"><\/p>\n<p>        <img loading=\"lazy\" decoding=\"async\" src=\"https:\/\/www.europesays.com\/no\/wp-content\/uploads\/2025\/12\/1765367077_233_83957884.webp\" width=\"980\" height=\"441\" title=\"Pressekonferansen utsatt\" alt=\"\" class=\"lazyload\" style=\"--aspect-ratio-image: 2.22; \"\/><\/p>\n<p>        Pressekonferansen utsatt<\/p>\n<p>    <\/a><\/p>\n<p>Tirsdag ble en planlagt pressekonferanse med fredsprisvinneren f\u00f8rst utsatt og deretter avlyst.<\/p>\n<p>&#8211; Maria har selv sagt at det vil v\u00e6re utfordrende for henne \u00e5 reise til Norge, men hun har sagt at hun vil komme. Derfor h\u00e5per vi at hun kommer, men vi vet ingenting om n\u00e5r eller hvordan, sa pressesjef Erik Aasheim ved Nobelinstituttet til Dagbladet tirsdag.<\/p>\n<p>Flere presidenter i Oslo\t<\/p>\n<p>Flere presidenter er til stede i Oslo onsdag.\u00a0\u00a0<\/p>\n<p>&#8211; Det vil v\u00e6re en stor \u00e6re \u00e5 dele kvelden med andre inviterte statsledere, sa Panamas president\u00a0Jose Raul Mulino fredag kveld da han bekreftet turen til Oslo. <\/p>\n<p> De fire er invitert av prisvinneren og tilh\u00f8rer alle den politiske h\u00f8yresiden.<\/p>\n<p>Ba til gud\t<\/p>\n<p>Ikke engang moren til fredsprisvinneren visste om datteren kom til \u00e5 dukke opp i Oslo.<\/p>\n<p>&#8211; Jeg ber til gud at hun kommer i dag, fortalte Corina Parisca de Machado til Dagbladet tirsdag.<\/p>\n<p> De to siste \u00e5ra har Maria Corina Machado levd i skjul i frykt for regimet til den venezuelanske presidenten Nicol\u00e1s Maduro. <\/p>\n<p>Venezuelanske myndigheter har truet med at hun vil f\u00e5 status som r\u00f8mling dersom hun forlater landet fordi hun etterforskes i flere saker. Om opposisjonslederen returnerer til Venezuela, kan hun bli p\u00e5grepet eller nektet innreise.<\/p>\n<p>        <img loading=\"lazy\" decoding=\"async\" src=\"https:\/\/www.europesays.com\/no\/wp-content\/uploads\/2025\/12\/1765367078_321_83962736.webp\" width=\"980\" height=\"559\" title=\"BER TIL GUD: Moren til fredsprisvinneren, Corina Parisca de Machado, idet hun ble trillet inn p\u00e5 Grand Hotel igjen. Foto: Dagbladet\" alt=\"\" class=\"\" style=\"--aspect-ratio-image: 1.75; \"\/><\/p>\n<p>\n        BER TIL GUD: Moren til fredsprisvinneren, Corina Parisca de Machado, idet hun ble trillet inn p\u00e5 Grand Hotel igjen. Foto: Dagbladet\n    <\/p>\n<p>Machado ble nektet \u00e5 stille til valg i fjor, og har g\u00e5tt i dekning i frykt for \u00e5 bli p\u00e5grepet.<\/p>\n<p>Myndighetene utropte Maduro til vinner, men opposisjonen, flere land og internasjonale organisasjoner mener det var Machados erstatter Edmund Gonzalez Urrutia som vant. Han er i asyl i Spania.<\/p>\n<p>Kritisk til fredsprisvinneren\t<\/p>\n<p>Statsviter Vegard Bye er sterkt kritisk til at Nobelkomiteen har gitt \u00e5rets fredspris til Machado.<\/p>\n<p class=\"font-weight-bold m-font-weight-bold\" data-lab-font_weight=\"font-weight-bold\">&#8211; I resten av verden er det ingen som skiller mellom Nobels fredspris og norsk offentlig politikk, sier han til NTB.<\/p>\n<p>Bye mener Norge n\u00e5 blir assosiert med en fredspris som hylles av det ytre h\u00f8yre i Latin-Amerika. Han trekker fram Argentinas president Javier Milei som eksempel.<\/p>\n<p>        <img loading=\"lazy\" decoding=\"async\" src=\"https:\/\/www.europesays.com\/no\/wp-content\/uploads\/2025\/12\/1765367078_264_83964229.webp\" width=\"686\" height=\"392\" title=\"KRITISK: Vegard Bye er en norsk statsviter, forfatter, konsulent og tidligere politiker.Han var nr. 3 p\u00e5 SVs liste ved stortingsvalget i 1993. Foto: NTB\" alt=\"\" class=\"\" style=\"--aspect-ratio-image: 1.75; \"\/><\/p>\n<p>\n        KRITISK: Vegard Bye er en norsk statsviter, forfatter, konsulent og tidligere politiker.Han var nr. 3 p\u00e5 SVs liste ved stortingsvalget i 1993. Foto: NTB\n    <\/p>\n<p>&#8211; Hans linje har v\u00e6rt \u00e5 avvikle staten, nedlegge sentralbanken og kutte i alle sosiale overf\u00f8ringer, sier Bye.<\/p>\n<p>Nobelkomiteens sekret\u00e6r Kristian Berg Harpviken avviser kritikken ovenfor NRK i Nyhetsmorgen.<\/p>\n<p>&#8211; Nobelkomiteen er helt uavhengig og skal ikke ta hensyn til hva som er prioriteringene i norsk utenrikspolitikk, sier han til NRK.<\/p>\n","protected":false},"excerpt":{"rendered":"Nobelinstituttet bekrefter at fredsprisvinneren er trygg og at hun kommer til Oslo, men at hun ikke rekker selve&hellip;\n","protected":false},"author":2,"featured_media":109252,"comment_status":"","ping_status":"","sticky":false,"template":"","format":"standard","meta":{"footnotes":""},"categories":[5],"tags":[20,21,24,25,15,19,22,23,17,18,13,30,28,29,14,16,26,27,412],"class_list":{"0":"post-109282","1":"post","2":"type-post","3":"status-publish","4":"format-standard","5":"has-post-thumbnail","7":"category-overskrifter","8":"tag-breaking-news","9":"tag-breakingnews","10":"tag-featured-news","11":"tag-featurednews","12":"tag-headlines","13":"tag-hovedoppslag","14":"tag-latest-news","15":"tag-latestnews","16":"tag-main-news","17":"tag-mainnews","18":"tag-news","19":"tag-no","20":"tag-norge","21":"tag-norway","22":"tag-nyheter","23":"tag-overskrifter","24":"tag-top-stories","25":"tag-topstories","26":"tag-utenriks"},"share_on_mastodon":{"url":"https:\/\/pubeurope.com\/@no\/115695103105332958","error":""},"_links":{"self":[{"href":"https:\/\/www.europesays.com\/no\/wp-json\/wp\/v2\/posts\/109282","targetHints":{"allow":["GET"]}}],"collection":[{"href":"https:\/\/www.europesays.com\/no\/wp-json\/wp\/v2\/posts"}],"about":[{"href":"https:\/\/www.europesays.com\/no\/wp-json\/wp\/v2\/types\/post"}],"author":[{"embeddable":true,"href":"https:\/\/www.europesays.com\/no\/wp-json\/wp\/v2\/users\/2"}],"replies":[{"embeddable":true,"href":"https:\/\/www.europesays.com\/no\/wp-json\/wp\/v2\/comments?post=109282"}],"version-history":[{"count":0,"href":"https:\/\/www.europesays.com\/no\/wp-json\/wp\/v2\/posts\/109282\/revisions"}],"wp:featuredmedia":[{"embeddable":true,"href":"https:\/\/www.europesays.com\/no\/wp-json\/wp\/v2\/media\/109252"}],"wp:attachment":[{"href":"https:\/\/www.europesays.com\/no\/wp-json\/wp\/v2\/media?parent=109282"}],"wp:term":[{"taxonomy":"category","embeddable":true,"href":"https:\/\/www.europesays.com\/no\/wp-json\/wp\/v2\/categories?post=109282"},{"taxonomy":"post_tag","embeddable":true,"href":"https:\/\/www.europesays.com\/no\/wp-json\/wp\/v2\/tags?post=109282"}],"curies":[{"name":"wp","href":"https:\/\/api.w.org\/{rel}","templated":true}]}}