{"id":109290,"date":"2025-12-10T11:52:09","date_gmt":"2025-12-10T11:52:09","guid":{"rendered":"https:\/\/www.europesays.com\/no\/109290\/"},"modified":"2025-12-10T11:52:09","modified_gmt":"2025-12-10T11:52:09","slug":"prisveksten-falt-i-november-dette-sier-okonomene-om-neste-rentekutt","status":"publish","type":"post","link":"https:\/\/www.europesays.com\/no\/109290\/","title":{"rendered":"Prisveksten falt i november: Dette sier \u00f8konomene om neste rentekutt"},"content":{"rendered":"<p>Matprisene og tilbudskampanjer under Black Friday trakk prisveksten ned i november, viser ferske tall fra Statistisk sentralbyr\u00e5 (SSB).<\/p>\n<p>Prisveksten i Norge l\u00e5 p\u00e5 3 prosent forrige m\u00e5ned, n\u00e5r man sammenligner med november i fjor. Det er ned fra 3,1 prosent m\u00e5neden f\u00f8r, men ikke like lavt som \u00f8konomenes forventning om 2,7 prosent, if\u00f8lge Bloomberg.<\/p>\n<p>Samtidig falt kjerneinflasjonen, som ser bort fra energipriser og avgiftsendringer, litt mer enn ventet til 3 prosent. Det er denne Norges Bank er mest opptatt av n\u00e5r de setter renten.<\/p>\n<p>Den dempede kjerneinflasjonen skyldes \u00abdet relativt sterke fallet i mat- og drikkeprisene i november\u00bb, forklarer Espen Kristiansen, seksjonssjef i SSB.<\/p>\n<p>Det var ogs\u00e5 tilbudskampanjer i Black Friday-m\u00e5neden november p\u00e5 flere type varer. Elektronikk og m\u00f8bler falt i pris.<\/p>\n<p>\u2013 Ganske p\u00e5 linje<\/p>\n<p>Sjef\u00f8konom i Handelsbanken, Marius Gonsholt Hov sier til E24 at tallene er en tiendedel under Norges Banks prognoser, og markerer en relativt stor reversering etter <a href=\"https:\/\/e24.no\/norsk-oekonomi\/i\/wgy0WP\/overraskende-sterk-prisvekst-et-aldri-saa-lite-inflasjonssjokk\" rel=\"noopener nofollow\" target=\"_blank\">den sterke oppgangen i oktober<\/a>. N\u00e5 mener han at \u00abvi er litt tilbake til utgangspunktet\u00bb.<\/p>\n<p>\u2013 Avviket er ganske lite, s\u00e5 vi er p\u00e5 linje. Jeg tror ikke det endrer nevneverdig p\u00e5 renteutsiktene til Norges Bank.<\/p>\n<p>\u2013 Rentekutt neste uke og i januar kan vi bare glemme i utgangspunktet, understreker Hov.<\/p>\n<p><img decoding=\"async\" src=\"data:image\/gif;base64,R0lGODlhEAAJAIAAAP\/\/\/wAAACH5BAEAAAAALAAAAAAQAAkAAAIKhI+py+0Po5yUFQA7\" alt=\"\"\/> <\/p>\n<p>  <strong>Foto:<\/strong> Terje Bendiksby, NTB Marius Gonsholt Hov <\/p>\n<p>Sjef\u00f8konom i Handelsbanken<\/p>\n<p>Harald Magnus Andreassen, sjef\u00f8konom i Sparebank 1 Markets, p\u00e5peker at den samlede inflasjonen ligger over Norges Banks anslag, noe som gir en oppside p\u00e5 rentebanen. Han fremhever likevel at kjerneinflasjonen er i tr\u00e5d med Norges Banks anslag.<\/p>\n<p>Kyrre M. Knudsen i SpareBank 1 S\u00f8r-Norge mener det er \u00abveldig positivt at det g\u00e5r mot lavere prisvekst\u00bb, s\u00e6rlig p\u00e5 kjerneinflasjonen.<\/p>\n<p>\u2013 Hvis dette fortsetter, blir det rentekutt i mars, mener \u00f8konomen.<\/p>\n<p><img decoding=\"async\" src=\"data:image\/gif;base64,R0lGODlhEAAJAIAAAP\/\/\/wAAACH5BAEAAAAALAAAAAAQAAkAAAIKhI+py+0Po5yUFQA7\" alt=\"\"\/> <\/p>\n<p>  <strong>Foto:<\/strong> Heiko Junge \/ NTB Kyrre M. Knudsen <\/p>\n<p>Sjef\u00f8konom i SpareBank 1 S\u00f8r-Norge<\/p>\n<p>\u2013 Det skal mye til at det blir rentekutt neste uke, men vi g\u00e5r i retning av det potensielt ikke er s\u00e5 lenge til neste rentekutt, sier han videre.<\/p>\n<p>Snart rentem\u00f8te<\/p>\n<p>Inflasjonstallene, som generelt er viktig for Norges Bank, kommer i forkant av \u00e5rets siste rentebeslutning torsdag 18. desember.<\/p>\n<p>Det er ingen som venter noe rentekutt denne gangen, etter to kutt tidligere i \u00e5r.<\/p>\n<p>Spenningen ligger heller i hva sentralbanken vil si om fremtiden, inkludert n\u00e5r de ser for seg \u00e5 kutte i 2026. Der kan prisveksten spille en rolle.<\/p>\n<p>Sentralbanken har signalisert at det blir ett kutt per \u00e5r de neste tre \u00e5rene. Den forrige rentebanen, som oppdateres neste uke,\u00a0<a href=\"https:\/\/e24.no\/boers-og-finans\/i\/qPjGAE\/analytiker-om-rentebanen-trolig-ett-rentekutt-til-neste-aar\" rel=\"noopener nofollow\" target=\"_blank\">indikerte at 2026-kuttet<\/a>\u00a0ikke kommer f\u00f8r mot sommeren eller h\u00f8sten.<\/p>\n<p>Matprisene falt<\/p>\n<p>Prisveksten p\u00e5 mat har bidratt til \u00e5 holde inflasjonen oppe i lengre tid. Utviklingen har ligget h\u00f8yere enn den generelle prisstigningen.<\/p>\n<p>Fra oktober til november falt prisene p\u00e5 mat og alkoholfri drikke med 1 prosent. Dermed roet ogs\u00e5 matprisveksten seg p\u00e5 \u00e5rsbasis. Mat- og drikkevarer har blitt 4,7 prosent det siste \u00e5ret.<\/p>\n<p><img decoding=\"async\" src=\"data:image\/gif;base64,R0lGODlhEAAJAIAAAP\/\/\/wAAACH5BAEAAAAALAAAAAAQAAkAAAIKhI+py+0Po5yUFQA7\" alt=\"\"\/><br \/>\n  Juleproduktene var for lengst p\u00e5 plass i butikkene i november.<br \/>\n  <strong>Foto:<\/strong> Gorm Kallestad \/ NTB<\/p>\n<p>\u2013 Vi ser ikke ofte at mat- og drikkeprisene g\u00e5r s\u00e5 mye ned fra oktober til november. I fjor s\u00e5 vi derimot en \u00f8kning i prisene p\u00e5 samme tid. Dermed faller tolvm\u00e5nedersveksten i mat- og drikkeprisene betydelig fra oktober til november, sier Kristiansen i SSB.<\/p>\n<p><a href=\"https:\/\/www.fvn.no\/nyheter\/okonomi\/i\/5pVoAK\/disse-matvarene-har-steget-mest-i-pris\" rel=\"nofollow noopener\" target=\"_blank\"> <img decoding=\"async\" src=\"data:image\/gif;base64,R0lGODlhEAAJAIAAAP\/\/\/wAAACH5BAEAAAAALAAAAAAQAAkAAAIKhI+py+0Po5yUFQA7\" alt=\"\"\/>   Disse matvarene har steget mest i pris  <\/a> <\/p>\n<p>\u00c5pen <\/p>\n<p>Black Friday<\/p>\n<p>Black Friday har trolig p\u00e5virket prisutviklingen b\u00e5de i oktober og november, har \u00f8konomer p\u00e5pekt.<\/p>\n<p>Prisene kan ha blitt skrudd opp i oktober, i forkant av tilbudsperioden. Deretter kan de ha blitt skrudd ned igjen til Black Friday i slutten av november.<\/p>\n<p>\u2013 De siste \u00e5rene har det blitt vanlig med ulike varianter av kampanjer rundt den s\u00e5kalte Black Friday, og vi ser effekten tydelig p\u00e5 noen varegrupper i KPI. Hvordan dette sl\u00e5r ut i indeksen for november henger b\u00e5de sammen med n\u00e5r i m\u00e5neden tilbudsaktiviteten finner sted og hvor stort omfang kampanjene har. Begge deler kan variere fra \u00e5r til \u00e5r, sier Kristiansen i SSB.<\/p>\n<p><img decoding=\"async\" src=\"data:image\/gif;base64,R0lGODlhEAAJAIAAAP\/\/\/wAAACH5BAEAAAAALAAAAAAQAAkAAAIKhI+py+0Po5yUFQA7\" alt=\"\"\/><br \/>\n  Black Friday-kampanje vises frem i et butikkvindu p\u00e5 Storo Storsenter i Oslo.<br \/>\n  <strong>Foto:<\/strong> Jonas F\u00e6ste Laksekj\u00f8n \/ NTB<\/p>\n<p>Prisene p\u00e5 audiovisuelt-, foto- og IT-utstyr falt mer i november i \u00e5r enn p\u00e5 samme tid i fjor. Det bidro til \u00e5 trekke den generelle prisveksten ned, og disse prisene var lavere enn for et \u00e5r siden.<\/p>\n<p>Ogs\u00e5 for varegruppen m\u00f8bler, husholdningsartikler og vedlikehold av innbo falt prisene fra oktober til november.<\/p>\n<p>H\u00f8yere str\u00f8mpriser<\/p>\n<p>Str\u00f8mprisene steg i november, og var 5,3 prosent h\u00f8yere enn for et \u00e5r siden.<\/p>\n<p>Det var sterk str\u00f8mprisvekst i Nord- og Midt-Norge som bidro til \u00e5 holde prisveksten oppe.<\/p>\n<p>Norgespris dempet oppgangen. Str\u00f8mst\u00f8tteordningen som gir fastpris startet i oktober. Det er f\u00f8rst og fremst en stor andel kunder i de tre str\u00f8mprisomr\u00e5dene i S\u00f8r-Norge som har g\u00e5tt for Norgespris.<\/p>\n<p>\u2013 Str\u00f8mprisene \u00f8kte i alle str\u00f8mregionene fra oktober til november, men den prosentvise veksten var spesielt sterk i Nord- og Midt-Norge. Pris\u00f8kningene i s\u00f8rlige deler av landet ble dempet av Norgespris- og str\u00f8mst\u00f8tteordningene, sier Kristiansen i SSB.<\/p>\n","protected":false},"excerpt":{"rendered":"Matprisene og tilbudskampanjer under Black Friday trakk prisveksten ned i november, viser ferske tall fra Statistisk sentralbyr\u00e5 (SSB).&hellip;\n","protected":false},"author":2,"featured_media":109291,"comment_status":"","ping_status":"","sticky":false,"template":"","format":"standard","meta":{"footnotes":""},"categories":[10],"tags":[20,21,24,25,15,2191,22,23,13,30,28,241,29,14,16,1795,6104,26,27],"class_list":{"0":"post-109290","1":"post","2":"type-post","3":"status-publish","4":"format-standard","5":"has-post-thumbnail","7":"category-norge","8":"tag-breaking-news","9":"tag-breakingnews","10":"tag-featured-news","11":"tag-featurednews","12":"tag-headlines","13":"tag-inflasjon","14":"tag-latest-news","15":"tag-latestnews","16":"tag-news","17":"tag-no","18":"tag-norge","19":"tag-norges-bank","20":"tag-norway","21":"tag-nyheter","22":"tag-overskrifter","23":"tag-rente","24":"tag-rentemote","25":"tag-top-stories","26":"tag-topstories"},"share_on_mastodon":{"url":"https:\/\/pubeurope.com\/@no\/115695134017392945","error":""},"_links":{"self":[{"href":"https:\/\/www.europesays.com\/no\/wp-json\/wp\/v2\/posts\/109290","targetHints":{"allow":["GET"]}}],"collection":[{"href":"https:\/\/www.europesays.com\/no\/wp-json\/wp\/v2\/posts"}],"about":[{"href":"https:\/\/www.europesays.com\/no\/wp-json\/wp\/v2\/types\/post"}],"author":[{"embeddable":true,"href":"https:\/\/www.europesays.com\/no\/wp-json\/wp\/v2\/users\/2"}],"replies":[{"embeddable":true,"href":"https:\/\/www.europesays.com\/no\/wp-json\/wp\/v2\/comments?post=109290"}],"version-history":[{"count":0,"href":"https:\/\/www.europesays.com\/no\/wp-json\/wp\/v2\/posts\/109290\/revisions"}],"wp:featuredmedia":[{"embeddable":true,"href":"https:\/\/www.europesays.com\/no\/wp-json\/wp\/v2\/media\/109291"}],"wp:attachment":[{"href":"https:\/\/www.europesays.com\/no\/wp-json\/wp\/v2\/media?parent=109290"}],"wp:term":[{"taxonomy":"category","embeddable":true,"href":"https:\/\/www.europesays.com\/no\/wp-json\/wp\/v2\/categories?post=109290"},{"taxonomy":"post_tag","embeddable":true,"href":"https:\/\/www.europesays.com\/no\/wp-json\/wp\/v2\/tags?post=109290"}],"curies":[{"name":"wp","href":"https:\/\/api.w.org\/{rel}","templated":true}]}}