{"id":109292,"date":"2025-12-10T11:53:54","date_gmt":"2025-12-10T11:53:54","guid":{"rendered":"https:\/\/www.europesays.com\/no\/109292\/"},"modified":"2025-12-10T11:53:54","modified_gmt":"2025-12-10T11:53:54","slug":"40-000-adresser-lekket-bombarderte-bergens-skoleelever-med-e-post","status":"publish","type":"post","link":"https:\/\/www.europesays.com\/no\/109292\/","title":{"rendered":"40.000 adresser lekket: Bombarderte Bergens skoleelever med e-post"},"content":{"rendered":"<p>Avisen Bergens Tidende <a href=\"https:\/\/www.bt.no\/hendelser\/i\/pB6GbR\/e-postkaos-for-skoleelever-i-bergen\" target=\"_blank\" rel=\"noopener nofollow\">fikk mandag kveld en rekke tips<\/a> fra foreldre om at elever ved skolene i Bergen ble bombardert med e-poster.<\/p>\n<p>I tillegg til \u00e5 ha mottatt mengder med e-poster inn p\u00e5 sin egen skole-e-postadresse, skal de ha blitt lagt til i flere epostgrupper, der det i noen av gruppene er sendt flere hundre meldinger.<\/p>\n<p>Flere tipsere forteller til avisen at noen av epostene skal inneholde stygt spr\u00e5k.<\/p>\n<p>Da Bergens Tidende kontaktet skolebyr\u00e5d Daniel H\u00e4gglund i Bergen kommune ved 22-tiden mandag kveld, var situasjonen ikke under kontroll, og e-postene str\u00f8mmet fremdeles inn i elevenes innbokser.<\/p>\n<p>Men ved 23-tiden stoppet e-poststr\u00f8mmen da en e-postgruppe med mer enn 40.000 adresser til alle elever og ansatte ved Bergens-skolene f\u00f8rst ble deaktivert og s\u00e5 slettet.<\/p>\n<p>Digitaliseringsdirekt\u00f8r Kjetil \u00c5rhus i Bergen kommune sier til Bergens Tidende at e-postgruppen var laget for tekniske form\u00e5l.<\/p>\n<p>Det var denne som ble brukt til \u00e5 sende ut de mange e-postene. Hvordan de 40.000 adressene har blitt lekket, kan ikke H\u00e4gglund svare p\u00e5 mandag kveld. Han vet heller ikke om sensitiv informasjon kan ha kommet p\u00e5 avveie samtidig med epostadressene.<\/p>\n<p><a class=\"group clear-both w-full !no-underline my-8 sm:my-12 bg-stone-50 dark:bg-brandStone-700 dark:text-brandNeutral-100 flex items-stretch flex-nowrap\" href=\"https:\/\/www.digi.no\/artikler\/tidligere-freyr-sjef-vil-bygge-stort-datasenter-i-arendal\/561815\" rel=\"nofollow noopener\" target=\"_blank\"><img decoding=\"async\" class=\" object-cover h-full w-full transition-transform duration-700 ease-in-out group-hover:scale-[1.05] will-change-transform\" src=\"https:\/\/www.europesays.com\/no\/wp-content\/uploads\/2025\/12\/Freyrsjefen.jpg\"  alt=\"Tidligere Freyr-sjef Tom Einar Jensen er en av de fire gr\u00fcnderne bak selskapet Bifrost Edge, som n\u00e5 jobber med planer om \u00e5 bygge et stort datasenter utenfor Arendal.\" loading=\"lazy\"\/><\/p>\n<p>Les ogs\u00e5:<\/p>\n<p class=\"group-hover:underline text-brandNeutral-900 dark:text-brandNeutral-100 mt-2 text-base sm:text-xl leading-5 sm:leading-6 font-bold\">Tidligere Freyr-sjef vil bygge stort datasenter i Arendal<\/p>\n<p><\/a><\/p>\n","protected":false},"excerpt":{"rendered":"Avisen Bergens Tidende fikk mandag kveld en rekke tips fra foreldre om at elever ved skolene i Bergen&hellip;\n","protected":false},"author":2,"featured_media":109293,"comment_status":"","ping_status":"","sticky":false,"template":"","format":"standard","meta":{"footnotes":""},"categories":[5],"tags":[20,21,24,25,15,19,22,23,17,18,13,30,28,29,14,16,1219,26,27],"class_list":{"0":"post-109292","1":"post","2":"type-post","3":"status-publish","4":"format-standard","5":"has-post-thumbnail","7":"category-overskrifter","8":"tag-breaking-news","9":"tag-breakingnews","10":"tag-featured-news","11":"tag-featurednews","12":"tag-headlines","13":"tag-hovedoppslag","14":"tag-latest-news","15":"tag-latestnews","16":"tag-main-news","17":"tag-mainnews","18":"tag-news","19":"tag-no","20":"tag-norge","21":"tag-norway","22":"tag-nyheter","23":"tag-overskrifter","24":"tag-sikkerhet","25":"tag-top-stories","26":"tag-topstories"},"share_on_mastodon":{"url":"https:\/\/pubeurope.com\/@no\/115695141923253934","error":""},"_links":{"self":[{"href":"https:\/\/www.europesays.com\/no\/wp-json\/wp\/v2\/posts\/109292","targetHints":{"allow":["GET"]}}],"collection":[{"href":"https:\/\/www.europesays.com\/no\/wp-json\/wp\/v2\/posts"}],"about":[{"href":"https:\/\/www.europesays.com\/no\/wp-json\/wp\/v2\/types\/post"}],"author":[{"embeddable":true,"href":"https:\/\/www.europesays.com\/no\/wp-json\/wp\/v2\/users\/2"}],"replies":[{"embeddable":true,"href":"https:\/\/www.europesays.com\/no\/wp-json\/wp\/v2\/comments?post=109292"}],"version-history":[{"count":0,"href":"https:\/\/www.europesays.com\/no\/wp-json\/wp\/v2\/posts\/109292\/revisions"}],"wp:featuredmedia":[{"embeddable":true,"href":"https:\/\/www.europesays.com\/no\/wp-json\/wp\/v2\/media\/109293"}],"wp:attachment":[{"href":"https:\/\/www.europesays.com\/no\/wp-json\/wp\/v2\/media?parent=109292"}],"wp:term":[{"taxonomy":"category","embeddable":true,"href":"https:\/\/www.europesays.com\/no\/wp-json\/wp\/v2\/categories?post=109292"},{"taxonomy":"post_tag","embeddable":true,"href":"https:\/\/www.europesays.com\/no\/wp-json\/wp\/v2\/tags?post=109292"}],"curies":[{"name":"wp","href":"https:\/\/api.w.org\/{rel}","templated":true}]}}