{"id":109300,"date":"2025-12-10T12:03:27","date_gmt":"2025-12-10T12:03:27","guid":{"rendered":"https:\/\/www.europesays.com\/no\/109300\/"},"modified":"2025-12-10T12:03:27","modified_gmt":"2025-12-10T12:03:27","slug":"erling-braut-haaland-om-isabel","status":"publish","type":"post","link":"https:\/\/www.europesays.com\/no\/109300\/","title":{"rendered":"Erling Braut Haaland om Isabel:"},"content":{"rendered":"<p class=\"kicker \" style=\"\">Erling Braut Haaland og Isabel Haugseng Johansen:<\/p>\n<p>  Fotballstjernen avsl\u00f8rer hendelse der kj\u00e6resten m\u00e5tte sette ned foten.<\/p>\n<p>\n    PRIVATE DETALJER: Erling Braut Haaland r\u00f8per detaljer om forholdet til Isabel Haugseng Johansen. Foto: Andreas Fadum \/ Se og H\u00f8r\n  <\/p>\n<p>Verdensstjernen <a href=\"https:\/\/www.seher.no\/kjendis\/avslorer-likte-egentlig-vennen-din\/83763413\" rel=\"nofollow noopener\" target=\"_blank\">Erling Braut Haaland (25) og kj\u00e6resten Isabel Haugseng Johansen (21)<\/a> er kjent for \u00e5 verne godt om privatlivet, men den siste tiden har paret begynt \u00e5 dele mer om forholdet og hverdagen med fansen.\u00a0<\/p>\n<p class=\"font-weight-normal m-font-weight-normal\" data-lab-font_weight=\"font-weight-normal\">Det gj\u00f8r blant annet f\u00f8rstnevnte p\u00e5 Snapchat og p\u00e5 sin egen YouTube-kanal.\u00a0<\/p>\n<p>    <a itemprop=\"url\" href=\"https:\/\/www.seher.no\/kjendis\/avslorer-likte-egentlig-vennen-din\/83763413\" rel=\"nofollow noopener\" target=\"_blank\"><\/p>\n<p>        <img loading=\"lazy\" decoding=\"async\" src=\"https:\/\/www.europesays.com\/no\/wp-content\/uploads\/2025\/12\/83763430.webp\" width=\"147\" height=\"98\" title=\"Avsl\u00f8rer: - Likte egentlig vennen din\" alt=\"\" class=\"lazyload\" style=\"--aspect-ratio-image: 1.50; \"\/><\/p>\n<p>        Avsl\u00f8rer: &#8211; Likte egentlig vennen din<\/p>\n<p>    <\/a><\/p>\n<p class=\"font-weight-normal m-font-weight-normal\" data-lab-font_weight=\"font-weight-normal\">I et nytt intervju i podkasten<a href=\"https:\/\/open.spotify.com\/show\/2fDn3EgvJZ5J1k5rrBwrlZ?utm_medium=share&amp;utm_source=linktree\" rel=\"nofollow noopener\" target=\"_blank\"> \u00abThe Rest Is Football\u00bb<\/a> deler Erling \u00e5pent om livet utenfor banen i en samtale med programlederne Gary Lineker og Alan Shearer.<\/p>\n<p class=\"font-weight-normal m-font-weight-normal\" data-lab-font_weight=\"font-weight-normal\">Her avsl\u00f8rer han at kj\u00e6resten Isabel nylig ga ham en klar beskjed hjemme i sofakroken. <\/p>\n<p>        AVSL\u00d8RER: \u00abA-laget\u00bb f\u00e5r den ellers s\u00e5 private Erling Braut Haaland til \u00e5 lette p\u00e5 sl\u00f8ret om han og kj\u00e6resten Isabel Haugseng Johansen. Video: NRK TV\/ Thea Hope\/ R\u00f8d L\u00f8per<\/p>\n<p>&#8211; Hun er s\u00e5 lei\t<\/p>\n<p data-lab-font_weight=\"\">P\u00e5 et sp\u00f8rsm\u00e5l om hva 25-\u00e5ringen gj\u00f8r n\u00e5r han har fri, r\u00f8per han en nylig klinsj der Isabel m\u00e5tte sette ned foten.<\/p>\n<p>        <img loading=\"lazy\" decoding=\"async\" src=\"https:\/\/www.europesays.com\/no\/wp-content\/uploads\/2025\/12\/83962776.webp\" width=\"686\" height=\"995\" title=\"PRIVATE: Isabel og Erling er kjent for \u00e5 verne godt om privatlivet sitt. Foto: Mega\" alt=\"\" class=\"\" style=\"--aspect-ratio-image: 0.69; \"\/><\/p>\n<p>\n        PRIVATE: Isabel og Erling er kjent for \u00e5 verne godt om privatlivet sitt. Foto: Mega\n    <\/p>\n<p>F\u00e5 dager etter Fulham-kampen sjekket nordmannen om det gikk noen kamper som han kunne f\u00f8lge med p\u00e5, noe han vanligvis gj\u00f8r.\u00a0<\/p>\n<p>&#8211; Jeg er jo fotballfan. I g\u00e5r spiste jeg middag, og da sjekket jeg om det var noen kamper som ble spilt. Det var United mot West Ham, s\u00e5 jeg tenkte at den kan jeg sette p\u00e5, sier han.<\/p>\n<p>    <a itemprop=\"url\" href=\"https:\/\/www.seher.no\/kjendis\/bekrefter-ryktene\/83961315\" rel=\"nofollow noopener\" target=\"_blank\"><\/p>\n<p>        <img loading=\"lazy\" decoding=\"async\" src=\"https:\/\/www.europesays.com\/no\/wp-content\/uploads\/2025\/12\/1765368205_184_83961340.webp\" width=\"980\" height=\"441\" title=\"Bekrefter ryktene\" alt=\"\" class=\"lazyload\" style=\"--aspect-ratio-image: 2.22; \"\/><\/p>\n<p>        Bekrefter ryktene <\/p>\n<p>    <\/a><\/p>\n<p>Den ideen falt ikke helt i smak hos kj\u00e6resten Isabel.<\/p>\n<p class=\"font-weight-bold m-font-weight-bold\" data-lab-font_weight=\"font-weight-bold\">&#8211; Hun sa at hun er s\u00e5 lei av fotball. Vi ser p\u00e5 det hele tiden. Da sa jeg: \u00abJa, men det er derfor vi sitter her\u00bb.<\/p>\n<p>        <img loading=\"lazy\" decoding=\"async\" src=\"https:\/\/www.europesays.com\/no\/wp-content\/uploads\/2025\/12\/83962778.webp\" width=\"686\" height=\"556\" title=\"P\u00c5 TRILLETUR: Isabel og Erling ble foreldre i desember i fjor. Her er Isabel p\u00e5 trilletur med moren Alexsdandra i Manchester. Foto: Eamonn and James Clarke\" alt=\"\" class=\"\" style=\"--aspect-ratio-image: 1.23; \"\/><\/p>\n<p>\n        P\u00c5 TRILLETUR: Isabel og Erling ble foreldre i desember i fjor. Her er Isabel p\u00e5 trilletur med moren Alexsdandra i Manchester. Foto: Eamonn and James Clarke\n    <\/p>\n<p>&#8211; Skikkelig respektl\u00f8st\t<\/p>\n<p>I det samme intervjuet snakker m\u00e5lmaskinen ogs\u00e5 \u00e5pent om frustrasjonen n\u00e5r manager Pep Guardiola tar ham av banen etter gode prestasjoner.\u00a0<\/p>\n<p>Da han scoret fem m\u00e5l mot Leipzig, ville han selvsagt ha den sjette ogs\u00e5.<\/p>\n<p>        TILBAKE: J\u00f8rgine Massa Vasstrand og familien er tilbake i ny sesong av \u00abFunkyfam\u00bb. Video: \u00abFunkyfam\u00bb\/ TV 2<\/p>\n<p>Han legger ikke skjul p\u00e5\u00a0at irritasjonen i slike situasjoner kan sl\u00e5 uheldig ut for lagkameraten som kommer inn. <\/p>\n<p>&#8211; Det hadde v\u00e6rt skikkelig respektl\u00f8st mot den som byttes inn om jeg var forbanna. Det er det siste jeg vil v\u00e6re, forklarer j\u00e6rbuen.<\/p>\n","protected":false},"excerpt":{"rendered":"Erling Braut Haaland og Isabel Haugseng Johansen: Fotballstjernen avsl\u00f8rer hendelse der kj\u00e6resten m\u00e5tte sette ned foten. PRIVATE DETALJER:&hellip;\n","protected":false},"author":2,"featured_media":109301,"comment_status":"","ping_status":"","sticky":false,"template":"","format":"standard","meta":{"footnotes":""},"categories":[59],"tags":[810,6091,479,2543,30,28,29,83,82],"class_list":{"0":"post-109300","1":"post","2":"type-post","3":"status-publish","4":"format-standard","5":"has-post-thumbnail","7":"category-sport","8":"tag-erling-braut-haaland","9":"tag-isabel-haugseng-johansen","10":"tag-kjendis","11":"tag-kjendisdesken","12":"tag-no","13":"tag-norge","14":"tag-norway","15":"tag-sport","16":"tag-sports"},"share_on_mastodon":{"url":"https:\/\/pubeurope.com\/@no\/115695177393206972","error":""},"_links":{"self":[{"href":"https:\/\/www.europesays.com\/no\/wp-json\/wp\/v2\/posts\/109300","targetHints":{"allow":["GET"]}}],"collection":[{"href":"https:\/\/www.europesays.com\/no\/wp-json\/wp\/v2\/posts"}],"about":[{"href":"https:\/\/www.europesays.com\/no\/wp-json\/wp\/v2\/types\/post"}],"author":[{"embeddable":true,"href":"https:\/\/www.europesays.com\/no\/wp-json\/wp\/v2\/users\/2"}],"replies":[{"embeddable":true,"href":"https:\/\/www.europesays.com\/no\/wp-json\/wp\/v2\/comments?post=109300"}],"version-history":[{"count":0,"href":"https:\/\/www.europesays.com\/no\/wp-json\/wp\/v2\/posts\/109300\/revisions"}],"wp:featuredmedia":[{"embeddable":true,"href":"https:\/\/www.europesays.com\/no\/wp-json\/wp\/v2\/media\/109301"}],"wp:attachment":[{"href":"https:\/\/www.europesays.com\/no\/wp-json\/wp\/v2\/media?parent=109300"}],"wp:term":[{"taxonomy":"category","embeddable":true,"href":"https:\/\/www.europesays.com\/no\/wp-json\/wp\/v2\/categories?post=109300"},{"taxonomy":"post_tag","embeddable":true,"href":"https:\/\/www.europesays.com\/no\/wp-json\/wp\/v2\/tags?post=109300"}],"curies":[{"name":"wp","href":"https:\/\/api.w.org\/{rel}","templated":true}]}}