{"id":109310,"date":"2025-12-10T12:15:23","date_gmt":"2025-12-10T12:15:23","guid":{"rendered":"https:\/\/www.europesays.com\/no\/109310\/"},"modified":"2025-12-10T12:15:23","modified_gmt":"2025-12-10T12:15:23","slug":"nyheter-telia-telias-tv-tjenester-er-oppe-og-gar-igjen","status":"publish","type":"post","link":"https:\/\/www.europesays.com\/no\/109310\/","title":{"rendered":"Nyheter, Telia | Telias TV-tjenester er oppe og g\u00e5r igjen"},"content":{"rendered":"\n<p>\u2013 TV-tjenesten v\u00e5r er n\u00e5 tilbake igjen. Vi beklager s\u00e5 mye for ulempen det medf\u00f8rte for ber\u00f8rte kunder, sier Ellen C. Scheen, kommunikasjonssjef i Telia, mens det er sju minutter igjen av h\u00e5ndballkampen.<\/p>\n<p>Midt i kvartfinalen i VM, der de norske h\u00e5ndball-kvinnene m\u00f8tte Montenegro tirsdag kveld, oppsto det problemer hos Telia.<\/p>\n<p>Derfor rapporterte flere, blant annet p\u00e5 X og i tips-innboksen til <a rel=\"noopener nofollow\" href=\"https:\/\/www.vg.no\/nyheter\/i\/k0aKnk\/romerikes-blad-vaepnet-politiaksjon-i-lillestroem\" target=\"_blank\">VG<\/a>, at de ikke fikk se kampen.<\/p>\n<p>Det var IT-problemer som for\u00e5rsaket tr\u00f8bbelet fordi det rammet b\u00e5de nettsider, sentralbordl\u00f8sningen til enkelte bedriftskunder og deler av TV-tjenesten, if\u00f8lge Telias kommunikasjonssjef.<\/p>\n<p>Ogs\u00e5 i Sverige har selskapet hatt store tekniske problemer, der blant annet telefonnummeret til politiet var nede.<\/p>\n<p>  <a href=\"https:\/\/www.rb.no\/5-43-2630626\" class=\"related-teaser has-image default-story-teaser article--c-eRUmMG article--c-eRUmMG-jKCPdD-design-default\" rel=\"nofollow noopener\" target=\"_blank\"><\/p>\n<p>    <img decoding=\"async\" loading=\"lazy\"  src=\"https:\/\/www.europesays.com\/no\/wp-content\/uploads\/2025\/12\/5_111_187437_Sats.jpg\" alt=\"\" class=\"brick-c-cFOWSL\" style=\"\"\/><\/p>\n<p>\n            Les ogs\u00e5<\/p>\n<p>              Varsler prisendring: \u2013 Vil variere fra medlem til medlem\n        <\/p>\n<p>  <\/a><\/p>\n","protected":false},"excerpt":{"rendered":"\u2013 TV-tjenesten v\u00e5r er n\u00e5 tilbake igjen. Vi beklager s\u00e5 mye for ulempen det medf\u00f8rte for ber\u00f8rte kunder,&hellip;\n","protected":false},"author":2,"featured_media":7393,"comment_status":"","ping_status":"","sticky":false,"template":"","format":"standard","meta":{"footnotes":""},"categories":[10],"tags":[36,20,21,24,25,15,3050,22,23,13,30,28,29,14,16,1510,10758,26,27],"class_list":{"0":"post-109310","1":"post","2":"type-post","3":"status-publish","4":"format-standard","5":"has-post-thumbnail","7":"category-norge","8":"tag-art","9":"tag-breaking-news","10":"tag-breakingnews","11":"tag-featured-news","12":"tag-featurednews","13":"tag-headlines","14":"tag-internett","15":"tag-latest-news","16":"tag-latestnews","17":"tag-news","18":"tag-no","19":"tag-norge","20":"tag-norway","21":"tag-nyheter","22":"tag-overskrifter","23":"tag-story","24":"tag-telia","25":"tag-top-stories","26":"tag-topstories"},"share_on_mastodon":{"url":"https:\/\/pubeurope.com\/@no\/115695224346781342","error":""},"_links":{"self":[{"href":"https:\/\/www.europesays.com\/no\/wp-json\/wp\/v2\/posts\/109310","targetHints":{"allow":["GET"]}}],"collection":[{"href":"https:\/\/www.europesays.com\/no\/wp-json\/wp\/v2\/posts"}],"about":[{"href":"https:\/\/www.europesays.com\/no\/wp-json\/wp\/v2\/types\/post"}],"author":[{"embeddable":true,"href":"https:\/\/www.europesays.com\/no\/wp-json\/wp\/v2\/users\/2"}],"replies":[{"embeddable":true,"href":"https:\/\/www.europesays.com\/no\/wp-json\/wp\/v2\/comments?post=109310"}],"version-history":[{"count":0,"href":"https:\/\/www.europesays.com\/no\/wp-json\/wp\/v2\/posts\/109310\/revisions"}],"wp:featuredmedia":[{"embeddable":true,"href":"https:\/\/www.europesays.com\/no\/wp-json\/wp\/v2\/media\/7393"}],"wp:attachment":[{"href":"https:\/\/www.europesays.com\/no\/wp-json\/wp\/v2\/media?parent=109310"}],"wp:term":[{"taxonomy":"category","embeddable":true,"href":"https:\/\/www.europesays.com\/no\/wp-json\/wp\/v2\/categories?post=109310"},{"taxonomy":"post_tag","embeddable":true,"href":"https:\/\/www.europesays.com\/no\/wp-json\/wp\/v2\/tags?post=109310"}],"curies":[{"name":"wp","href":"https:\/\/api.w.org\/{rel}","templated":true}]}}