{"id":109311,"date":"2025-12-10T12:17:24","date_gmt":"2025-12-10T12:17:24","guid":{"rendered":"https:\/\/www.europesays.com\/no\/109311\/"},"modified":"2025-12-10T12:17:24","modified_gmt":"2025-12-10T12:17:24","slug":"nyheter-sport-statsministeren-lover-a-hjelpe-utestedene-for-vm-skal-se-pa-hva-som-trengs","status":"publish","type":"post","link":"https:\/\/www.europesays.com\/no\/109311\/","title":{"rendered":"Nyheter, Sport | Statsministeren lover \u00e5 hjelpe utestedene f\u00f8r VM: \u2013 Skal se p\u00e5 hva som trengs"},"content":{"rendered":"\n<p>Flere av kampene i Nord-Amerika kommer til \u00e5 bli spilt etter endt skjenketid. N\u00e5 lover St\u00f8re \u00e5 sjekke ut muligheter som tilrettelegger for utestedene.<\/p>\n<p>\u2013 Vi har tradisjon i Norge for \u00e5 g\u00e5 og se kamper sammen p\u00e5 utesteder. Det mener vi at folk skal kunne gj\u00f8re i form av en full kamp. Ikke at den blir avbrutt omtrent ved pause eller litt ut i annen omgang, sier statsministeren til NRK.<\/p>\n<p>\u2013 N\u00e5 skal vi g\u00e5 inn og se p\u00e5 hva som trengs, og tilrettelegge regelendringer eller hva det m\u00e5tte v\u00e6re for \u00e5 sikre at det kan skje, legger han til.<\/p>\n<p>St\u00f8re svarer ogs\u00e5 p\u00e5 om hensynet til folkefest trumfer regler i dette tilfellet:<\/p>\n<p>\u2013 Jeg synes egentlig det. N\u00e5 m\u00e5 vi bare gj\u00f8re tilpasninger s\u00e5nn at vi kan se disse kampene sammen. Det er langt til USA, og det er ikke mange som kommer seg over dit.<\/p>\n<p>\u2013 Klart folk skal f\u00e5 se VM<\/p>\n<p>N\u00f8yaktig hva som m\u00e5 gj\u00f8res for \u00e5 tilpasse dagens regler, har ikke regjeringssjefen helt klart for seg.<\/p>\n<p>\u2013 Hva som skal til, skal vi n\u00e5 se p\u00e5. Det er god tid. Vi vet at dette skal skje i juni og kanskje inn i juli ogs\u00e5. Da skal vi legge til rette for at folk skal kunne se sammen med det fellesskapet som utestedene tilbyr, sier han.<\/p>\n<p>Arbeiderpartiets parlamentariske leder Tonje Brenna kommer med samme l\u00f8fte.<\/p>\n<p>\u2013 Klart folk skal f\u00e5 se fotball-VM. Ogs\u00e5 p\u00e5 pub. Ogs\u00e5 n\u00e5r kampene spilles p\u00e5 natta. Hvis vi har regler som hindrer dette, m\u00e5 vi l\u00f8se det. Det lover Arbeiderpartiet, skriver hun p\u00e5 Facebook.ene spilles p\u00e5 natta. Hvis vi har regler som hindrer dette, m\u00e5 vi l\u00f8se det. Det lover Arbeiderpartiet, skriver hun p\u00e5 Facebook.<\/p>\n<p>  <a href=\"https:\/\/www.rb.no\/5-43-2629359\" class=\"related-teaser default-story-teaser article--c-eRUmMG article--c-eRUmMG-jKCPdD-design-default article--c-eRUmMG-kpKLOW-cv\" rel=\"nofollow noopener\" target=\"_blank\"><\/p>\n<p>\n            Les ogs\u00e5<\/p>\n<p>              Her g\u00e5r det galt p\u00e5 gullfesten: Dundrer i bakken\n        <\/p>\n<p>  <\/a><br \/>\n  Senegal blir nattkamp<\/p>\n<p>I forrige uke ble det klart at Norge m\u00f8ter Senegal og Frankrike i gruppespillet under VM i USA. Motstander nummer tre blir klar til v\u00e5ren.<\/p>\n<p>Sikkert er det samtidig at Erling Braut Haaland og lagkameratene skal spille sine kamper p\u00e5 \u00f8stkysten. Det betyr at i hvert fall Senegal-kampen rammes av dagens skjenkeregler. Den starter klokka 02 norsk tid.<\/p>\n<p>Fremskrittspartiet har ogs\u00e5 tidligere varslet at de vil g\u00e5 inn for \u00e5 tilpasse dagens regler.<\/p>\n<p>Helse- og omsorgsdepartementet har uttalt at kommunene selv har stor frihet til \u00e5 regulere alkoholserveringen mellom klokka 06 p\u00e5 morgenen og klokka 03 p\u00e5 natten.<\/p>\n<p>  <a href=\"https:\/\/www.rb.no\/5-43-2630284\" class=\"related-teaser has-image default-story-teaser article--c-eRUmMG article--c-eRUmMG-jKCPdD-design-default\" rel=\"nofollow noopener\" target=\"_blank\"><\/p>\n<p>    <img decoding=\"async\" loading=\"lazy\"  src=\"https:\/\/www.europesays.com\/no\/wp-content\/uploads\/2025\/12\/1765273212_267_NTB_yFqozW4IUgk.jpg\" alt=\"\" class=\"brick-c-cFOWSL\" style=\"\"\/><\/p>\n<p>\n            Les ogs\u00e5<\/p>\n<p>              T\u00f8nnessen ferdig i LSK\n        <\/p>\n<p>  <\/a><\/p>\n<p>  <a href=\"https:\/\/www.rb.no\/5-43-2630341\" class=\"related-teaser has-image default-story-teaser article--c-eRUmMG article--c-eRUmMG-jKCPdD-design-default\" rel=\"nofollow noopener\" target=\"_blank\"><\/p>\n<p>    <img decoding=\"async\" loading=\"lazy\"  src=\"https:\/\/www.europesays.com\/no\/wp-content\/uploads\/2025\/12\/d%C3%B8dball-nordlie-blakern.jpg\" alt=\"\" class=\"brick-c-cFOWSL\" style=\"\"\/><\/p>\n<p>\n            Les ogs\u00e5<\/p>\n<p>              D\u00f8dball (228): Cuptriumf, supporterhyllest, Europa og LSK-stallen i 2026\n        <\/p>\n<p>  <\/a><\/p>\n","protected":false},"excerpt":{"rendered":"Flere av kampene i Nord-Amerika kommer til \u00e5 bli spilt etter endt skjenketid. N\u00e5 lover St\u00f8re \u00e5 sjekke&hellip;\n","protected":false},"author":2,"featured_media":109312,"comment_status":"","ping_status":"","sticky":false,"template":"","format":"standard","meta":{"footnotes":""},"categories":[59],"tags":[36,30,28,29,14,13500,83,82,1510,1871],"class_list":{"0":"post-109311","1":"post","2":"type-post","3":"status-publish","4":"format-standard","5":"has-post-thumbnail","7":"category-sport","8":"tag-art","9":"tag-no","10":"tag-norge","11":"tag-norway","12":"tag-nyheter","13":"tag-skjenkeregler","14":"tag-sport","15":"tag-sports","16":"tag-story","17":"tag-vm"},"share_on_mastodon":{"url":"https:\/\/pubeurope.com\/@no\/115695232385361089","error":""},"_links":{"self":[{"href":"https:\/\/www.europesays.com\/no\/wp-json\/wp\/v2\/posts\/109311","targetHints":{"allow":["GET"]}}],"collection":[{"href":"https:\/\/www.europesays.com\/no\/wp-json\/wp\/v2\/posts"}],"about":[{"href":"https:\/\/www.europesays.com\/no\/wp-json\/wp\/v2\/types\/post"}],"author":[{"embeddable":true,"href":"https:\/\/www.europesays.com\/no\/wp-json\/wp\/v2\/users\/2"}],"replies":[{"embeddable":true,"href":"https:\/\/www.europesays.com\/no\/wp-json\/wp\/v2\/comments?post=109311"}],"version-history":[{"count":0,"href":"https:\/\/www.europesays.com\/no\/wp-json\/wp\/v2\/posts\/109311\/revisions"}],"wp:featuredmedia":[{"embeddable":true,"href":"https:\/\/www.europesays.com\/no\/wp-json\/wp\/v2\/media\/109312"}],"wp:attachment":[{"href":"https:\/\/www.europesays.com\/no\/wp-json\/wp\/v2\/media?parent=109311"}],"wp:term":[{"taxonomy":"category","embeddable":true,"href":"https:\/\/www.europesays.com\/no\/wp-json\/wp\/v2\/categories?post=109311"},{"taxonomy":"post_tag","embeddable":true,"href":"https:\/\/www.europesays.com\/no\/wp-json\/wp\/v2\/tags?post=109311"}],"curies":[{"name":"wp","href":"https:\/\/api.w.org\/{rel}","templated":true}]}}