{"id":109313,"date":"2025-12-10T12:21:10","date_gmt":"2025-12-10T12:21:10","guid":{"rendered":"https:\/\/www.europesays.com\/no\/109313\/"},"modified":"2025-12-10T12:21:10","modified_gmt":"2025-12-10T12:21:10","slug":"kringkastingsradet-eurovision-kringkastingsradet-behandler-ikke-eurovision-klager","status":"publish","type":"post","link":"https:\/\/www.europesays.com\/no\/109313\/","title":{"rendered":"Kringkastingsr\u00e5det, Eurovision | Kringkastingsr\u00e5det behandler ikke Eurovision-klager"},"content":{"rendered":"\n<p>Onsdag hadde NRK mottatt 2490 henvendelser om Israels deltakelse i Eurovision, if\u00f8lge <a href=\"https:\/\/www.kampanje.com\/medier\/behandler-ikke-over-2000-eurovision-klager\/966559\" rel=\"nofollow noopener\" target=\"_blank\">Kampanje<\/a>.<\/p>\n<p>Kringkastingsr\u00e5det m\u00f8tes torsdag, men Israels deltakelse i Eurovision vil ikke bli tatt opp.<\/p>\n<p>Spesialr\u00e5dgiver i NRK Erik Skarrud sier at det er to grunner til dette.<\/p>\n<p><b>Les ogs\u00e5: <a href=\"https:\/\/www.nettavisen.no\/nyhetsvarsel\/machado-kommer-til-oslo-rekker-ikke-fredsprisutdelingen\/s\/5-95-2772568\" rel=\"Follow nofollow noopener\" target=\"_blank\">Machado kommer til Oslo: Rekker ikke fredsprisutdelingen<\/a><\/b><\/p>\n<p>\u2013 R\u00e5det bestemte p\u00e5 forrige m\u00f8te at sp\u00f8rsm\u00e5let om eventuell boikott av Eurovision ikke h\u00f8rer hjemme i r\u00e5dets mandat. Den andre grunnen er at henvendelsene uansett har kommet etter at dokumentene til dette r\u00e5dsm\u00f8tet ble sendt ut.<\/p>\n<p>Fungerende r\u00e5dsleder Vilde Schanke Sundet sier til Kampanje at r\u00e5det behandlet henvendelser om Israel senest i h\u00f8st.<\/p>\n<p>\u2013 Den israelske kringkasterens deltakelse i Eurovision har v\u00e6rt oppe til diskusjon flere ganger i Kringkastingsr\u00e5det, sist i september, sier hun.<\/p>\n<p>(\u00a9NTB)<\/p>\n<p>    Vil du se neste video?<\/p>\n<p>    <a href=\"https:\/\/www.nettavisen.no\/nyheter\/ukrainske-spesialstyrker-skal-ha-tatt-ut-russiske-mal-pa-krim-halvoya\/v\/5-95-2764466\" class=\"recommend-poster\" data-adp-clicklabel=\"video-recommend\" data-adp-clickvalue=\"poster\" rel=\"nofollow noopener\" target=\"_blank\"><br \/>\n      <img decoding=\"async\" width=\"200\" height=\"200\" loading=\"lazy\" src=\"https:\/\/www.europesays.com\/no\/wp-content\/uploads\/2025\/12\/KAMPFLY+BREDDE.jpg\" alt=\"\" class=\"brick-c-cFOWSL\" style=\"--brick-image-ratio: 200 \/ 200;\"\/><\/p>\n<p>Tar ut russisk kampfly p\u00e5 Krim0:24<\/p>\n<p>    <\/a><\/p>\n","protected":false},"excerpt":{"rendered":"Onsdag hadde NRK mottatt 2490 henvendelser om Israels deltakelse i Eurovision, if\u00f8lge Kampanje. Kringkastingsr\u00e5det m\u00f8tes torsdag, men Israels&hellip;\n","protected":false},"author":2,"featured_media":108884,"comment_status":"","ping_status":"","sticky":false,"template":"","format":"standard","meta":{"footnotes":""},"categories":[12],"tags":[20,21,24,25,15,22,23,13,30,28,29,14,16,26,27,42,43,44,45],"class_list":{"0":"post-109313","1":"post","2":"type-post","3":"status-publish","4":"format-standard","5":"has-post-thumbnail","7":"category-verden","8":"tag-breaking-news","9":"tag-breakingnews","10":"tag-featured-news","11":"tag-featurednews","12":"tag-headlines","13":"tag-latest-news","14":"tag-latestnews","15":"tag-news","16":"tag-no","17":"tag-norge","18":"tag-norway","19":"tag-nyheter","20":"tag-overskrifter","21":"tag-top-stories","22":"tag-topstories","23":"tag-verden","24":"tag-world","25":"tag-world-news","26":"tag-worldnews"},"share_on_mastodon":{"url":"https:\/\/pubeurope.com\/@no\/115695248426307365","error":""},"_links":{"self":[{"href":"https:\/\/www.europesays.com\/no\/wp-json\/wp\/v2\/posts\/109313","targetHints":{"allow":["GET"]}}],"collection":[{"href":"https:\/\/www.europesays.com\/no\/wp-json\/wp\/v2\/posts"}],"about":[{"href":"https:\/\/www.europesays.com\/no\/wp-json\/wp\/v2\/types\/post"}],"author":[{"embeddable":true,"href":"https:\/\/www.europesays.com\/no\/wp-json\/wp\/v2\/users\/2"}],"replies":[{"embeddable":true,"href":"https:\/\/www.europesays.com\/no\/wp-json\/wp\/v2\/comments?post=109313"}],"version-history":[{"count":0,"href":"https:\/\/www.europesays.com\/no\/wp-json\/wp\/v2\/posts\/109313\/revisions"}],"wp:featuredmedia":[{"embeddable":true,"href":"https:\/\/www.europesays.com\/no\/wp-json\/wp\/v2\/media\/108884"}],"wp:attachment":[{"href":"https:\/\/www.europesays.com\/no\/wp-json\/wp\/v2\/media?parent=109313"}],"wp:term":[{"taxonomy":"category","embeddable":true,"href":"https:\/\/www.europesays.com\/no\/wp-json\/wp\/v2\/categories?post=109313"},{"taxonomy":"post_tag","embeddable":true,"href":"https:\/\/www.europesays.com\/no\/wp-json\/wp\/v2\/tags?post=109313"}],"curies":[{"name":"wp","href":"https:\/\/api.w.org\/{rel}","templated":true}]}}