{"id":109318,"date":"2025-12-10T12:24:19","date_gmt":"2025-12-10T12:24:19","guid":{"rendered":"https:\/\/www.europesays.com\/no\/109318\/"},"modified":"2025-12-10T12:24:19","modified_gmt":"2025-12-10T12:24:19","slug":"klar-salah-beskjed-etter-sjokk-intervjuet-han-ma-dra","status":"publish","type":"post","link":"https:\/\/www.europesays.com\/no\/109318\/","title":{"rendered":"Klar Salah-beskjed etter sjokk-intervjuet: &#8211; Han m\u00e5 dra!"},"content":{"rendered":"<p>\u2013\u00a0Jeg f\u00f8ler at klubben kaster meg under bussen, sa Mohamed Salah l\u00f8rdag i det <a href=\"https:\/\/www.tv2.no\/sport\/salah-fyrte-etter-nedtur-jeg-godtar-ikke-situasjonen\/18360042\/\" rel=\"nofollow noopener\" target=\"_blank\">oppsiktsvekkende intervjuet.<\/a><\/p>\n<p>Liverpools st\u00f8rste stjerne gj\u00f8r n\u00e6rmest aldri intervjuer, men etter en hel kamp p\u00e5 benken valgte han \u00e5 dele sin frustrasjon over hovedtrener Arne Slot.<\/p>\n<p>Treneren svarte med \u00e5 vrake ham til tirsdagens Champions League-kamp mot Inter.<\/p>\n<p>        <img class=\"image__img lazyload\" itemprop=\"image\" title=\"Foto: Luca Bruno \/ AP \/ NTB\" alt=\"FIKK ST\u00d8TTE: Arne Slot fikk tydelig st\u00f8tte fra Liverpools supportere da de tok en sterk borteseier mot Inter tirsdag. Foto: Luca Bruno \/ AP \/ NTB\" width=\"978\" height=\"656\" bad-src=\"https:\/\/www.europesays.com\/no\/wp-content\/uploads\/2025\/12\/18370598.webp\" fetchpriority=\"auto\" \/><\/p>\n<p>      FIKK ST\u00d8TTE: Arne Slot fikk tydelig st\u00f8tte fra Liverpools supportere da de tok en sterk borteseier mot Inter tirsdag.<br \/>\n         Foto: Luca Bruno \/ AP \/ NTB<\/p>\n<p>I Milano sang Liverpool-supporterne Slots navn og uttrykte st\u00f8tte til treneren.\u00a0<\/p>\n<p>N\u00e5 spekuleres det om egypterens \u00e6ra p\u00e5 Anfield snart er over.<\/p>\n<p>        <img class=\"image__img lazyload\" itemprop=\"image\" title=\"Foto: PETER POWELL \/ AFP \/ NTB\" alt=\"KOM ALENE: Mohamed Salah da han kj\u00f8rte alene inn p\u00e5 Liverpools treningsanlegg tirsdag. Foto: PETER POWELL \/ AFP \/ NTB\" width=\"978\" height=\"636\" bad-src=\"https:\/\/www.europesays.com\/no\/wp-content\/uploads\/2025\/12\/18370634.webp\" fetchpriority=\"auto\" \/><\/p>\n<p>      KOM ALENE: Mohamed Salah da han kj\u00f8rte alene inn p\u00e5 Liverpools treningsanlegg tirsdag.<br \/>\n         Foto: PETER POWELL \/ AFP \/ NTB<\/p>\n<p>\u2013 Du m\u00e5 oppf\u00f8re deg<\/p>\n<p> \u2013 Jeg synes det er en skam det han gjorde etter kampen, sa Jamie Carragher i Sky Sports\u2019 studio mandag kveld.<\/p>\n<p>Den tidligere Liverpool-spilleren er blant flere eksperter som har skjelt ut Salah for m\u00e5ten han gikk ut mot klubben p\u00e5.<\/p>\n<p>Tirsdag kom han med en slags beklagelse.<\/p>\n<p>\u2013 Mo, jeg beklager om jeg har gjort deg lei deg. Jeg elsker deg som Liverpool-spiller, men du m\u00e5 bare oppf\u00f8re deg utenfor banen, sa Carragher.<\/p>\n<p>        <img class=\"image__img lazyload\" itemprop=\"image\" title=\"Foto: Privat\" alt=\"ALENE: Dette bildet av seg selv p\u00e5 treningssenteret til Liverpool delte Mohamed Salah tirsdag. Foto: Privat\" width=\"978\" height=\"1379\" bad-src=\"https:\/\/www.europesays.com\/no\/wp-content\/uploads\/2025\/12\/18370585.webp\" fetchpriority=\"auto\" \/><\/p>\n<p>      ALENE: Dette bildet av seg selv p\u00e5 treningssenteret til Liverpool delte Mohamed Salah tirsdag.<br \/>\n         Foto: Privat<\/p>\n<p>Tidligere p\u00e5 dagen delte Salah dette bildet av seg selv alene p\u00e5 Liverpools treningssenter mens lagkameratene forberedte seg til Champions League-kamp i Milano.<\/p>\n<p>Bildet fyrte ytterligere opp rundt debatten om han setter seg selv foran klubben, men lagkamerater som Andrew Robertson og\u00a0Dominik Szoboszlai har likt innlegget.<\/p>\n<p>I intervjusonen etter kamp tirsdag satte Szoboszlai ord p\u00e5 den vanskelige situasjonen.<\/p>\n<p>\u2013 Jeg elsker ham s\u00e5 mye som den personen han er og som er venn av meg. Som spiller har han gjort s\u00e5 mye for denne klubben. Dette vil bli en avgj\u00f8relse for klubben og ham. Det er ikke opp til spillerne, sa han.<\/p>\n<p>\u2013 De st\u00e5r bak treneren<\/p>\n<p>Carragher mener at supporternes tydelige st\u00f8tte til Slot under tirsdagens kamp viser at de tar trenerens side i konflikten.<\/p>\n<p> \u2013 Det som virkelig var avsl\u00f8rende var at supporterne sang navnet hans i f\u00f8rste omgang da det sto 0\u20130. De st\u00e5r bak treneren sin, sa han.<\/p>\n<p>Etter kampen gikk Slot langt i \u00e5 antyde at det er Salah som m\u00e5 si unnskyld, da han fikk sp\u00f8rsm\u00e5l om han planlegger \u00e5 snakke med han de neste dagene.<\/p>\n<p>\u2013\u00a0Du sier at alle gj\u00f8r feil her i livet, men sp\u00f8rsm\u00e5let er om spillerne ogs\u00e5 b\u00f8r erkjenne det? Og burde initiativet kommer fra spilleren eller meg, sier han til Amazon Prime Video.<\/p>\n<p>I Liverpool spekuleres det i om Slot og Salah skal m\u00f8tes onsdag for en prat om situasjonen.<\/p>\n<p>        <img class=\"image__img lazyload\" itemprop=\"image\" title=\"Foto: PHIL NOBLE \/ Reuters \/ NTB\" alt=\"KONG MO: Mohamed Salah har v\u00e6rt en publikumsfavoritt under sin suksessfulle periode som Liverpool-spiller, men n\u00e5 tyder mye p\u00e5 at den egyptiske kongen i Liverpool abdiserer i januar. Foto: PHIL NOBLE \/ Reuters \/ NTB\" width=\"675\" height=\"959\" bad-src=\"https:\/\/www.europesays.com\/no\/wp-content\/uploads\/2025\/12\/18366265.webp\" fetchpriority=\"auto\" \/><\/p>\n<p>      KONG MO: Mohamed Salah har v\u00e6rt en publikumsfavoritt under sin suksessfulle periode som Liverpool-spiller, men n\u00e5 tyder mye p\u00e5 at den egyptiske kongen i Liverpool abdiserer i januar.<br \/>\n         Foto: PHIL NOBLE \/ Reuters \/ NTB<\/p>\n<p>\u2013 Han m\u00e5 dra!<\/p>\n<p>Den anerkjente engelske journalisten Henry Winter er ikke i tvil om hva klubben b\u00f8r gj\u00f8re.<\/p>\n<p>\u2013 Det er vanskelig \u00e5 se hvordan Salah kan bli i Liverpool. En overgang i januar er det beste for alle parter, begynner han sitt innlegg p\u00e5 <a href=\"https:\/\/x.com\/henrywinter\/status\/1998295319604351184\" rel=\"nofollow\">X<\/a>.<\/p>\n<p>Salah skal uansett snart reise til Afrikamesterskapet. Winter mener at hans avskjedskamp i Liverpool b\u00f8r v\u00e6re mot Brighton f\u00f8r avreise til Afrika.<\/p>\n<p>Innlegget avsluttes med en klar beskjed til klubben.<\/p>\n<p class=\"bold m-bold\" data-lab-font_weight=\"bold\">\u2013 Han m\u00e5 dra, men det b\u00f8r gj\u00f8res med respekt. Salahs enorme bragder st\u00e5r skrevet i Liverpools historieb\u00f8ker, men hvert kapittel tar slutt.<\/p>\n<p>        <img class=\"image__img lazyload\" itemprop=\"image\" title=\"Foto: Jon Super \/ AP \/ NTB\" alt=\"\u00d8NSKET: Mohamed Salah er \u00f8nsket i Saudi-Arabia if\u00f8lge flere medier. Foto: Jon Super \/ AP \/ NTB\" width=\"978\" height=\"656\" bad-src=\"https:\/\/www.europesays.com\/no\/wp-content\/uploads\/2025\/12\/18366271.webp\" fetchpriority=\"auto\" \/><\/p>\n<p>      \u00d8NSKET: Mohamed Salah er \u00f8nsket i Saudi-Arabia if\u00f8lge flere medier.<br \/>\n         Foto: Jon Super \/ AP \/ NTB<\/p>\n<p>Salah skal angivelig v\u00e6re \u00f8nsket av klubber i\u00a0Saudi-Arabia, if\u00f8lge flere medier.<\/p>\n<p>\u2013 Saudi-Arabia har signalisert at landet er forberedt p\u00e5 \u00e5 gj\u00f8re \u00abhva som helst\u00bb for \u00e5 lokke den urolige Liverpool-spilleren i vinterens overgangsvindu, skriver <a href=\"https:\/\/gulfnews.com\/sport\/football\/saudi-arabia-keen-on-buying-salah-in-winter-transfer-window-1.500374310\" rel=\"nofollow noopener\" target=\"_blank\">Gulf News<\/a>.<\/p>\n<p>Steven Gerrard er uenig med Winter.<\/p>\n<p>\u2013 Liverpool trenger at Salah kommer tilbake p\u00e5 banen og scorer m\u00e5l, for han er den beste spilleren og beste m\u00e5lscoreren. Han vil hjelpe dem ut av dette, sier han.<\/p>\n<p>Liverpools neste kamp er 16.00 norsk tid hjemme mot Brighton l\u00f8rdag. De store sp\u00f8rsm\u00e5lene er om Salah spiller den kampen og om det eventuelt er hans siste kamp som Liverpool-spiller.<\/p>\n","protected":false},"excerpt":{"rendered":"\u2013\u00a0Jeg f\u00f8ler at klubben kaster meg under bussen, sa Mohamed Salah l\u00f8rdag i det oppsiktsvekkende intervjuet. Liverpools st\u00f8rste&hellip;\n","protected":false},"author":2,"featured_media":109319,"comment_status":"","ping_status":"","sticky":false,"template":"","format":"standard","meta":{"footnotes":""},"categories":[59],"tags":[30,28,29,83,82],"class_list":{"0":"post-109318","1":"post","2":"type-post","3":"status-publish","4":"format-standard","5":"has-post-thumbnail","7":"category-sport","8":"tag-no","9":"tag-norge","10":"tag-norway","11":"tag-sport","12":"tag-sports"},"share_on_mastodon":{"url":"https:\/\/pubeurope.com\/@no\/115695259673876801","error":""},"_links":{"self":[{"href":"https:\/\/www.europesays.com\/no\/wp-json\/wp\/v2\/posts\/109318","targetHints":{"allow":["GET"]}}],"collection":[{"href":"https:\/\/www.europesays.com\/no\/wp-json\/wp\/v2\/posts"}],"about":[{"href":"https:\/\/www.europesays.com\/no\/wp-json\/wp\/v2\/types\/post"}],"author":[{"embeddable":true,"href":"https:\/\/www.europesays.com\/no\/wp-json\/wp\/v2\/users\/2"}],"replies":[{"embeddable":true,"href":"https:\/\/www.europesays.com\/no\/wp-json\/wp\/v2\/comments?post=109318"}],"version-history":[{"count":0,"href":"https:\/\/www.europesays.com\/no\/wp-json\/wp\/v2\/posts\/109318\/revisions"}],"wp:featuredmedia":[{"embeddable":true,"href":"https:\/\/www.europesays.com\/no\/wp-json\/wp\/v2\/media\/109319"}],"wp:attachment":[{"href":"https:\/\/www.europesays.com\/no\/wp-json\/wp\/v2\/media?parent=109318"}],"wp:term":[{"taxonomy":"category","embeddable":true,"href":"https:\/\/www.europesays.com\/no\/wp-json\/wp\/v2\/categories?post=109318"},{"taxonomy":"post_tag","embeddable":true,"href":"https:\/\/www.europesays.com\/no\/wp-json\/wp\/v2\/tags?post=109318"}],"curies":[{"name":"wp","href":"https:\/\/api.w.org\/{rel}","templated":true}]}}