{"id":109326,"date":"2025-12-10T12:32:17","date_gmt":"2025-12-10T12:32:17","guid":{"rendered":"https:\/\/www.europesays.com\/no\/109326\/"},"modified":"2025-12-10T12:32:17","modified_gmt":"2025-12-10T12:32:17","slug":"sport-fotball-store-med-gode-nyheiter-til-olav","status":"publish","type":"post","link":"https:\/\/www.europesays.com\/no\/109326\/","title":{"rendered":"Sport, Fotball | St\u00f8re med gode nyheiter til Olav"},"content":{"rendered":"\n<p>\u2013 Me skal sj\u00e5 p\u00e5 kva som m\u00e5 bli gjort, om det blir regelendringar eller andre tiltak som trengst, seier statsminister Jonas Gahr St\u00f8re (Ap) til <a href=\"https:\/\/www.nrk.no\/norge\/skal-vurdere-a-utvide-skjenketida-under-vm-1.17685458\" rel=\"Follow nofollow noopener\" target=\"_blank\">NRK <\/a>om kor vidt nordmenn kan samlast under VM, ogs\u00e5 midt p\u00e5 natta.<\/p>\n<p>Dei to f\u00f8rste kampane til Norge i VM neste \u00e5r g\u00e5r klokka 00.00 og 02.00 norsk tid.<\/p>\n<p>Uttalen fr\u00e5 statsministeren kom berre dagar etter at Olav Madland, dagleg leiar ved Stasjoen pub p\u00e5 Varhaug, sa til J\u00e6rbladet at han h\u00e5pte p\u00e5 hjelp fr\u00e5 styresmaktene \u2013 slik at han kan arrangera VM-fest ved puben.<\/p>\n<p>\u2013 Me kan jo h\u00e5pa p\u00e5 eit nasjonalt vedtak om at me f\u00e5r ha ope og skjenka lenger. Elles er det vel opp til kvar kommune, sa Madland.<\/p>\n<p>  <a href=\"https:\/\/www.jbl.no\/5-103-1223671\" class=\"related-teaser has-image default-story-teaser article--c-eRUmMG article--c-eRUmMG-jKCPdD-design-default\" rel=\"nofollow noopener\" target=\"_blank\"><\/p>\n<p>    <img decoding=\"async\" loading=\"lazy\"  src=\"https:\/\/www.europesays.com\/no\/wp-content\/uploads\/2025\/12\/DSC03354.JPG\" alt=\"\" class=\"brick-c-cFOWSL\" style=\"\"\/><\/p>\n<p>\n            Les ogs\u00e5<\/p>\n<p>              Infantino og FIFA har sagt sitt \u2013 n\u00e5 kan \u00abKeegan\u00bb planlegga VM-fest p\u00e5 Varhaug\n        <\/p>\n<p>  <\/a><\/p>\n<p>N\u00e5 uttaler alts\u00e5 Jonas Gahr St\u00f8re til statskanalen at dei skal finna ei l\u00f8ysing.<\/p>\n<p>\u2013 Det er ein tradisjon i Norge at folk g\u00e5r p\u00e5 utestader for \u00e5 sj\u00e5 kampar saman. Dette er noko me skal finna ei l\u00f8ysing p\u00e5 i god tid f\u00f8r VM, seier St\u00f8re.<\/p>\n<p>Bransjesjef for servering i NHO Reiseliv, Tobias Strandskog-Christensen, seier at det er fantastiske nyheiter.<\/p>\n<p>\u2013 Det er bra at regjeringa s\u00f8rgjer for at VM blir ein folkefest. Serveringsbransjen st\u00e5r klar til \u00e5 bidra, seier han.<\/p>\n<p>Norge m\u00f8ter Irak, Bolivia eller Surinam i Boston midnatt 17. juni, Senegal i New York klokka 02:00 22. juni og Frankrike i Boston klokka 21:00 26. juni.<\/p>\n<p>Bryne n\u00e6ringsforening vil ogs\u00e5 arrangera VM-fest p\u00e5 J\u00e6ren etter modell fr\u00e5 festen p\u00e5 torget d\u00e5 Erling Braut Haaland og Manchester City var i Champions League-finalen mot Inter i 2023.<\/p>\n<p>Dagleg leiar Kenneth Lia har overfor J\u00e6rbladet varsla ei oppdatering om planane denne veka.<\/p>\n","protected":false},"excerpt":{"rendered":"\u2013 Me skal sj\u00e5 p\u00e5 kva som m\u00e5 bli gjort, om det blir regelendringar eller andre tiltak som&hellip;\n","protected":false},"author":2,"featured_media":109327,"comment_status":"","ping_status":"","sticky":false,"template":"","format":"standard","meta":{"footnotes":""},"categories":[59],"tags":[36,92,8634,1471,30,28,29,83,82,1510,13501,11971],"class_list":{"0":"post-109326","1":"post","2":"type-post","3":"status-publish","4":"format-standard","5":"has-post-thumbnail","7":"category-sport","8":"tag-art","9":"tag-fotball","10":"tag-fotball-vm-2026","11":"tag-ha","12":"tag-no","13":"tag-norge","14":"tag-norway","15":"tag-sport","16":"tag-sports","17":"tag-story","18":"tag-varhaug","19":"tag-vm-i-fotball"},"share_on_mastodon":{"url":"https:\/\/pubeurope.com\/@no\/115695291380510921","error":""},"_links":{"self":[{"href":"https:\/\/www.europesays.com\/no\/wp-json\/wp\/v2\/posts\/109326","targetHints":{"allow":["GET"]}}],"collection":[{"href":"https:\/\/www.europesays.com\/no\/wp-json\/wp\/v2\/posts"}],"about":[{"href":"https:\/\/www.europesays.com\/no\/wp-json\/wp\/v2\/types\/post"}],"author":[{"embeddable":true,"href":"https:\/\/www.europesays.com\/no\/wp-json\/wp\/v2\/users\/2"}],"replies":[{"embeddable":true,"href":"https:\/\/www.europesays.com\/no\/wp-json\/wp\/v2\/comments?post=109326"}],"version-history":[{"count":0,"href":"https:\/\/www.europesays.com\/no\/wp-json\/wp\/v2\/posts\/109326\/revisions"}],"wp:featuredmedia":[{"embeddable":true,"href":"https:\/\/www.europesays.com\/no\/wp-json\/wp\/v2\/media\/109327"}],"wp:attachment":[{"href":"https:\/\/www.europesays.com\/no\/wp-json\/wp\/v2\/media?parent=109326"}],"wp:term":[{"taxonomy":"category","embeddable":true,"href":"https:\/\/www.europesays.com\/no\/wp-json\/wp\/v2\/categories?post=109326"},{"taxonomy":"post_tag","embeddable":true,"href":"https:\/\/www.europesays.com\/no\/wp-json\/wp\/v2\/tags?post=109326"}],"curies":[{"name":"wp","href":"https:\/\/api.w.org\/{rel}","templated":true}]}}