{"id":109330,"date":"2025-12-10T12:36:13","date_gmt":"2025-12-10T12:36:13","guid":{"rendered":"https:\/\/www.europesays.com\/no\/109330\/"},"modified":"2025-12-10T12:36:13","modified_gmt":"2025-12-10T12:36:13","slug":"louvre-tyvene-var-bare-30-sekunder-unna-politiet","status":"publish","type":"post","link":"https:\/\/www.europesays.com\/no\/109330\/","title":{"rendered":"Louvre-tyvene var bare 30 sekunder unna politiet"},"content":{"rendered":"\n<p class=\"_lead_o9xde_2 _lead_xtcu6_50 layout-component text-serif-m layout-normal text-serif-l layout-component layout-wide layout-padded _wide_17hqh_1 layout-padded\">En ny rapport viser at det bare stod om 30 sekunder etter det spektakul\u00e6re innbruddet i museet i oktober.<\/p>\n<p><img alt=\" Foto: DIMITAR DILKOFF \/ AFP \/ NTB\" class=\"_image_qp4xg_65 layout-component layout-wide\" data-fullscreen- data-track-element-type=\"Article image fullscreen\" data-track-name=\"ImageFullscreen\" fetchpriority=\"high\" decoding=\"sync\" loading=\"eager\" height=\"703\" itemprop=\"image\"  src=\"https:\/\/www.europesays.com\/no\/wp-content\/uploads\/2025\/12\/fc297b2d-02d1-4593-ae00-964869bc421e\"  style=\"object-position:0% 0%\" width=\"1080\"\/> Foto: DIMITAR DILKOFF \/ AFP \/ NTB<\/p>\n<ul aria-hidden=\"true\" class=\"_images_ntbth_112\">\n<li><a class=\"_link_ntbth_117\" href=\"https:\/\/www.vg.no\/forfatter\/ntb\" style=\"z-index:1\" title=\"NTB\" rel=\"nofollow noopener\" target=\"_blank\"><img alt=\"Bilde av NTB\" class=\"_image_ntbth_93\" fetchpriority=\"low\" loading=\"lazy\" decoding=\"async\" itemprop=\"image\"  src=\"https:\/\/www.europesays.com\/no\/wp-content\/uploads\/2025\/12\/1765370170_385_c33980b0-5d07-4027-84a1-813f90a7c8d6\"  width=\"480\"\/><\/a><\/li>\n<\/ul>\n<p> Oppdatert onsdag 10. desember kl. 13:08     <\/p>\n<p class=\"_paragraph_o9xde_4 _paragraph_xtcu6_10 layout-component text-serif-m layout-normal text-serif-m layout-padded\">Uerstattelige smykker er enn\u00e5 ikke funnet. <\/p>\n<p class=\"_paragraph_o9xde_4 _paragraph_xtcu6_10 layout-component text-serif-m layout-normal text-serif-m layout-padded\"><strong class=\"_strong_o9xde_25\">En granskingsrapport som ble offentliggjort onsdag, kommer med krass kritikk av museets sikkerhetsopplegg. <\/strong><\/p>\n<p class=\"_paragraph_o9xde_4 _paragraph_xtcu6_10 layout-component text-serif-m layout-normal text-serif-m layout-padded\">Ett av de mest oppsiktsvekkende funnene var at tyvene, uten \u00e5 vite det, kom seg unna bare 30 sekunder f\u00f8r politiet n\u00e5dde fram. <\/p>\n<p class=\"_paragraph_o9xde_4 _paragraph_xtcu6_10 layout-component text-serif-m layout-normal text-serif-m layout-padded\">Tyvene tok seg inn gjennom et vindu i andre etasje ved \u00e5 bruke en mindre lastebil med uttrekkbar stige. <\/p>\n<p>Svikt<\/p>\n<p class=\"_paragraph_o9xde_4 _paragraph_xtcu6_10 layout-component text-serif-m layout-normal text-serif-m layout-padded\">Bare ett av to overv\u00e5kingskameraer var i drift p\u00e5 innbruddsstedet. <\/p>\n<p class=\"_paragraph_o9xde_4 _paragraph_xtcu6_10 layout-component text-serif-m layout-normal text-serif-m layout-padded\">Vaktene i hovedkontoret til sikkerhetsselskapet hadde heller ikke nok skjermer til \u00e5 f\u00f8lge hendelsen i sanntid.<\/p>\n<p><img alt=\"Soldater ble utplassert etter innbruddet 19. oktober. Lange k\u00f8er av bes\u00f8kende som m\u00f8tte stengte d\u00f8rer.   Foto: Emma Da Silva \/ AP \/ NTB\" class=\"_image_qp4xg_65 layout-component layout-normal\" data-fullscreen- data-track-element-type=\"Article image fullscreen\" data-track-name=\"ImageFullscreen\" decoding=\"async\" loading=\"lazy\" height=\"5119\" itemprop=\"image\"  src=\"https:\/\/www.europesays.com\/no\/wp-content\/uploads\/2025\/12\/1af4aecd-debc-4fe4-8337-d298ebb19c8f\"  style=\"object-position:0% 0%\" width=\"7678\"\/>Soldater ble utplassert etter innbruddet 19. oktober. Lange k\u00f8er av bes\u00f8kende som m\u00f8tte stengte d\u00f8rer.   Foto: Emma Da Silva \/ AP \/ NTB<\/p>\n<p class=\"_paragraph_o9xde_4 _paragraph_xtcu6_10 layout-component text-serif-m layout-normal text-serif-m layout-padded\">Det var ogs\u00e5 d\u00e5rlig samordning mellom ulike instanser, noe som f\u00f8rte til at politiet f\u00f8rst ble sendt til feil sted, framg\u00e5r det av rapporten som kulturdepartementet har f\u00e5tt utarbeidet.<\/p>\n<p class=\"_paragraph_o9xde_4 _paragraph_xtcu6_10 layout-component text-serif-m layout-normal text-serif-m layout-padded\">\u2013 Rapporten viser at det var en systemfeil i sikkerhetsopplegget ved hele museet, sier kommisjonens leder Laurent Lafon under presentasjonen av hva som sviktet.<\/p>\n<p>Kunne v\u00e6rt unng\u00e5tt<\/p>\n<p class=\"_paragraph_o9xde_4 _paragraph_xtcu6_10 layout-component text-serif-m layout-normal text-serif-m layout-padded\">Lafon sier at et moderne kamerasystem, panserglass i d\u00f8rer og vinduer og bedre koordinering kunne ha avverget tyveriet av smykker og juveler til en ansl\u00e5tt verdi av mer enn 100 millioner euro. <\/p>\n<p><img alt=\"Foto: STEPHANE DE SAKUTIN \/ AFP \/ NTB\" class=\"_image_qp4xg_65 layout-component layout-normal\" data-fullscreen- data-track-element-type=\"Article image fullscreen\" data-track-name=\"ImageFullscreen\" decoding=\"async\" loading=\"lazy\" height=\"701\" itemprop=\"image\"  src=\"https:\/\/www.europesays.com\/no\/wp-content\/uploads\/2025\/12\/befcf289-e160-4c06-8d38-61b1198d2598\"  style=\"object-position:0% 0%\" width=\"1080\"\/>Foto: STEPHANE DE SAKUTIN \/ AFP \/ NTB<\/p>\n<p class=\"_paragraph_o9xde_4 _paragraph_xtcu6_10 layout-component text-serif-m layout-normal text-serif-m layout-padded\">Granskingen avsl\u00f8rer at anbefalingene i en sikkerhetsrapport fra 2019, utf\u00f8rt av juvelerfirmaet Van Cleef &amp; Arpels, ikke ble fulgt opp. Dagens sjef for Louvre, Laurence des Cars, innr\u00f8mmet under avh\u00f8r at hun ikke var gjort kjent med denne evalueringen. <\/p>\n<p class=\"_paragraph_o9xde_4 _paragraph_xtcu6_10 layout-component text-serif-m layout-normal text-serif-m layout-padded\">Politiet har arrestert de fire personene som de mener sto bak det oppsiktsvekkende innbruddet. Alle fire tok seg vekk p\u00e5 kraftige motorsykler. <\/p>\n<p class=\"_paragraph_o9xde_4 _paragraph_xtcu6_10 layout-component text-serif-m layout-normal text-serif-m layout-padded\">Hele operasjonen tok rundt ti minutter \u00e5 gjennomf\u00f8re.<\/p>\n<p class=\"_paragraph_o9xde_4 _paragraph_xtcu6_10 layout-component text-serif-m layout-normal text-serif-m layout-padded\"><strong class=\"_strong_o9xde_25\">Her forsvinner tyvene \u2013 se video:<\/strong><\/p>\n","protected":false},"excerpt":{"rendered":"En ny rapport viser at det bare stod om 30 sekunder etter det spektakul\u00e6re innbruddet i museet i&hellip;\n","protected":false},"author":2,"featured_media":109331,"comment_status":"","ping_status":"","sticky":false,"template":"","format":"standard","meta":{"footnotes":""},"categories":[12],"tags":[20,21,24,25,15,22,23,9342,13,30,28,29,14,16,10946,26,27,1063,42,43,44,45],"class_list":{"0":"post-109330","1":"post","2":"type-post","3":"status-publish","4":"format-standard","5":"has-post-thumbnail","7":"category-verden","8":"tag-breaking-news","9":"tag-breakingnews","10":"tag-featured-news","11":"tag-featurednews","12":"tag-headlines","13":"tag-latest-news","14":"tag-latestnews","15":"tag-louvre","16":"tag-news","17":"tag-no","18":"tag-norge","19":"tag-norway","20":"tag-nyheter","21":"tag-overskrifter","22":"tag-smykker","23":"tag-top-stories","24":"tag-topstories","25":"tag-tyveri","26":"tag-verden","27":"tag-world","28":"tag-world-news","29":"tag-worldnews"},"share_on_mastodon":{"url":"https:\/\/pubeurope.com\/@no\/115695307129279954","error":""},"_links":{"self":[{"href":"https:\/\/www.europesays.com\/no\/wp-json\/wp\/v2\/posts\/109330","targetHints":{"allow":["GET"]}}],"collection":[{"href":"https:\/\/www.europesays.com\/no\/wp-json\/wp\/v2\/posts"}],"about":[{"href":"https:\/\/www.europesays.com\/no\/wp-json\/wp\/v2\/types\/post"}],"author":[{"embeddable":true,"href":"https:\/\/www.europesays.com\/no\/wp-json\/wp\/v2\/users\/2"}],"replies":[{"embeddable":true,"href":"https:\/\/www.europesays.com\/no\/wp-json\/wp\/v2\/comments?post=109330"}],"version-history":[{"count":0,"href":"https:\/\/www.europesays.com\/no\/wp-json\/wp\/v2\/posts\/109330\/revisions"}],"wp:featuredmedia":[{"embeddable":true,"href":"https:\/\/www.europesays.com\/no\/wp-json\/wp\/v2\/media\/109331"}],"wp:attachment":[{"href":"https:\/\/www.europesays.com\/no\/wp-json\/wp\/v2\/media?parent=109330"}],"wp:term":[{"taxonomy":"category","embeddable":true,"href":"https:\/\/www.europesays.com\/no\/wp-json\/wp\/v2\/categories?post=109330"},{"taxonomy":"post_tag","embeddable":true,"href":"https:\/\/www.europesays.com\/no\/wp-json\/wp\/v2\/tags?post=109330"}],"curies":[{"name":"wp","href":"https:\/\/api.w.org\/{rel}","templated":true}]}}