{"id":109349,"date":"2025-12-10T13:18:19","date_gmt":"2025-12-10T13:18:19","guid":{"rendered":"https:\/\/www.europesays.com\/no\/109349\/"},"modified":"2025-12-10T13:18:19","modified_gmt":"2025-12-10T13:18:19","slug":"oyunn-krogh-svarer-pa-nissene-i-skjul-sammenligning","status":"publish","type":"post","link":"https:\/\/www.europesays.com\/no\/109349\/","title":{"rendered":"\u00d8yunn Krogh svarer p\u00e5 \u00abNissene i skjul\u00bb-sammenligning"},"content":{"rendered":"<p class=\"kicker \" style=\"\">\u00d8yunn Krogh:<\/p>\n<p>  Ryktene svirrer om at NRKs nye julekalender parodierer \u00abSommerhytta\u00bb-vinneren. N\u00e5 svarer realityprofilen selv.<\/p>\n<p>\n    PARODI: Disse \u00abNissene i skjul\u00bb-karakterene minner seerne om en annen reality-duo. N\u00e5 svarer \u00d8yunn Krogh p\u00e5 rykteflommen. Foto: NRK\n  <\/p>\n<p>Julen n\u00e6rmer seg med stormskritt, og selv om det mange steder fortsatt er bart p\u00e5 bakken, kan man sanke inn litt julestemning ved \u00e5 se p\u00e5 en av julekalenderene som i disse dager ruller over TV-skjermene.<\/p>\n<p>Blant de mest popul\u00e6re finner man klassikerne \u00abJul i Bl\u00e5fjell\u00bb og\u00a0\u00abJul i Svingen\u00bb, men de seinere \u00e5ra har ogs\u00e5 kanalene presentert nye konsept med realityfokuserte julekalendere.\u00a0<\/p>\n<p>    <a itemprop=\"url\" href=\"https:\/\/www.seher.no\/kjendis\/jeg-var-fylt-av-angst\/83946108\" rel=\"nofollow noopener\" target=\"_blank\"><\/p>\n<p>        <img loading=\"lazy\" decoding=\"async\" src=\"https:\/\/www.europesays.com\/no\/wp-content\/uploads\/2025\/12\/1765372691_297_83946018.webp\" width=\"147\" height=\"98\" title=\"- Jeg var fylt av angst\" alt=\"\" class=\"lazyload\" style=\"--aspect-ratio-image: 1.50; \"\/><\/p>\n<p>        &#8211; Jeg var fylt av angst<\/p>\n<p>    <\/a><\/p>\n<p> Nesten \u00e9n million fikk med seg f\u00f8rste episode av NRKs nye julekalender\u00a0\u00abNissene i skjul\u00bb p\u00e5 under et d\u00f8gn, if\u00f8lge\u00a0<a href=\"https:\/\/www.kampanje.com\/medier\/nrk-knuser-tv-2-i-forste-runde-av-julekalender-kampen\/964726?utm_source=sdrn%3Avg%3Aarticle%3A43jMde\" rel=\"nofollow noopener\" target=\"_blank\">Kampanje<\/a>, og TV 2s \u00abRampenissen\u00bb sanket 593.000 seere p\u00e5 sin f\u00f8rste episode. <\/p>\n<p>Avkreftet rykter\t<\/p>\n<p>F\u00f8rstenevnte har ogs\u00e5 f\u00e5tt stor oppmerksomhet i sosiale medier, der flere p\u00e5peker at karakterene er inspirert av ekte norske profiler.\u00a0<\/p>\n<p>        \u00abNISSENE I SKJUL\u00bb: Mikkel Niva fikk en makeover i julekalenderen. Video: \u00abNissene i skjul\u00bb\/NRK.<\/p>\n<p>Karakteren \u00abFrederick\u00bb tror mange at er inspirert av treningsinfluenseren Scott Engh, som d\u00f8de i en fallulykke ved Gaustadtoppen i sommer, bare 22 \u00e5r gammel.<\/p>\n<p>B\u00e5de NRK og Herman Flesvig, som spiller karakteren, har derimot avvist overfor\u00a0<a href=\"https:\/\/www.vg.no\/rampelys\/i\/Gx1GM6\/nissene-i-skjul-er-frederick-inspirert-av-coach-engh\" rel=\"nofollow noopener\" target=\"_blank\">VG<\/a>\u00a0og <a href=\"https:\/\/www.tv2.no\/underholdning\/reagerer-pa-nrk-kalender-vis-litt-respekt\/18351230\/\" rel=\"nofollow noopener\" target=\"_blank\">TV 2<\/a> at karakteren bygger p\u00e5 den avd\u00f8de influenseren.<\/p>\n<p>    <a itemprop=\"url\" href=\"https:\/\/www.seher.no\/kjendis\/avslorer-hun-er-lei\/83962706\" rel=\"nofollow noopener\" target=\"_blank\"><\/p>\n<p>        <img loading=\"lazy\" decoding=\"async\" src=\"https:\/\/www.europesays.com\/no\/wp-content\/uploads\/2025\/12\/1765372692_383_83962768.webp\" width=\"980\" height=\"441\" title=\"Avsl\u00f8rer: - Hun er lei\" alt=\"\" class=\"lazyload\" style=\"--aspect-ratio-image: 2.22; \"\/><\/p>\n<p>        Avsl\u00f8rer: &#8211; Hun er lei<\/p>\n<p>    <\/a><\/p>\n<p>Andre har bitt seg merke at det er likheter mellom Amalie Stuves (24) karakter, Mette, og realityprofil \u00d8yunn Krogh (30), og n\u00e5 tar sistnevnte bladet fra munnen i forbindelse med parodi-ryktene.<\/p>\n<p>        <img loading=\"lazy\" decoding=\"async\" src=\"https:\/\/www.europesays.com\/no\/wp-content\/uploads\/2025\/12\/83964341.webp\" width=\"686\" height=\"975\" title=\"VINNERE: I 202 klatret \u00d8yunn Krogh og Levi Try helt til topps i oppsussingsprogrammet \u00abSommerhytta\u00bb. Foto: Andreas Fadum\/Se og H\u00f8r\" alt=\"\" class=\"\" style=\"--aspect-ratio-image: 0.70; \"\/><\/p>\n<p>\n        VINNERE: I 202 klatret \u00d8yunn Krogh og Levi Try helt til topps i oppsussingsprogrammet \u00abSommerhytta\u00bb. Foto: Andreas Fadum\/Se og H\u00f8r\n    <\/p>\n<p>&#8211; Karakteren hennes kan kanskje virke som at er en smule inspirert av meg, og n\u00e5 vil jeg ikke\u00a0\u00abtoot my own horn\u00bb fordi denne karakteren er \u00e5penbart, i likhet med mange av de andre karakterene, inspirert av flere stereotypier og ikke enkeltindivider,\u00a0forteller hun i en video delt p\u00e5 Snapchat.<\/p>\n<p>&#8211; Helt overdreven\t<\/p>\n<p>I serien er karakteren Mette vinneren av den fiktive serien \u00abFjordhytta\u00bb som b\u00e6rer et \u00e5penbart preg av oppussingsprogrammet \u00abSommerhytta\u00bb &#8211; som Krogh vant i 2020.\u00a0<\/p>\n<p>        INTIMT: Under en av konkurransene i TV2 sin julekalender \u00abRampenissen\u00bb m\u00e5tte alle deltakerne stille seg under mistelteinen. Reporter: Karolina Rusov-Hansen. Video: \u00abRampenissen\u00bb TV2.<\/p>\n<p>Realityprofilen drar ogs\u00e5 koblinger mellom ekskj\u00e6resten, Levi Try (27), og Mette kj\u00e6reste i programmet, Tarik, spilt av Javad Al Bakali (31).<\/p>\n<p> Try og Krogh gikk hver til sitt i 2022, og i dag er hun sammen med <a href=\"https:\/\/www.dagbladet.no\/kjendis\/vi-startet-med-det-jaevligste\/83456864\" rel=\"nofollow noopener\" target=\"_blank\">samboeren \u00c5dne Birkeland (27)<\/a>.<\/p>\n<p>        <img loading=\"lazy\" decoding=\"async\" src=\"https:\/\/www.europesays.com\/no\/wp-content\/uploads\/2025\/12\/83964367.webp\" width=\"686\" height=\"1002\" title=\"PAR: \u00d8yunn tok med seg kj\u00e6resten \u00c5dne Birkeland p\u00e5 Reality Awards i fjor. Foto: Andreas Fadum \/ Se og H\u00f8r\" alt=\"\" class=\"\" style=\"--aspect-ratio-image: 0.68; \"\/><\/p>\n<p>\n        PAR: \u00d8yunn tok med seg kj\u00e6resten \u00c5dne Birkeland p\u00e5 Reality Awards i fjor. Foto: Andreas Fadum \/ Se og H\u00f8r\n    <\/p>\n<p>&#8211; Det er noen likhetstrekk som jeg bet meg merke i f\u00f8rst, og s\u00e5 sa jeg til \u00c5dne:\u00a0\u00abDet er ikke helt feil av meg \u00e5 tenke at hun er liitt inspirert av meg\u00bb, sier hun.<\/p>\n<p>&#8211; S\u00e5 er selvf\u00f8lgelig denne karakteren helt overdreven, og s\u00e5 anti-rasist at hun ender opp med \u00e5 bli ganske rasistisk. Det h\u00e5per jeg jo at jeg ikke gj\u00f8r, men hvis det er s\u00e5nn at Amalie er litt inspirert av meg s\u00e5 tar jeg det som et enormt kompliment.\u00a0<\/p>\n<p>    <a itemprop=\"url\" href=\"https:\/\/www.seher.no\/kjendis\/svarer-pa-ryktene-aldri-gjort-noe\/83953859\" rel=\"nofollow noopener\" target=\"_blank\"><\/p>\n<p>        <img loading=\"lazy\" decoding=\"async\" src=\"https:\/\/www.europesays.com\/no\/wp-content\/uploads\/2025\/12\/1765372699_658_83953106.webp\" width=\"980\" height=\"441\" title=\"Svarer p\u00e5 ryktene: - Aldri gjort noe\" alt=\"\" class=\"lazyload\" style=\"--aspect-ratio-image: 2.22; \"\/><\/p>\n<p>        Svarer p\u00e5 ryktene: &#8211; Aldri gjort noe<\/p>\n<p>    <\/a><\/p>\n<p class=\"italic m-italic\" data-lab-italic=\"italic\">\u00d8yunn Krogh har hittil ikke besvart Se og H\u00f8rs henvendelse i saken.\u00a0<\/p>\n<p class=\"no_italic m-no_italic\" data-lab-italic=\"\">Produsent i Seefood,\u00a0Jenny Vuong, sier til Se og H\u00f8r at hun synes det er moro at Krogh engasjerer seg i serien, men understreker likevel at ingen av karakterene tar utgangspunkt i virkelige personer.\u00a0<\/p>\n<p class=\"no_italic m-no_italic\" data-lab-italic=\"\">&#8211; Ingen av karakterene i serien er basert p\u00e5 virkelige personer eller laget som parodier. Karakterene er sammensatte figurer inspirert av arketyper eller personlighetstrekk vi ser i samfunnet &#8211; s\u00e6rlig typer som finnes i offentligheten, p\u00e5 sosiale medier og i realityuniverset. <\/p>\n","protected":false},"excerpt":{"rendered":"\u00d8yunn Krogh: Ryktene svirrer om at NRKs nye julekalender parodierer \u00abSommerhytta\u00bb-vinneren. N\u00e5 svarer realityprofilen selv. PARODI: Disse \u00abNissene&hellip;\n","protected":false},"author":2,"featured_media":109350,"comment_status":"","ping_status":"","sticky":false,"template":"","format":"standard","meta":{"footnotes":""},"categories":[5],"tags":[20,21,24,25,15,19,5721,479,2543,22,23,17,18,13,12798,30,28,29,787,14,16,2496,13503,10862,26,27],"class_list":{"0":"post-109349","1":"post","2":"type-post","3":"status-publish","4":"format-standard","5":"has-post-thumbnail","7":"category-overskrifter","8":"tag-breaking-news","9":"tag-breakingnews","10":"tag-featured-news","11":"tag-featurednews","12":"tag-headlines","13":"tag-hovedoppslag","14":"tag-julekalender","15":"tag-kjendis","16":"tag-kjendisdesken","17":"tag-latest-news","18":"tag-latestnews","19":"tag-main-news","20":"tag-mainnews","21":"tag-news","22":"tag-nissene-i-skjul","23":"tag-no","24":"tag-norge","25":"tag-norway","26":"tag-nrk","27":"tag-nyheter","28":"tag-overskrifter","29":"tag-oyunn-krogh","30":"tag-parodi","31":"tag-sommerhytta","32":"tag-top-stories","33":"tag-topstories"},"share_on_mastodon":{"url":"https:\/\/pubeurope.com\/@no\/115695472469255039","error":""},"_links":{"self":[{"href":"https:\/\/www.europesays.com\/no\/wp-json\/wp\/v2\/posts\/109349","targetHints":{"allow":["GET"]}}],"collection":[{"href":"https:\/\/www.europesays.com\/no\/wp-json\/wp\/v2\/posts"}],"about":[{"href":"https:\/\/www.europesays.com\/no\/wp-json\/wp\/v2\/types\/post"}],"author":[{"embeddable":true,"href":"https:\/\/www.europesays.com\/no\/wp-json\/wp\/v2\/users\/2"}],"replies":[{"embeddable":true,"href":"https:\/\/www.europesays.com\/no\/wp-json\/wp\/v2\/comments?post=109349"}],"version-history":[{"count":0,"href":"https:\/\/www.europesays.com\/no\/wp-json\/wp\/v2\/posts\/109349\/revisions"}],"wp:featuredmedia":[{"embeddable":true,"href":"https:\/\/www.europesays.com\/no\/wp-json\/wp\/v2\/media\/109350"}],"wp:attachment":[{"href":"https:\/\/www.europesays.com\/no\/wp-json\/wp\/v2\/media?parent=109349"}],"wp:term":[{"taxonomy":"category","embeddable":true,"href":"https:\/\/www.europesays.com\/no\/wp-json\/wp\/v2\/categories?post=109349"},{"taxonomy":"post_tag","embeddable":true,"href":"https:\/\/www.europesays.com\/no\/wp-json\/wp\/v2\/tags?post=109349"}],"curies":[{"name":"wp","href":"https:\/\/api.w.org\/{rel}","templated":true}]}}