{"id":109361,"date":"2025-12-10T13:30:19","date_gmt":"2025-12-10T13:30:19","guid":{"rendered":"https:\/\/www.europesays.com\/no\/109361\/"},"modified":"2025-12-10T13:30:19","modified_gmt":"2025-12-10T13:30:19","slug":"tidenes-sesong-for-til-veteranen-skulle-onske-sesongen-var-litt-lengre","status":"publish","type":"post","link":"https:\/\/www.europesays.com\/no\/109361\/","title":{"rendered":"Tidenes sesong for TIL-veteranen: \u2013 Skulle \u00f8nske sesongen var litt lengre"},"content":{"rendered":"<p>\u2013 Det hadde jeg ikke f\u00e5tt med meg, men det er jo utrolig hyggelig, sier Ruben Ytterg\u00e5rd Jenssen n\u00e5r iTroms\u00f8 ringer for \u00e5 sp\u00f8rre hvordan det f\u00f8les \u00e5 bli nominert til \u00ab\u00c5rets troms\u00f8v\u00e6ring\u00bb.<\/p>\n<p>TIL-kapteinen har nettopp tatt juleferie etter en knakende god sesong der \u00abGutan\u00bb kapret bronsemedaljen knepent foran Brann i eliteserien.<\/p>\n<p>\u2013 Det betyr veldig mye. Man prater hele tiden om at man har lyst \u00e5 bli bedre. At vi tok bronsemedaljen er et lite bevis p\u00e5 at det l\u00f8nner seg. Etter hvert s\u00e5 ble det en kjempeartig sesong der vi f\u00f8ler vi ble bedre og bedre. Til slutt fikk vi virkelig betalt for arbeidet vi la ned.<\/p>\n<p><a href=\"https:\/\/www.itromso.no\/nyheter\/i\/XMwR3E\/dette-er-de-nominerte-til-aarets-tromsoevaering\" rel=\"nofollow noopener\" target=\"_blank\"> <img decoding=\"async\" src=\"data:image\/gif;base64,R0lGODlhEAAJAIAAAP\/\/\/wAAACH5BAEAAAAALAAAAAAQAAkAAAIKhI+py+0Po5yUFQA7\" alt=\"\"\/>   Dette er de nominerte til \u00ab\u00c5rets troms\u00f8v\u00e6ring\u00bb  <\/a> \u2013 Jeg synes fortsatt at fotball er sinnssykt artig<\/p>\n<p>Det s\u00e5 ikke like lyst ut i v\u00e5r, da TIL tapte flere kamper p\u00e5 rad og mange begynte \u00e5 snakke om nok en trenersparking.<\/p>\n<p>\u2013 Internt hadde vi troen hele veien. Vi f\u00f8lte ikke at vi var s\u00e5 svake i perioden da vi slet, men i toppidrett er det utrolig sm\u00e5 marginer, p\u00e5peker Jenssen.<\/p>\n<p>Han burde vite hva han snakker om. TIL-kapteinen, som fyller 38 \u00e5r i mai til neste \u00e5r, har spilt p\u00e5 toppniv\u00e5 i snart 20 \u00e5r, rundet 400 kamper og blir etter alle solemerker \u00e5 g\u00e5 forbi TIL-legenden Bj\u00f8rn \u00abBummen\u00bb Johansen som enn s\u00e5 lenge topper adelskalenderen i TIL med 405 kamper.<\/p>\n<p>Selv om han i fotballsammenheng er i den alderen der mange allerede har lagt opp eller begynner \u00e5 tenke tanken, signerte Jenssen i h\u00f8st en ny avtale med \u00abGutan\u00bb ut 2026-sesongen.<\/p>\n<p>\u2013 Jeg synes fortsatt at fotball er sinnssykt artig. B\u00e5de det \u00e5 jobbe i lag med kompiser som man blir veldig glad i og godt kjent med, samt den stadige jakten etter sm\u00e5 detaljer og sm\u00e5 forbedringer, b\u00e5de som enkeltspiller og lag. Selv etter 20 \u00e5r p\u00e5 toppniv\u00e5 l\u00e6rer jeg ting hele tiden.<\/p>\n<p><img decoding=\"async\" src=\"data:image\/gif;base64,R0lGODlhEAAJAIAAAP\/\/\/wAAACH5BAEAAAAALAAAAAAQAAkAAAIKhI+py+0Po5yUFQA7\" alt=\"\"\/><br \/>\n  Ruben Ytterg\u00e5rd Jenssen kan se tilbake p\u00e5 en knallsterk sesong i TIL-drakten, som ble kronet med bronsemedalje og en usl\u00e5elig statistikk.<br \/>\n  <strong>Foto:<\/strong> Steffen Todal Lykseth\u2013 Har ikke skjedd f\u00f8r<\/p>\n<p>At han i f\u00f8rste omgang bare ser ett \u00e5r fram i tid, er helt bevisst.<\/p>\n<p>\u2013 Jeg har fors\u00f8kt \u00e5 unng\u00e5 \u00e5 tenke s\u00e5 langt fram i tid n\u00e5r man er s\u00e5 gammel som jeg, for jeg tror ikke det er s\u00e5 lurt. Det handler om at det er s\u00e5 mange faktorer som man ikke kan kontrollere, s\u00e5 akkurat n\u00e5 er jeg veldig takknemlig for \u00e5 f\u00e5 spille i ett \u00e5r til, forklarer Jenssen.<\/p>\n<p>I \u00e5rets sesong har i alle fall marginene i aller h\u00f8yeste grad spilt p\u00e5 lag med TIL-kapteinen. Jenssen startet ikke bare samtlige av \u00e5rets 30 eliteseriekamper. Han spilte ogs\u00e5 samtlige minutter av \u00e5rets sesong, det vil si at han ikke ble byttet ut i en eneste kamp.<\/p>\n<p>\u2013 Det stemmer. Jeg tror faktisk ikke det har skjedd f\u00f8r. I de fleste andre sesonger har det v\u00e6rt noen gule kort eller sm\u00e5skader eller bytter.<\/p>\n<p><strong>\u2013 Hva tror du er grunnen til at du har klart \u00e5 holde deg skadefri og i s\u00e5 god form?<\/strong><\/p>\n<p>\u2013 Man l\u00e6rer seg ett og annet om kroppen etter hvert som \u00e5rene g\u00e5r. Og s\u00e5 er det slik at vi fotballspillere er forskjellige fysisk. Jeg er ikke s\u00e5 eksplosiv, det er ofte spillere med den type muskelfibre som sliter med skader n\u00e5r de blir eldre.<\/p>\n<p>Hadde det v\u00e6rt opp til Jenssen, kunne han godt ha spilt enda flere kamper i \u00e5r.<\/p>\n<p>\u2013 Jeg skulle \u00f8nske sesongen var litt lengre. N\u00e5r det er s\u00e5 kaldt ute, kjenner man ikke at man blir sliten. Man blir bare full av adrenalin, forklarer Jenssen, f\u00f8r han legger til:<\/p>\n<p>\u2013 S\u00e5 n\u00e5 gleder jeg meg til oppstarten i januar.<\/p>\n<p>Heiagjeng og kritikere<\/p>\n<p>TIL-kapteinen er for \u00f8vrig helt klar p\u00e5 at en viktig forutsetning for at han skulle fortsette p\u00e5 toppniv\u00e5 i ett \u00e5r til, var at familiens hans sa ja til det. Med tre gutter p\u00e5 fire, ni og elleve \u00e5r er det nemlig nok \u00e5 f\u00f8lge opp p\u00e5 hjemmebane for ham og kona.<\/p>\n<p>\u2013 At familien syntes det var greit er selvf\u00f8lgelig ekstremt viktig, ellers hadde det ikke g\u00e5tt, p\u00e5peker han.<\/p>\n<p>Da hjelper det nok \u00e5 ha en familie som ogs\u00e5 er interessert i fotball. B\u00e5de kona og de tre guttene er p\u00e5 alle hjemmekampene til TIL.<\/p>\n<p>\u2013 De synes det er veldig artig og stas \u00e5 f\u00e5 v\u00e6re med p\u00e5 alt, ellers hadde det v\u00e6rt umulig \u00e5 gjennomf\u00f8re.<\/p>\n<p>Jenssen f\u00e5r imidlertid h\u00f8re det hjemme n\u00e5r laget ikke presterer. Barna er nemlig ikke som han selv, der fokuset alltid er p\u00e5 \u00e5 ta \u00e9n kamp av gangen.<\/p>\n<p>\u2013 De kan v\u00e6re strenge med meg og jeg f\u00e5r h\u00f8re det n\u00e5r vi ikke gj\u00f8r det bra. De er blant annet veldig opptatt av tabellen og de sier klart ifra om at vi m\u00e5 vinne, forteller Jenssen.<\/p>\n<p>Blir neppe fotballtrener<\/p>\n<p>Hva som skjer den dagen TIL-kapteinen legger opp, vet han ikke enn\u00e5.<\/p>\n<p>\u2013 Jeg f\u00e5r det sp\u00f8rsm\u00e5let veldig ofte. Jeg har tatt en bachelor i ledelse, innovasjon og marked som jeg var ferdig med for halvannet \u00e5r siden og har vurdert \u00e5 ta en master i det. Jeg tror det er sunt \u00e5 gj\u00f8re noe annet enn fotballen og f\u00e5 et annet perspektiv.<\/p>\n<p>Han tviler p\u00e5 at han blir \u00e5 velge en trenerkarriere, slik mange andre spillere gj\u00f8r n\u00e5r deres egen spillerkarriere er over.<\/p>\n<p>\u2013 Hadde jeg ikke hatt familie, hadde jeg nok hatt lyst til \u00e5 fortsette i fotballen, men det er vanskelig \u00e5 f\u00e5 til ellers. Jeg er allerede barnetrener for mine to eldste gutter og har det veldig fint med det, p\u00e5peker Jenssen.<\/p>\n<p>N\u00e5 venter julefeiring hjemme i Troms\u00f8 f\u00f8r familien setter kursen mot varmere str\u00f8k i romjula.<\/p>\n<p>\u2013 Vi drar til Gran Canaria, jeg synes det er utrolig fint der.<\/p>\n","protected":false},"excerpt":{"rendered":"\u2013 Det hadde jeg ikke f\u00e5tt med meg, men det er jo utrolig hyggelig, sier Ruben Ytterg\u00e5rd Jenssen&hellip;\n","protected":false},"author":2,"featured_media":109362,"comment_status":"","ping_status":"","sticky":false,"template":"","format":"standard","meta":{"footnotes":""},"categories":[59],"tags":[13504,92,30,28,29,12193,83,82,471],"class_list":{"0":"post-109361","1":"post","2":"type-post","3":"status-publish","4":"format-standard","5":"has-post-thumbnail","7":"category-sport","8":"tag-arets-tromsovaering","9":"tag-fotball","10":"tag-no","11":"tag-norge","12":"tag-norway","13":"tag-ruben-yttergard-jenssen","14":"tag-sport","15":"tag-sports","16":"tag-til"},"share_on_mastodon":{"url":"https:\/\/pubeurope.com\/@no\/115695519319593005","error":""},"_links":{"self":[{"href":"https:\/\/www.europesays.com\/no\/wp-json\/wp\/v2\/posts\/109361","targetHints":{"allow":["GET"]}}],"collection":[{"href":"https:\/\/www.europesays.com\/no\/wp-json\/wp\/v2\/posts"}],"about":[{"href":"https:\/\/www.europesays.com\/no\/wp-json\/wp\/v2\/types\/post"}],"author":[{"embeddable":true,"href":"https:\/\/www.europesays.com\/no\/wp-json\/wp\/v2\/users\/2"}],"replies":[{"embeddable":true,"href":"https:\/\/www.europesays.com\/no\/wp-json\/wp\/v2\/comments?post=109361"}],"version-history":[{"count":0,"href":"https:\/\/www.europesays.com\/no\/wp-json\/wp\/v2\/posts\/109361\/revisions"}],"wp:featuredmedia":[{"embeddable":true,"href":"https:\/\/www.europesays.com\/no\/wp-json\/wp\/v2\/media\/109362"}],"wp:attachment":[{"href":"https:\/\/www.europesays.com\/no\/wp-json\/wp\/v2\/media?parent=109361"}],"wp:term":[{"taxonomy":"category","embeddable":true,"href":"https:\/\/www.europesays.com\/no\/wp-json\/wp\/v2\/categories?post=109361"},{"taxonomy":"post_tag","embeddable":true,"href":"https:\/\/www.europesays.com\/no\/wp-json\/wp\/v2\/tags?post=109361"}],"curies":[{"name":"wp","href":"https:\/\/api.w.org\/{rel}","templated":true}]}}