{"id":109373,"date":"2025-12-10T13:41:10","date_gmt":"2025-12-10T13:41:10","guid":{"rendered":"https:\/\/www.europesays.com\/no\/109373\/"},"modified":"2025-12-10T13:41:10","modified_gmt":"2025-12-10T13:41:10","slug":"jubilant-sykes-funnet-drept-i-los-angeles-sonnen-pagrepet","status":"publish","type":"post","link":"https:\/\/www.europesays.com\/no\/109373\/","title":{"rendered":"Jubilant Sykes funnet drept i Los Angeles \u2013 s\u00f8nnen p\u00e5grepet"},"content":{"rendered":"<p class=\"kicker \" style=\"\">Jubilant Sykes:<\/p>\n<p>  Han var en stor stjerne i sitt felt. N\u00e5 har han mistet livet.<\/p>\n<p>\n    71 \u00c5R: Jubilant Sykes ble drept i sitt eget hjem. Foto: GRHO \/ NTB\n  <\/p>\n<p>Den amerikanske artisten Jubilant Sykes ble f\u00f8dt i Los Angeles, og det ble tidlig i livet hans oppdaget at han var et operatalent.\u00a0\u00a0<\/p>\n<p>Et glitrende soprantalent som barn, som i voksen alder skulle bli Grammy-nominert for baryton-r\u00f8sten sin.<\/p>\n<p>    <a itemprop=\"url\" href=\"https:\/\/www.seher.no\/kjendis\/raser-mot-eksen\/83952617\" rel=\"nofollow noopener\" target=\"_blank\"><\/p>\n<p>        <img loading=\"lazy\" decoding=\"async\" src=\"https:\/\/www.europesays.com\/no\/wp-content\/uploads\/2025\/12\/83953200.webp\" width=\"147\" height=\"98\" title=\"Raser mot eksen\" alt=\"\" class=\"lazyload\" style=\"--aspect-ratio-image: 1.50; \"\/><\/p>\n<p>        Raser mot eksen<\/p>\n<p>    <\/a><\/p>\n<p><a href=\"https:\/\/www.tmz.com\/2025\/12\/09\/jubilant-sykes-dead\/\" rel=\"nofollow noopener\" target=\"_blank\">TMZ<\/a> melder n\u00e5 at Jubilant er d\u00f8d. Artisten ble funnet knivstukket i hjel i sitt hjem i Los Angeles mandag denne uken.<\/p>\n<p>        <img loading=\"lazy\" decoding=\"async\" src=\"https:\/\/www.europesays.com\/no\/wp-content\/uploads\/2025\/12\/83963395.webp\" width=\"686\" height=\"597\" title=\"HAR G\u00c5TT BORT: Jubilant Sykes ble 71 \u00e5r. Foto: AP \/ NTB\" alt=\"\" class=\"\" style=\"--aspect-ratio-image: 1.15; \"\/><\/p>\n<p>\n        HAR G\u00c5TT BORT: Jubilant Sykes ble 71 \u00e5r. Foto: AP \/ NTB\n    <\/p>\n<p>Han ble 71 \u00e5r.<\/p>\n<p>Det var liten tvil om at det var tale om drap, og artistens s\u00f8nn ble p\u00e5grepet i forbindelse med d\u00f8dsfallet.<\/p>\n<p>        SKJULES FRA MAMMA: Solveig Kloppen r\u00f8per at hun f\u00e5r se Tiktok-videoene som s\u00f8nnen Albert legger ut av henne. Reporter: Sanne Holt. Video: Nora Skavhaug\/ R\u00f8d L\u00f8per\/ Tiktok\/ @albertkloppen<\/p>\n<p>Politiet har uttalt at de fikk en n\u00f8dsamtale fra en uidentifisert person som kunne melde fra om en p\u00e5g\u00e5ende kamp hjemme hos Jubilant.<\/p>\n<p>Da de ankom \u00e5stedet ba vedkommende p\u00e5 telefonen politiet om \u00e5 g\u00e5 inn i artistens bolig, hvor de fant ham med \u00abkritiske skader samsvarende med knivstikking\u00bb, sa politiet.<\/p>\n<p>    <a itemprop=\"url\" href=\"https:\/\/www.seher.no\/kjendis\/avslorer-hun-er-lei\/83962706\" rel=\"nofollow noopener\" target=\"_blank\"><\/p>\n<p>        <img loading=\"lazy\" decoding=\"async\" src=\"https:\/\/www.europesays.com\/no\/wp-content\/uploads\/2025\/12\/1765374070_322_83962768.webp\" width=\"980\" height=\"441\" title=\"Avsl\u00f8rer: - Hun er lei\" alt=\"\" class=\"lazyload\" style=\"--aspect-ratio-image: 2.22; \"\/><\/p>\n<p>        Avsl\u00f8rer: &#8211; Hun er lei<\/p>\n<p>    <\/a><\/p>\n<p>Jubilant mistet livet p\u00e5 \u00e5stedet.<\/p>\n<p>En annen person ble ogs\u00e5 funnet inne i huset &#8211; Jubilants 31 \u00e5r gamle s\u00f8nn. Han ble p\u00e5grepet i forbindelse med drapet, og sitter i varetekt mistenkt for \u00e5 ha drept sin far.\u00a0<\/p>\n<p>        \u00abHelt Perfekt\u00bb er tilbake p\u00e5 TV 2 Play med en ny sesong etter en 12 \u00e5rs lang pause, der Thomas Giertsen og resten av gjengen vender tilbake sammen med flere nye profiler. Video: \u00abThomas Giertsen: Helt Perfekt\u00bb \/ TV2. <\/p>\n<p>Kausjonen er satt til to millioner dollar, alts\u00e5 dr\u00f8yt 20 millioner norske kroner.<\/p>\n<p>Det er n\u00e5 opp til p\u00e5talemyndighetene i Los Angeles \u00e5 g\u00e5 over bevismateriale for \u00e5 avgj\u00f8re hvorvidt det skal tas ut tiltalte. Det er ikke bekreftet noe motiv for drapet.<\/p>\n","protected":false},"excerpt":{"rendered":"Jubilant Sykes: Han var en stor stjerne i sitt felt. N\u00e5 har han mistet livet. 71 \u00c5R: Jubilant&hellip;\n","protected":false},"author":2,"featured_media":109374,"comment_status":"","ping_status":"","sticky":false,"template":"","format":"standard","meta":{"footnotes":""},"categories":[58],"tags":[4104,71,13508,479,4916,30,28,29,72],"class_list":{"0":"post-109373","1":"post","2":"type-post","3":"status-publish","4":"format-standard","5":"has-post-thumbnail","7":"category-underholdning","8":"tag-eksklusivt","9":"tag-entertainment","10":"tag-jubilant-sykes","11":"tag-kjendis","12":"tag-kjendisdodsfall","13":"tag-no","14":"tag-norge","15":"tag-norway","16":"tag-underholdning"},"share_on_mastodon":{"url":"https:\/\/pubeurope.com\/@no\/115695562635063695","error":""},"_links":{"self":[{"href":"https:\/\/www.europesays.com\/no\/wp-json\/wp\/v2\/posts\/109373","targetHints":{"allow":["GET"]}}],"collection":[{"href":"https:\/\/www.europesays.com\/no\/wp-json\/wp\/v2\/posts"}],"about":[{"href":"https:\/\/www.europesays.com\/no\/wp-json\/wp\/v2\/types\/post"}],"author":[{"embeddable":true,"href":"https:\/\/www.europesays.com\/no\/wp-json\/wp\/v2\/users\/2"}],"replies":[{"embeddable":true,"href":"https:\/\/www.europesays.com\/no\/wp-json\/wp\/v2\/comments?post=109373"}],"version-history":[{"count":0,"href":"https:\/\/www.europesays.com\/no\/wp-json\/wp\/v2\/posts\/109373\/revisions"}],"wp:featuredmedia":[{"embeddable":true,"href":"https:\/\/www.europesays.com\/no\/wp-json\/wp\/v2\/media\/109374"}],"wp:attachment":[{"href":"https:\/\/www.europesays.com\/no\/wp-json\/wp\/v2\/media?parent=109373"}],"wp:term":[{"taxonomy":"category","embeddable":true,"href":"https:\/\/www.europesays.com\/no\/wp-json\/wp\/v2\/categories?post=109373"},{"taxonomy":"post_tag","embeddable":true,"href":"https:\/\/www.europesays.com\/no\/wp-json\/wp\/v2\/tags?post=109373"}],"curies":[{"name":"wp","href":"https:\/\/api.w.org\/{rel}","templated":true}]}}