{"id":109377,"date":"2025-12-10T13:45:24","date_gmt":"2025-12-10T13:45:24","guid":{"rendered":"https:\/\/www.europesays.com\/no\/109377\/"},"modified":"2025-12-10T13:45:24","modified_gmt":"2025-12-10T13:45:24","slug":"i-kveld-kl-2000-kommer-rentebeslutningen","status":"publish","type":"post","link":"https:\/\/www.europesays.com\/no\/109377\/","title":{"rendered":"I kveld kl 20:00 kommer rentebeslutningen"},"content":{"rendered":"<p><b>Dagens (og ukens) viktigste begivenhet er utvilsomt Fed-m\u00f8tet.<\/b>\u00a0I kveld kl. 20:00 kommer rentebeslutningen. Vi venter, som de aller fleste andre, at renten senkes for tredje gang p\u00e5 rad, ogs\u00e5 denne gang med 25bp. Det kan imidlertid bli dissens fra et uvanlig stort mindretall (kanskje s\u00e5 mange som fem medlemmer). Alle de fire de regionale presidentene kan muligens stemme for uendret rente, mens Miran trolig \u00f8nsker et st\u00f8rre kutt. Feds renteprognoser (dot-plotet) vil trolig indikere ytterligere ett rentekutt i 2026 og ditto i 2027, som vil indikere at styringsrenten kommer ned til det niv\u00e5et Fed anser som n\u00f8ytralt. Markedet priser fullt inn rentekutt i dag, samt ytterligere to rentenedsettelser i l\u00f8pet av neste \u00e5r. Les gjerne mer om v\u00e5rt syn p\u00e5 rentebeslutningen\u00a0<a href=\"https:\/\/eur04.safelinks.protection.outlook.com\/?url=https%3A%2F%2Fwww.dnb.no%2Fseg-fundamental%2Ffundamentalweb%2Fgetreport.aspx%3Ffile%3DMRP_260555.pdf%26uid%3D552%26auth%3DfvCK5RMJbEV3ukUxiDaCQWMwx9A%253d&amp;data=05%7C02%7Cthomas.strzelecki%40dnb.no%7C0283da5ed069437eef3c08de37b570bd%7C4cbfea0ab87247f0b51c1c64953c3f0b%7C0%7C0%7C639009449590922665%7CUnknown%7CTWFpbGZsb3d8eyJFbXB0eU1hcGkiOnRydWUsIlYiOiIwLjAuMDAwMCIsIlAiOiJXaW4zMiIsIkFOIjoiTWFpbCIsIldUIjoyfQ%3D%3D%7C0%7C%7C%7C&amp;sdata=bpBo3fpEhKY89RwCF%2BkR20roC108ohoqRQkXvguYy9c%3D&amp;reserved=0\" rel=\"nofollow noopener\" target=\"_blank\">her<\/a>.\u00a0<\/p>\n<p><b>G\u00e5rsdagens tall indikerer at det kan bli lenge til neste rentekutt.<\/b>\u00a0Unders\u00f8kelsen blant sm\u00e5bedriftene (NFIB) viser at stadig flere planlegger \u00e5 \u00f8ke ansettelsene sine. Det kan tyde p\u00e5 at den svake perioden for sysselsettingen n\u00e6rmer seg slutten. Om det sl\u00e5r ut allerede i payrolls- tallene for november, som kommer p\u00e5 tirsdag neste uke, er for tidlig \u00e5 si. Men, en klar bedring i arbeidsmarkedet vil styrke oss i troen p\u00e5 at det ikke kommer flere rentekutt fremover. I tillegg indikerte NFIB at inflasjonspresset holder seg oppe, noe som heller ikke tilsier flere rentekutt fremover. JOLTS unders\u00f8kelsen viste dessuten at antall oppsigelser holdt seg lavt i september, men \u00f8kte litt i oktober. Det ser dermed ut som at arbeidsmarkedet fortsatt preges av f\u00e5 ansettelser, og ikke tiltakende antall oppsigelser. \u00a0\u00a0<\/p>\n<p><b>Vil en ny Fed-sjef kunne presse rentene mer ned neste \u00e5r?\u00a0<\/b>Mye tyder n\u00e5 p\u00e5 at det blir Kevin Hasset, som n\u00e5 leder National Economic Council (NEC), et r\u00e5dgivende organ for presidenten i \u00f8konomisk sp\u00f8rsm\u00e5l som tar over etter Powell. Hasset har tung faglig bakgrunn, som kan komme godt med som sentralbanksjef, men har i sin n\u00e5v\u00e6rende rolle vist sterkt st\u00f8tte til Trumps politikk. Bekymringen er derfor at han vil gj\u00f8re Fed mindre uavhengig som institusjon. V\u00e5rt syn er at han mest sannsynlig vil bli holdt i \u00f8rene av flertallet i rentekomiteen (FOMC). Vi kan \u00e5penbart ikke se bort fra muligheten for at han vil gj\u00f8re det han kan for \u00e5 presse styringsrenten mer ned, i tr\u00e5d med presidentens \u00f8nsker. Dersom det skjer i en situasjon med fortsatt for h\u00f8y inflasjon, kan de lange rentene stige, noe Trump neppe vil sette pris p\u00e5. \u00a0 \u00a0 \u00a0 \u00a0<\/p>\n<p><b>Avventende stemning i markedet f\u00f8r Fed-beslutningen.<\/b>\u00a0Aksjemarkedene endte med en liten nedgang p\u00e5 0,1 prosent b\u00e5de for Stoxx600 i Europa og for S&amp;P500 i USA, mens Nasdaq steg 0,1 prosent. De asiatiske b\u00f8rsene viser ogs\u00e5 moderat nedgang i dag. Her hjemme har det v\u00e6rt sm\u00e5 bevegelser for kronen dert siste d\u00f8gnet og EURNOK handles n\u00e5 rundt 11,81 og USDNOK rundt 10,16. R\u00e5oljeprisen (Brente) har trukket ned 0,7 prosent det siste d\u00f8gnet og handles ned mot 62 dollar fatet. <\/p>\n<p><b>N\u00e5 kl. 08:00 kommer de norske inflasjonstallene.\u00a0<\/b>Vi venter at kjerneinflasjonen kommer litt ned, fra 3,1 % \u00e5\/\u00e5 i oktober til 3,0 % \u00e5\/\u00e5 i november. Konsensus-synet er uendret inflasjonstakt. Samlet inflasjon ventes \u00e5 avta fra 3,1 % \u00e5\/\u00e5 til 2,7 % \u00e5\/\u00e5. Det er antakelig noe ekstra usikkerhet knyttet til november-tallene som f\u00f8lge av Black Week effekter, som b\u00e5de kan ha gitt store prisfall p\u00e5 varer i november, men som ogs\u00e5 kan gitt h\u00f8yere priser i oktober.\u00a0<\/p>\n","protected":false},"excerpt":{"rendered":"Dagens (og ukens) viktigste begivenhet er utvilsomt Fed-m\u00f8tet.\u00a0I kveld kl. 20:00 kommer rentebeslutningen. Vi venter, som de aller&hellip;\n","protected":false},"author":2,"featured_media":109378,"comment_status":"","ping_status":"","sticky":false,"template":"","format":"standard","meta":{"footnotes":""},"categories":[56],"tags":[60,185,61,740,739,62,30,28,29],"class_list":{"0":"post-109377","1":"post","2":"type-post","3":"status-publish","4":"format-standard","5":"has-post-thumbnail","7":"category-naeringsliv","8":"tag-business","9":"tag-dnb-carnegie","10":"tag-economy","11":"tag-makro","12":"tag-morgenrapport","13":"tag-naeringsliv","14":"tag-no","15":"tag-norge","16":"tag-norway"},"share_on_mastodon":{"url":"https:\/\/pubeurope.com\/@no\/115695578252098889","error":""},"_links":{"self":[{"href":"https:\/\/www.europesays.com\/no\/wp-json\/wp\/v2\/posts\/109377","targetHints":{"allow":["GET"]}}],"collection":[{"href":"https:\/\/www.europesays.com\/no\/wp-json\/wp\/v2\/posts"}],"about":[{"href":"https:\/\/www.europesays.com\/no\/wp-json\/wp\/v2\/types\/post"}],"author":[{"embeddable":true,"href":"https:\/\/www.europesays.com\/no\/wp-json\/wp\/v2\/users\/2"}],"replies":[{"embeddable":true,"href":"https:\/\/www.europesays.com\/no\/wp-json\/wp\/v2\/comments?post=109377"}],"version-history":[{"count":0,"href":"https:\/\/www.europesays.com\/no\/wp-json\/wp\/v2\/posts\/109377\/revisions"}],"wp:featuredmedia":[{"embeddable":true,"href":"https:\/\/www.europesays.com\/no\/wp-json\/wp\/v2\/media\/109378"}],"wp:attachment":[{"href":"https:\/\/www.europesays.com\/no\/wp-json\/wp\/v2\/media?parent=109377"}],"wp:term":[{"taxonomy":"category","embeddable":true,"href":"https:\/\/www.europesays.com\/no\/wp-json\/wp\/v2\/categories?post=109377"},{"taxonomy":"post_tag","embeddable":true,"href":"https:\/\/www.europesays.com\/no\/wp-json\/wp\/v2\/tags?post=109377"}],"curies":[{"name":"wp","href":"https:\/\/api.w.org\/{rel}","templated":true}]}}