{"id":109383,"date":"2025-12-10T13:48:39","date_gmt":"2025-12-10T13:48:39","guid":{"rendered":"https:\/\/www.europesays.com\/no\/109383\/"},"modified":"2025-12-10T13:48:39","modified_gmt":"2025-12-10T13:48:39","slug":"tonsberg-luftforsvaret-i-dag-bor-du-se-opp-skal-fly-i-formasjon-over-tonsberg","status":"publish","type":"post","link":"https:\/\/www.europesays.com\/no\/109383\/","title":{"rendered":"T\u00f8nsberg, Luftforsvaret | I dag b\u00f8r du se opp \u2013 skal fly i formasjon over T\u00f8nsberg"},"content":{"rendered":"\n<p>Luftforsvaret informerer onsdag morgen om at det er planlagt flere formasjonsflygninger, gjerne referert til som julestjerner, over fylket onsdag 10. desember.<\/p>\n<p><b>\u2013 Julestjerneflygningene har v\u00e6rt en kj\u00e6r tradisjon helt siden 1950-tallet. For oss er dette b\u00e5de en varm julehilsen til publikum og samtidig sv\u00e6rt god og viktig trening i formasjonflyging for v\u00e5re besetninger, skriver Luftforsvaret p\u00e5 sin Facebook-side. <\/b><\/p>\n<p>Formasjonsflyginger gjennomf\u00f8res med flere Bell 412, F-35 og Saab Safari, men det presiseres at spesielt v\u00e6ret og andre forhold kan endre planene p\u00e5 kort varsel.<\/p>\n<p>   <img decoding=\"async\" width=\"2048\" height=\"1365\" fetchpriority=\"low\"  loading=\"lazy\"  src=\"https:\/\/www.europesays.com\/no\/wp-content\/uploads\/2025\/12\/594974542_1286130576875353_8655404030301477125_n_1.jpg\" alt=\"\" class=\"brick-c-cFOWSL\" style=\"--brick-image-ratio: 2048 \/ 1365;\"\/><\/p>\n<p>      Luftforsvarets tradisjonelle juleflygninger, der F-35 jagerfly og skolefly flyr i formasjon over ulike deler av Norge.<br \/>\n      Foto: Luftforsvaret\n    <\/p>\n<p>  N\u00e5r kommer julestjerna til deg?<\/p>\n<p><b>Onsdag 10. desember: 339 SOAS flyr flere Bell 412 ut fra Rygge flystasjon kl. 12.30.<\/b><\/p>\n<p>12.32 Moss<\/p>\n<p>12.43 Horten<\/p>\n<p><b>12.47 T\u00f8nsberg<\/b><\/p>\n<p>12.56 Fredrikstad<\/p>\n<p>13.01 Halden<\/p>\n<p><b>Deretter g\u00e5r formasjonen over i en kort man\u00f8vrerings\u00f8velse over terreng f\u00f8r den samles igjen:<\/b><\/p>\n<p>13.59 Askim<\/p>\n<p>14.09 retur Rygge flystasjon<\/p>\n<p><b> Torsdag 11. desember: Flyging gjennomf\u00f8res av Flygeskolen p\u00e5 Bardufoss med skolefly av typen Saab Safari.<\/b><\/p>\n<p><b> Fredag 12. desember: Julestjerne med flere F-35 fra 132 luftving ved \u00d8rland flystasjon.<\/b><\/p>\n<p>\u2013 Vi fors\u00f8ker \u00e5 variere fra \u00e5r til \u00e5r hvor F-35 flyr, men v\u00e6r og sikt setter naturligvis ekstra strenge f\u00f8ringer for tett formasjonsflyging, skriver Luftforsvaret.<\/p>\n<p><b>Luftforsvaret h\u00e5per at s\u00e5 mange som mulig f\u00e5r glede av \u00e5rets julestjerne i de omr\u00e5dene som blir aktuelle, og \u00f8nsker hele Norge en riktig god og trygg f\u00f8rjulstid. <\/b><\/p>\n<p>  <a href=\"https:\/\/www.tb.no\/5-76-2745493\" class=\"related-teaser has-image default-story-teaser article--c-eRUmMG article--c-eRUmMG-jKCPdD-design-default\" rel=\"nofollow noopener\" target=\"_blank\"><\/p>\n<p>    <img decoding=\"async\" loading=\"lazy\"  src=\"https:\/\/www.europesays.com\/no\/wp-content\/uploads\/2025\/12\/1765374518_133_mret_for_naboer_og_ansatte.jpg\" alt=\"\" class=\"brick-c-cFOWSL\" style=\"\"\/><\/p>\n<p>\n            Les ogs\u00e5<\/p>\n<p>              Det ble dramatisk da det tok fyr p\u00e5 Revac: \u2013 R\u00f8yken gjorde kampen krevende\n        <\/p>\n<p>  <\/a><\/p>\n<p>  <a href=\"https:\/\/www.tb.no\/5-76-2745506\" class=\"related-teaser has-image default-story-teaser article--c-eRUmMG article--c-eRUmMG-jKCPdD-design-default\" rel=\"nofollow noopener\" target=\"_blank\"><\/p>\n<p>    <img decoding=\"async\" loading=\"lazy\"  src=\"https:\/\/www.europesays.com\/no\/wp-content\/uploads\/2025\/12\/adobestock_341776101_1.jpeg\" alt=\"\" class=\"brick-c-cFOWSL\" style=\"\"\/><\/p>\n<p>\n            Les ogs\u00e5<\/p>\n<p>              Varsler flyving med drone\n        <\/p>\n<p>  <\/a><\/p>\n<p>  <a href=\"https:\/\/www.tb.no\/5-76-2744294\" class=\"related-teaser has-image default-story-teaser article--c-eRUmMG article--c-eRUmMG-jKCPdD-design-default\" rel=\"nofollow noopener\" target=\"_blank\"><\/p>\n<p>    <img decoding=\"async\" loading=\"lazy\"  src=\"https:\/\/www.europesays.com\/no\/wp-content\/uploads\/2025\/12\/juletre+volden+skole.jpeg\" alt=\"\" class=\"brick-c-cFOWSL\" style=\"\"\/><\/p>\n<p>\n            Les ogs\u00e5<\/p>\n<p>              F\u00f8rjulsgleden brast for elevene: \u2013 Vi er veldig oppr\u00f8rte\n        <\/p>\n<p>  <\/a><\/p>\n<p>  <a href=\"https:\/\/www.tb.no\/5-76-2743501\" class=\"related-teaser has-image default-story-teaser article--c-eRUmMG article--c-eRUmMG-jKCPdD-design-default\" rel=\"nofollow noopener\" target=\"_blank\"><\/p>\n<p>    <img decoding=\"async\" loading=\"lazy\"  src=\"https:\/\/www.europesays.com\/no\/wp-content\/uploads\/2025\/12\/IMG_4700.jpg\" alt=\"\" class=\"brick-c-cFOWSL\" style=\"\"\/><\/p>\n<p>\n            Les ogs\u00e5<\/p>\n<p>              Enebolig gikk \u00e9n million over prisantydning: \u2013 Stor interesse\n        <\/p>\n<p>  <\/a><\/p>\n<p>  <a href=\"https:\/\/www.tb.no\/5-76-2743553\" class=\"related-teaser has-image default-story-teaser article--c-eRUmMG article--c-eRUmMG-jKCPdD-design-default\" rel=\"nofollow noopener\" target=\"_blank\"><\/p>\n<p>    <img decoding=\"async\" loading=\"lazy\"  src=\"https:\/\/www.europesays.com\/no\/wp-content\/uploads\/2025\/12\/DSC_6072.jpg\" alt=\"\" class=\"brick-c-cFOWSL\" style=\"\"\/><\/p>\n<p>\n            Les ogs\u00e5<\/p>\n<p>              UDI vil utvise trebarnsfar Ari (50) etter 22 \u00e5r i Norge: \u2013 Det er kjempetrist\n        <\/p>\n<p>  <\/a><\/p>\n","protected":false},"excerpt":{"rendered":"Luftforsvaret informerer onsdag morgen om at det er planlagt flere formasjonsflygninger, gjerne referert til som julestjerner, over fylket&hellip;\n","protected":false},"author":2,"featured_media":109384,"comment_status":"","ping_status":"","sticky":false,"template":"","format":"standard","meta":{"footnotes":""},"categories":[5],"tags":[36,20,21,24,25,300,15,19,22,23,861,17,18,13,30,28,29,14,16,1510,26,27,431],"class_list":{"0":"post-109383","1":"post","2":"type-post","3":"status-publish","4":"format-standard","5":"has-post-thumbnail","7":"category-overskrifter","8":"tag-art","9":"tag-breaking-news","10":"tag-breakingnews","11":"tag-featured-news","12":"tag-featurednews","13":"tag-fly","14":"tag-headlines","15":"tag-hovedoppslag","16":"tag-latest-news","17":"tag-latestnews","18":"tag-luftforsvaret","19":"tag-main-news","20":"tag-mainnews","21":"tag-news","22":"tag-no","23":"tag-norge","24":"tag-norway","25":"tag-nyheter","26":"tag-overskrifter","27":"tag-story","28":"tag-top-stories","29":"tag-topstories","30":"tag-tonsberg"},"share_on_mastodon":{"url":"https:\/\/pubeurope.com\/@no\/115695590369397815","error":""},"_links":{"self":[{"href":"https:\/\/www.europesays.com\/no\/wp-json\/wp\/v2\/posts\/109383","targetHints":{"allow":["GET"]}}],"collection":[{"href":"https:\/\/www.europesays.com\/no\/wp-json\/wp\/v2\/posts"}],"about":[{"href":"https:\/\/www.europesays.com\/no\/wp-json\/wp\/v2\/types\/post"}],"author":[{"embeddable":true,"href":"https:\/\/www.europesays.com\/no\/wp-json\/wp\/v2\/users\/2"}],"replies":[{"embeddable":true,"href":"https:\/\/www.europesays.com\/no\/wp-json\/wp\/v2\/comments?post=109383"}],"version-history":[{"count":0,"href":"https:\/\/www.europesays.com\/no\/wp-json\/wp\/v2\/posts\/109383\/revisions"}],"wp:featuredmedia":[{"embeddable":true,"href":"https:\/\/www.europesays.com\/no\/wp-json\/wp\/v2\/media\/109384"}],"wp:attachment":[{"href":"https:\/\/www.europesays.com\/no\/wp-json\/wp\/v2\/media?parent=109383"}],"wp:term":[{"taxonomy":"category","embeddable":true,"href":"https:\/\/www.europesays.com\/no\/wp-json\/wp\/v2\/categories?post=109383"},{"taxonomy":"post_tag","embeddable":true,"href":"https:\/\/www.europesays.com\/no\/wp-json\/wp\/v2\/tags?post=109383"}],"curies":[{"name":"wp","href":"https:\/\/api.w.org\/{rel}","templated":true}]}}