{"id":109389,"date":"2025-12-10T13:59:08","date_gmt":"2025-12-10T13:59:08","guid":{"rendered":"https:\/\/www.europesays.com\/no\/109389\/"},"modified":"2025-12-10T13:59:08","modified_gmt":"2025-12-10T13:59:08","slug":"milliardkrangel-pa-andoya-76-anleggsarbeidere-kan-bli-permittert","status":"publish","type":"post","link":"https:\/\/www.europesays.com\/no\/109389\/","title":{"rendered":"Milliardkrangel p\u00e5 And\u00f8ya: 76 anleggsarbeidere kan bli permittert"},"content":{"rendered":"<p class=\"byline\">\u00d8ystein Helmikst\u00f8l<\/p>\n<p class=\"epost\">oystein.helmikstol@lomedia.no<\/p>\n<p class=\"tekst\">\u2013 Permitteringsvarselet kom i forrige uke, men det blir ikke iverksatt f\u00f8r etter nytt\u00e5r, sier Stein Henrik Hovdekleiv, hovedtillitsvalgt i Contur.<\/p>\n<p class=\"tekst\">Han bekrefter overfor Arbeidsmanden at 76 ansatte i Contur har f\u00e5tt permitteringsvarsel.<\/p>\n<p class=\"tekst\">\u2013 Vi jobber, i samarbeid med ledelsen, med \u00e5 omplassere s\u00e5 mange som mulig \u2013 forh\u00e5pentlig alle sammen, sier han.<\/p>\n<p class=\"tekst\">Contur fors\u00f8ker n\u00e5 \u00e5 plassere ansatte p\u00e5 andre prosjekter eller leie dem ut til andre firmaer.<\/p>\n<p class=\"tekst\">\u2013 Vi h\u00e5per jo at det skal ordne seg. Det er litt usikkert hvor mange som faktisk blir permittert, sier Hovdekleiv.<\/p>\n<p class=\"tekst\">Situasjonen har skapt uro blant de ansatte.<\/p>\n<p class=\"tekst\">\u2013 Det har ikke g\u00e5tt opp for noen av oss enda. Alle p\u00e5 prosjektet har jo gjort en god jobb her oppe, sier han.<\/p>\n<p><img decoding=\"async\" class=\"Image Image_\" src=\"\" data-aghref=\"http:\/\/frifagbevegelse.no\/image-3.632013.155495.20251210121713.1.e01004918e\" data-agimagetype=\"hardcrop\" alt=\"Hovedtillitsvalgt Stein Henrik Hovdekleiv i Contur AS sammen med LO-leder Kine Asper Vistnes da hun bes\u00f8kte anlegget.\"\/><\/p>\n<p class=\"Caption\">Hovedtillitsvalgt Stein Henrik Hovdekleiv i Contur AS sammen med LO-leder Kine Asper Vistnes da hun bes\u00f8kte anlegget.<\/p>\n<p class=\"Source\">Privat<\/p>\n<p class=\"uthevet-avsnitt\">Bakgrunn: <a target=\"_blank\" rel=\"noopener nofollow\" href=\"https:\/\/frifagbevegelse.no\/arbeidsmanden\/du-far-ikke-se--men-her-bygges-et-av-norges-storste-landbaserte-oppdrettsanlegg-6.469.1055581.7e0507362a\">Du f\u00e5r ikke se \u2013 men her bygges et av Norges st\u00f8rste landbaserte oppdrettsanlegg<\/a><\/p>\n<p class=\"tekst\">Milliardkrav og kontraktsheving<\/p>\n<p class=\"tekst\">Bakgrunnen for permitteringsvarslene er en konflikt mellom byggherren Andfjord Salmon og hovedentrepren\u00f8ren AF H\u00e6hre &amp; Contur ANS. <\/p>\n<p class=\"tekst\">Andfjord Salmon har fremmet et erstatningskrav p\u00e5 mer enn \u00e9n milliard kroner mot hovedentrepren\u00f8ren. <\/p>\n<p class=\"tekst\">Kravet gjelder \u00abgrov uaktsom oppfyllelse av forpliktelser og forsettlig kontraktsmislighold i forbindelse med byggingen av selskapets landbaserte oppdrettsanlegg p\u00e5 And\u00f8ya\u00bb.<\/p>\n<p class=\"tekst\">At dette skulle ha skjedd, bestrides av entrepren\u00f8ren.<\/p>\n<p class=\"tekst\">\u2013 Vi har aldri v\u00e6rt i en slik situasjon tidligere, og dette er h\u00f8yst uvanlig og trist, ikke minst for v\u00e5re ansatte, samarbeidspartnere, innleide ressurser og leverand\u00f8rer som har gjort en god jobb i prosjektet og som n\u00e5 vil lide av dette, sier Lars H\u00e6hre, styreleder i Infra Group i et <a target=\"_blank\" rel=\"noopener nofollow\" href=\"https:\/\/www.bygg.no\/anlegg-contur-haehre\/haehre-slar-tilbake-i-milliardstrid\/2864901\">intervju <\/a>med Byggeindustrien. Infra Group er eier av H\u00e6hre Entrepren\u00f8r og Contur.<\/p>\n<p class=\"tekst\">H\u00e6hre reagerer kraftig p\u00e5 byggherrens fremstilling.<\/p>\n<p class=\"tekst\">\u2013 Andfjord har valgt en mediestrategi der de fremmer alvorlige anklager. Vi stiller oss uforst\u00e5ende til disse og har levert i henhold til kontrakten gjennom hele prosjektet. Jeg vet hva v\u00e5re ansatte har bygd og utviklet, og det er deres fortjeneste at de f\u00f8rste bassengene er blitt s\u00e5 bra som de er, sier H\u00e6hre.<\/p>\n<p class=\"mellomtittel\">\u2013 Utest\u00e5ende krav p\u00e5 flere hundre millioner<\/p>\n<p class=\"tekst\">H\u00e6hre mener Andfjord Salmon har oppkonstruert kravet for \u00e5 unng\u00e5 \u00e5 betale kostnader som er p\u00e5l\u00f8pt.<\/p>\n<p class=\"tekst\">\u2013 Det er ikke de som har krav mot oss, det er vi som har krav mot dem. Vi har fulgt kontrakten og levert i henhold til hva som er avtalt. Vi har rettmessig krav til \u00e5 f\u00e5 betalt for p\u00e5l\u00f8pte kostnader i prosjektet, sier han.<\/p>\n<p class=\"tekst\">Han opplyser at entrepren\u00f8ren har utest\u00e5ende krav p\u00e5 flere hundre millioner kroner.<\/p>\n<p class=\"tekst\">\u2013 Vi har forhandlet og pr\u00f8vd \u00e5 komme til enighet gjennom mange m\u00e5neder, men n\u00e5r vi ikke har f\u00e5tt betaling og har s\u00e5 store utest\u00e5ende bel\u00f8p, s\u00e5 m\u00e5tte vi heve kontrakten. Det ble gjort onsdag, sier H\u00e6hre.<\/p>\n<p class=\"tekst\">N\u00e5 er nedriggingen av anlegget i gang.<\/p>\n<p class=\"mellomtittel\">Andfjord Salmon: \u2013 Grovt uaktsomt<\/p>\n<p class=\"tekst\">Martin Rasmussen, administrerende direkt\u00f8r i Andfjord Salmon, begrunner milliardkravet slik:<\/p>\n<p class=\"tekst\">\u2013 Kravet gjelder grovt uaktsom oppfyllelse av entrepren\u00f8rens forpliktelser og forsettlig kontraktsmislighold for grunn- og betongarbeider. <\/p>\n<p class=\"tekst\">\u2013 Selv om sluttproduktet har h\u00f8y kvalitet, har konsekvensen blitt altfor h\u00f8ye kostnader og for h\u00f8y tidsbruk p\u00e5 grunn av manglende kostnadsstyring p\u00e5 byggeplassen, fortsetter han.<\/p>\n<p class=\"tekst\">Han understreker at oppdrettsvirksomheten ikke p\u00e5virkes av konflikten.<\/p>\n<p class=\"tekst\">\u2013 Vi har nylig satt ut omtrent 1,1 millioner smolt i de to ferdigstilte bassengene v\u00e5re. Behovet for nye bassenger vil f\u00f8rst oppst\u00e5 v\u00e5ren\/sommeren 2026, sier han.<\/p>\n<p class=\"mellomtittel\">Stanset betalinger<\/p>\n<p class=\"tekst\">Andfjord Salmon har stanset ytterligere betalinger til entrepren\u00f8ren.<\/p>\n<p class=\"tekst\">\u2013 Ettersom kravet v\u00e5rt betydelig overstiger bel\u00f8pet AF H\u00e6hre &amp; Contur mener \u00e5 ha til gode, har vi stanset betalinger. Kravet v\u00e5rt er p\u00e5 over en milliard kroner, sier Rasmussen.<\/p>\n<p class=\"tekst\">Han bekrefter at tvisten kan ende i retten.<\/p>\n<p class=\"tekst\">\u2013 Det ligger i sakens natur at dette kan bli en rettssak, sier Rasmussen.<\/p>\n<p class=\"tekst\">Pressekontakt Espen Andersen i Infra Group sier at deres ansatte vil v\u00e6re involvert en periode fremover for \u00e5 sikre og rigge ned anlegget p\u00e5 en trygg m\u00e5te.<\/p>\n<p class=\"tekst\">\u2013 Samtidig jobber vi med \u00e5 flytte medarbeidere til andre prosjekter hvor det er behov, slik at f\u00e6rrest mulig skal bli permittert.<\/p>\n","protected":false},"excerpt":{"rendered":"\u00d8ystein Helmikst\u00f8l oystein.helmikstol@lomedia.no \u2013 Permitteringsvarselet kom i forrige uke, men det blir ikke iverksatt f\u00f8r etter nytt\u00e5r, sier&hellip;\n","protected":false},"author":2,"featured_media":109390,"comment_status":"","ping_status":"","sticky":false,"template":"","format":"standard","meta":{"footnotes":""},"categories":[5],"tags":[20,21,24,25,15,19,22,23,17,18,13,30,28,29,14,16,26,27],"class_list":{"0":"post-109389","1":"post","2":"type-post","3":"status-publish","4":"format-standard","5":"has-post-thumbnail","7":"category-overskrifter","8":"tag-breaking-news","9":"tag-breakingnews","10":"tag-featured-news","11":"tag-featurednews","12":"tag-headlines","13":"tag-hovedoppslag","14":"tag-latest-news","15":"tag-latestnews","16":"tag-main-news","17":"tag-mainnews","18":"tag-news","19":"tag-no","20":"tag-norge","21":"tag-norway","22":"tag-nyheter","23":"tag-overskrifter","24":"tag-top-stories","25":"tag-topstories"},"share_on_mastodon":{"url":"https:\/\/pubeurope.com\/@no\/115695633370707602","error":""},"_links":{"self":[{"href":"https:\/\/www.europesays.com\/no\/wp-json\/wp\/v2\/posts\/109389","targetHints":{"allow":["GET"]}}],"collection":[{"href":"https:\/\/www.europesays.com\/no\/wp-json\/wp\/v2\/posts"}],"about":[{"href":"https:\/\/www.europesays.com\/no\/wp-json\/wp\/v2\/types\/post"}],"author":[{"embeddable":true,"href":"https:\/\/www.europesays.com\/no\/wp-json\/wp\/v2\/users\/2"}],"replies":[{"embeddable":true,"href":"https:\/\/www.europesays.com\/no\/wp-json\/wp\/v2\/comments?post=109389"}],"version-history":[{"count":0,"href":"https:\/\/www.europesays.com\/no\/wp-json\/wp\/v2\/posts\/109389\/revisions"}],"wp:featuredmedia":[{"embeddable":true,"href":"https:\/\/www.europesays.com\/no\/wp-json\/wp\/v2\/media\/109390"}],"wp:attachment":[{"href":"https:\/\/www.europesays.com\/no\/wp-json\/wp\/v2\/media?parent=109389"}],"wp:term":[{"taxonomy":"category","embeddable":true,"href":"https:\/\/www.europesays.com\/no\/wp-json\/wp\/v2\/categories?post=109389"},{"taxonomy":"post_tag","embeddable":true,"href":"https:\/\/www.europesays.com\/no\/wp-json\/wp\/v2\/tags?post=109389"}],"curies":[{"name":"wp","href":"https:\/\/api.w.org\/{rel}","templated":true}]}}