{"id":109407,"date":"2025-12-10T14:21:12","date_gmt":"2025-12-10T14:21:12","guid":{"rendered":"https:\/\/www.europesays.com\/no\/109407\/"},"modified":"2025-12-10T14:21:12","modified_gmt":"2025-12-10T14:21:12","slug":"slutter-og-flytter-denne-muligheten-matte-jeg-bare-ta-agderposten-no","status":"publish","type":"post","link":"https:\/\/www.europesays.com\/no\/109407\/","title":{"rendered":"Slutter og flytter: \u2013 Denne muligheten m\u00e5tte jeg bare ta &#8211; agderposten.no"},"content":{"rendered":"<ol>\n<li><a href=\"https:\/\/news.google.com\/rss\/articles\/CBMipgFBVV95cUxOcUpJWjk0bkNObC1EZWtRaDItRmoyS2p0Y1l2dUtaa0ZOWEVBRUhIX1lNdUQ0Tml5ZHpnaHNjQmlZR1J5NEdYejA3Y1VFNG5uUE43V2pfd2twbktCVm9fMkdQOU1WdEhnRFN1MHJaT3NXZXQtU3V6OUVVdUhaU2tiaUpDd1o3c1NlX2NKczBkdEUzUjE1QVhhWWVSenlyNFFZeldVMEJR?oc=5\" target=\"_blank\" rel=\"nofollow noopener\">Slutter og flytter: \u2013 Denne muligheten m\u00e5tte jeg bare ta<\/a>&nbsp;&nbsp;agderposten.no<\/li>\n<li><a href=\"https:\/\/news.google.com\/rss\/articles\/CBMid0FVX3lxTE9YaXM2QWQ4bUlkay1IVzFyamt4OWJGN1c1WDdMaFFnUGxWUU9ud0pXdlRnb2FfUzlqYTBoRXp4QmQ0WDRkS2xmYzhzZklzTlAtV2VtVVgwRDFFd084ZFktYlZWazRQdTd2V3dwSkRYMlczcE4tRmdr?oc=5\" target=\"_blank\" rel=\"nofollow noopener\">Jerv solgte talent til Eliteserien<\/a>&nbsp;&nbsp;fvn.no<\/li>\n<li><a href=\"https:\/\/news.google.com\/rss\/articles\/CBMikgFBVV95cUxNSWF4U0pndDRyaWF4Rnh4LVVyM1BHNFpIV2FBb04tZzlaSFBnVjFMMVVKbjIweUVqNjdZUW9Kbm04cFlGc0wza1pvVlFIelVkRVFoWURpZDFGdDVlUkpZaUVRSkZTZGQ2NUNCbHNNRVgwQ1FpVnZvTFJ1aTM4VjVOZHo0el83Z1Ric3N2QmR3YVFSZw?oc=5\" target=\"_blank\" rel=\"nofollow noopener\">Vinterens f\u00f8rste kj\u00f8p i boks: \u2013 Det perfekte steget videre<\/a>&nbsp;&nbsp;Sandefjords Blad<\/li>\n<li><a href=\"https:\/\/news.google.com\/rss\/articles\/CBMihwFBVV95cUxQZVdxRmd6clU2M2pfa0hZaG5xaTVycG1jZUdwOXJKRlctX1Z4aE4yTXdtSklxckY1VEQ0Y1VkcUdYdnpvRS02cTk1NjhFNWJ6cjN2SE8tckdDY3lqVTFJSXpGakxlN2dRWnRhQ1VmUENlZVNJcUlfREJLVVgxNDZuT3hxWGNqVmc?oc=5\" target=\"_blank\" rel=\"nofollow noopener\">Vi \u00f8nsker velkommen til H\u00e5kon Krogelien<\/a>&nbsp;&nbsp;sandefjordfotball.no<\/li>\n<li><a href=\"https:\/\/news.google.com\/rss\/articles\/CBMif0FVX3lxTE1jRHZncjg2RDZkRmdDVXU5MjlFX2lBcGJ1b1BaWVRlVmp3RWVORXg3V1Q2UE03Y1hFRzRaTmxLSlNUZDFkN1o2Sko1ZUNwMEpIakV5YWtiblZRMmtpTHJfN0ZpSFRyZERrN1NYSW00ZjRhNXBQSjV6NVA2QmNIMFk?oc=5\" target=\"_blank\" rel=\"nofollow noopener\">H\u00e5kon Krogelien signerer for Eliteserieklubb<\/a>&nbsp;&nbsp;fkjerv.no<\/li>\n<\/ol>\n","protected":false},"excerpt":{"rendered":"Slutter og flytter: \u2013 Denne muligheten m\u00e5tte jeg bare ta&nbsp;&nbsp;agderposten.no Jerv solgte talent til Eliteserien&nbsp;&nbsp;fvn.no Vinterens f\u00f8rste kj\u00f8p&hellip;\n","protected":false},"author":2,"featured_media":109408,"comment_status":"","ping_status":"","sticky":false,"template":"","format":"standard","meta":{"footnotes":""},"categories":[59],"tags":[30,28,29,83,82],"class_list":{"0":"post-109407","1":"post","2":"type-post","3":"status-publish","4":"format-standard","5":"has-post-thumbnail","7":"category-sport","8":"tag-no","9":"tag-norge","10":"tag-norway","11":"tag-sport","12":"tag-sports"},"share_on_mastodon":{"url":"https:\/\/pubeurope.com\/@no\/115695719931126017","error":""},"_links":{"self":[{"href":"https:\/\/www.europesays.com\/no\/wp-json\/wp\/v2\/posts\/109407","targetHints":{"allow":["GET"]}}],"collection":[{"href":"https:\/\/www.europesays.com\/no\/wp-json\/wp\/v2\/posts"}],"about":[{"href":"https:\/\/www.europesays.com\/no\/wp-json\/wp\/v2\/types\/post"}],"author":[{"embeddable":true,"href":"https:\/\/www.europesays.com\/no\/wp-json\/wp\/v2\/users\/2"}],"replies":[{"embeddable":true,"href":"https:\/\/www.europesays.com\/no\/wp-json\/wp\/v2\/comments?post=109407"}],"version-history":[{"count":0,"href":"https:\/\/www.europesays.com\/no\/wp-json\/wp\/v2\/posts\/109407\/revisions"}],"wp:featuredmedia":[{"embeddable":true,"href":"https:\/\/www.europesays.com\/no\/wp-json\/wp\/v2\/media\/109408"}],"wp:attachment":[{"href":"https:\/\/www.europesays.com\/no\/wp-json\/wp\/v2\/media?parent=109407"}],"wp:term":[{"taxonomy":"category","embeddable":true,"href":"https:\/\/www.europesays.com\/no\/wp-json\/wp\/v2\/categories?post=109407"},{"taxonomy":"post_tag","embeddable":true,"href":"https:\/\/www.europesays.com\/no\/wp-json\/wp\/v2\/tags?post=109407"}],"curies":[{"name":"wp","href":"https:\/\/api.w.org\/{rel}","templated":true}]}}