{"id":109418,"date":"2025-12-10T14:40:10","date_gmt":"2025-12-10T14:40:10","guid":{"rendered":"https:\/\/www.europesays.com\/no\/109418\/"},"modified":"2025-12-10T14:40:10","modified_gmt":"2025-12-10T14:40:10","slug":"koordinerte-nettangrep-forsokte-a-knytte-taylor-swift-til-nazisme","status":"publish","type":"post","link":"https:\/\/www.europesays.com\/no\/109418\/","title":{"rendered":"Koordinerte nettangrep fors\u00f8kte \u00e5 knytte Taylor Swift til nazisme"},"content":{"rendered":"\n<p class=\"_lead_o9xde_2 _lead_xtcu6_50 layout-component text-serif-m layout-normal text-serif-l layout-component layout-wide layout-padded _wide_17hqh_1 layout-padded\">En ny rapport viser at Taylor Swift ble utsatt for et koordinert nettangrep som fors\u00f8kte \u00e5 knytte henne til nazistiske ideer og h\u00f8yreekstreme verdier.<\/p>\n<p><img alt=\" Foto: Jordan Strauss \/ AP \/ NTB\" class=\"_image_qp4xg_65 layout-component layout-wide\" data-fullscreen- data-track-element-type=\"Article image fullscreen\" data-track-name=\"ImageFullscreen\" fetchpriority=\"high\" decoding=\"sync\" loading=\"eager\" height=\"3884\" itemprop=\"image\"  src=\"https:\/\/www.europesays.com\/no\/wp-content\/uploads\/2025\/12\/2926ad12-f053-4de5-96af-d132cb932062\"  style=\"object-position:47.35667696532784% 48.455200823892895%\" width=\"5826\"\/> Foto: Jordan Strauss \/ AP \/ NTB<\/p>\n<ul aria-hidden=\"true\" class=\"_images_ntbth_112\">\n<li><a class=\"_link_ntbth_117\" href=\"https:\/\/www.vg.no\/forfatter\/hannah-solstad-klepp\" style=\"z-index:1\" title=\"Hannah Solstad Klepp\" rel=\"nofollow noopener\" target=\"_blank\"><img alt=\"Bilde av Hannah Solstad Klepp\" class=\"_image_ntbth_93\" fetchpriority=\"low\" loading=\"lazy\" decoding=\"async\" itemprop=\"image\"  src=\"https:\/\/www.europesays.com\/no\/wp-content\/uploads\/2025\/12\/1765377609_819_f811f9c1-64f7-4c50-9133-b5735831a650\"  width=\"480\"\/><\/a><\/li>\n<\/ul>\n<p> Oppdatert onsdag 10. desember kl. 15:16     <\/p>\n<p class=\"_paragraph_o9xde_4 _paragraph_xtcu6_10 layout-component text-serif-m layout-normal text-serif-m layout-padded\">Det AI-drevne selskapet Gudea unders\u00f8kte over 24.000 innlegg og 18.000 kontoer p\u00e5 14 sosiale medier-plattformer mellom 4. og 18. oktober, melder\u00a0<a href=\"https:\/\/www.theguardian.com\/music\/2025\/dec\/10\/online-attack-taylor-swift-promoted-nazi-ideas-research\" class=\"_link_o9xde_39\" rel=\"nofollow noopener\" target=\"_blank\">The Guardian<\/a>.<\/p>\n<p class=\"_paragraph_o9xde_4 _paragraph_xtcu6_10 layout-component text-serif-m layout-normal text-serif-m layout-padded\">Angrepet startet dagen Swift slapp albumet \u00abThe Life of a Showgirl\u00bb. Falske kontoer p\u00e5sto at sangtekstene hennes inneholdt skjulte nazistiske referanser. <\/p>\n<p class=\"_paragraph_o9xde_4 _paragraph_xtcu6_10 layout-component text-serif-m layout-normal text-serif-m layout-padded\">De hevdet ogs\u00e5 at et lyn-halskjede fra Swift-kolleksjonen lignet p\u00e5 SS-symboler.<\/p>\n<p class=\"_paragraph_o9xde_4 _paragraph_xtcu6_10 layout-component text-serif-m layout-normal text-serif-m layout-padded\">Rapporten viser at bare 3,77 prosent av kontoene sto bak 28 prosent av diskusjonen om Swift i perioden. <\/p>\n<p class=\"_paragraph_o9xde_4 _paragraph_xtcu6_10 layout-component text-serif-m layout-normal text-serif-m layout-padded\">Mellom 6. og 7. oktober kom 35 prosent av innleggene fra bot-lignende kontoer.<\/p>\n<p class=\"_paragraph_o9xde_4 _paragraph_xtcu6_10 layout-component text-serif-m layout-normal text-serif-m layout-padded\">Forskerne fant ogs\u00e5 sammenheng mellom kontoene som angrep Swift og de som spredte l\u00f8gner om skuespiller <a href=\"https:\/\/www.vg.no\/i\/XjeBvB\" data-track-element-type=\"Link\" data-track-id=\"link:XjeBvB\" class=\"_link_o9xde_39\" rel=\"nofollow noopener\" target=\"_blank\">Blake Lively, som har saks\u00f8kte Justin Baldoni<\/a> for blant annet seksuell trakassering.<\/p>\n<p><img alt=\"Foto: Evan Agostini \/ AP \/ ALLISON DINNER \/ EPA \/ NTB\" class=\"_image_qp4xg_65 layout-component layout-normal\" data-fullscreen- data-track-element-type=\"Article image fullscreen\" data-track-name=\"ImageFullscreen\" decoding=\"async\" loading=\"lazy\" height=\"1668\" itemprop=\"image\"  src=\"https:\/\/www.europesays.com\/no\/wp-content\/uploads\/2025\/12\/1ca85731-8519-4a79-8f1d-1d8e4b975b0a\"  style=\"object-position:48.8% 50.44964028776978%\" width=\"2500\"\/>Foto: Evan Agostini \/ AP \/ ALLISON DINNER \/ EPA \/ NTB<\/p>\n<p class=\"_paragraph_o9xde_4 _paragraph_xtcu6_10 layout-component text-serif-m layout-normal text-serif-m layout-padded\">\u2013 Den falske p\u00e5standen om at <a href=\"https:\/\/www.vg.no\/tag\/taylor-swift?utm_source=vg-article&amp;utm_medium=auto-tagger&amp;utm_campaign=bOKaj3\" class=\"_link_o9xde_39\" rel=\"nofollow noopener\" target=\"_blank\">Taylor Swift<\/a> brukte nazisymboler ble ikke v\u00e6rende i sm\u00e5, konspiratoriske milj\u00f8er. Den klarte \u00e5 dra vanlige brukere inn i diskusjoner der Taylor Swift ble sammenlignet med Kanye West, skriver forskerne.<\/p>\n<p class=\"_paragraph_o9xde_4 _paragraph_xtcu6_10 layout-component text-serif-m layout-normal layout-padded\"><strong class=\"_strong_o9xde_25\">Les ogs\u00e5:<\/strong> <a href=\"https:\/\/www.vg.no\/i\/k0aa59\" data-track-element-type=\"Link\" data-track-id=\"link:k0aa59\" class=\"_link_o9xde_39\" rel=\"nofollow noopener\" target=\"_blank\">Kj\u00e6restens klare beskjed: Taylor Swifts l\u00e5ter skal ikke spilles p\u00e5 Chiefs-kamper<\/a><\/p>\n<p class=\"_paragraph_o9xde_4 _paragraph_xtcu6_10 layout-component text-serif-m layout-normal text-serif-m layout-padded\">L\u00f8gnene startet p\u00e5 nettsteder som 4chan f\u00f8r de spredte seg til sosiale medier.<\/p>\n<p class=\"_paragraph_o9xde_4 _paragraph_xtcu6_10 layout-component text-serif-m layout-normal text-serif-m layout-padded\">\u2013 Bare det \u00e5 f\u00e5 folk til \u00e5 diskutere og ta avstand fra anklagene ble sett p\u00e5 som en suksess for dem som stod bak angrepet, sa Gudea-gr\u00fcnder og sjef, Keith Presley til <a href=\"https:\/\/www.rollingstone.com\/music\/music-news\/taylor-swifts-social-media-campaign-life-of-a-showgirl-1235480646\/\" class=\"_link_o9xde_39\" rel=\"nofollow noopener\" target=\"_blank\">Rolling Stone<\/a>.<\/p>\n<p class=\"_paragraph_o9xde_4 _paragraph_xtcu6_10 layout-component text-serif-m layout-normal text-serif-m layout-padded\">\u2013 Det er en del av m\u00e5let med denne typen narrativer, for dem som sprer dem. Spesielt de mest provoserende \u2013 de blir bel\u00f8nnet av algoritmene.<\/p>\n<p>Les ogs\u00e5<\/p>\n","protected":false},"excerpt":{"rendered":"En ny rapport viser at Taylor Swift ble utsatt for et koordinert nettangrep som fors\u00f8kte \u00e5 knytte henne&hellip;\n","protected":false},"author":2,"featured_media":109419,"comment_status":"","ping_status":"","sticky":false,"template":"","format":"standard","meta":{"footnotes":""},"categories":[58],"tags":[71,30,28,29,1453,72],"class_list":{"0":"post-109418","1":"post","2":"type-post","3":"status-publish","4":"format-standard","5":"has-post-thumbnail","7":"category-underholdning","8":"tag-entertainment","9":"tag-no","10":"tag-norge","11":"tag-norway","12":"tag-taylor-swift","13":"tag-underholdning"},"share_on_mastodon":{"url":"https:\/\/pubeurope.com\/@no\/115695794748711861","error":""},"_links":{"self":[{"href":"https:\/\/www.europesays.com\/no\/wp-json\/wp\/v2\/posts\/109418","targetHints":{"allow":["GET"]}}],"collection":[{"href":"https:\/\/www.europesays.com\/no\/wp-json\/wp\/v2\/posts"}],"about":[{"href":"https:\/\/www.europesays.com\/no\/wp-json\/wp\/v2\/types\/post"}],"author":[{"embeddable":true,"href":"https:\/\/www.europesays.com\/no\/wp-json\/wp\/v2\/users\/2"}],"replies":[{"embeddable":true,"href":"https:\/\/www.europesays.com\/no\/wp-json\/wp\/v2\/comments?post=109418"}],"version-history":[{"count":0,"href":"https:\/\/www.europesays.com\/no\/wp-json\/wp\/v2\/posts\/109418\/revisions"}],"wp:featuredmedia":[{"embeddable":true,"href":"https:\/\/www.europesays.com\/no\/wp-json\/wp\/v2\/media\/109419"}],"wp:attachment":[{"href":"https:\/\/www.europesays.com\/no\/wp-json\/wp\/v2\/media?parent=109418"}],"wp:term":[{"taxonomy":"category","embeddable":true,"href":"https:\/\/www.europesays.com\/no\/wp-json\/wp\/v2\/categories?post=109418"},{"taxonomy":"post_tag","embeddable":true,"href":"https:\/\/www.europesays.com\/no\/wp-json\/wp\/v2\/tags?post=109418"}],"curies":[{"name":"wp","href":"https:\/\/api.w.org\/{rel}","templated":true}]}}