{"id":109426,"date":"2025-12-10T14:54:11","date_gmt":"2025-12-10T14:54:11","guid":{"rendered":"https:\/\/www.europesays.com\/no\/109426\/"},"modified":"2025-12-10T14:54:11","modified_gmt":"2025-12-10T14:54:11","slug":"vekker-oppsikt-gronland-nevnes-ikke","status":"publish","type":"post","link":"https:\/\/www.europesays.com\/no\/109426\/","title":{"rendered":"Vekker oppsikt &#8211; Gr\u00f8nland nevnes ikke"},"content":{"rendered":"<p class=\"kicker \" style=\"\">USAs og Danmarks sikkerhetsstrategi:<\/p>\n<p>  Gr\u00f8nland nevnes ikke \u00e9n eneste gang i USAs nye sikkerhetsstrategi. Samtidig nevner Danmark USA for f\u00f8rste gang i sin trusselvurdering.<\/p>\n<p>\n    NEVNES IKKE: USAs president Donald Trump har flere ganger krevd at USA m\u00e5 f\u00e5 eierskap over Gr\u00f8nland for internasjonal sikkerhet. Likevel nevnes ikke Gr\u00f8nland \u00e9n gang i USAs nye sikkerhetsstrategi. Det betyr ikke at USA har mistet interessen for den danske \u00f8ya, mener eksperter. Danmark har samtidig for f\u00f8ste gang satt opp USA som en del av trusselbildet mot landet. Her er et dansk marinefart\u00f8y avbildet utenfor Gr\u00f8nlands hovedstad Nuuk i mars. Foto: Odd Andersen\/ AFP\/NTB\n  <\/p>\n<p>    Kort fortalt<\/p>\n<ul lang=\"nb-NO\">\n<li>USAs nye sikkerhetsstrategi nevner ikke Gr\u00f8nland, men eksperter mener \u00f8ya er implisitt inkludert.<\/li>\n<li>Forsvarsekspert Peter Viggo Jakobsen sier Gr\u00f8nland er en del av USAs sf\u00e6re og har strategisk betydning.<\/li>\n<li>Danmarks etterretningstjeneste har for f\u00f8rste gang nevnt USA som en trussel i sin \u00e5rlige vurdering.<\/li>\n<li>Forsvarseksperten mener Europa m\u00e5 forberede seg p\u00e5 \u00e5 st\u00e5 mer p\u00e5 egne bein uten USAs st\u00f8tte.<\/li>\n<\/ul>\n<p class=\"italic ai-disclaimer\" data-lab-italic=\"italic\">Sammendraget er laget av ChatGPT og godkjent av Dagbladet.<\/p>\n<p>      Vis mer<br \/>\n      Vis mindre<\/p>\n<p>Europa nevnes 49 ganger, Kina 21 ganger og Russland 10 ganger i det 29 sider lange dokumentet som ble offentliggjort natt til fredag. Men Gr\u00f8nland, som er en del av riksfellesskapet med Danmark og F\u00e6r\u00f8yene, er nevnt null ganger.<\/p>\n<p>Det skriver danske <a href=\"https:\/\/nyheder.tv2.dk\/udland\/2025-12-06-ny-sikkerhedsstrategi-fra-usa-vaekker-opsigt-men-naevner-ikke-groenland-med-et-ord\" rel=\"nofollow noopener\" target=\"_blank\">TV 2<\/a> om USAs nye nasjonale sikkerhetsstrategi, som ble offentliggjort natt til fredag.<\/p>\n<p>Men ekspertene sl\u00e5r likevel fast: Selv om Gr\u00f8nland eksplisitt ikke er nevnt i sikkerhetsstrategien, er verdens st\u00f8rste \u00f8y absolutt skrevet inn mellom linjene.<\/p>\n<p>        <img loading=\"lazy\" decoding=\"async\" src=\"https:\/\/www.europesays.com\/no\/wp-content\/uploads\/2025\/12\/83965283.webp\" width=\"980\" height=\"559\" title=\"INTERESSE: USAs visepresident J.D. Vance og andredamen Usha Vance ble vist rundt p\u00e5 den amerikanske milit\u00e6rbasen Pituffik Space Base p\u00e5 Gr\u00f8nland i slutten av mars. Foto: Jim Watson\/ Reuters\/NTB\" alt=\"\" class=\"\" style=\"--aspect-ratio-image: 1.75; \"\/><\/p>\n<p>\n        INTERESSE: USAs visepresident J.D. Vance og andredamen Usha Vance ble vist rundt p\u00e5 den amerikanske milit\u00e6rbasen Pituffik Space Base p\u00e5 Gr\u00f8nland i slutten av mars. Foto: Jim Watson\/ Reuters\/NTB\n    <\/p>\n<p>Peter Viggo Jakobsen, lektor ved Forsvarsakademiet i Danmark, sier til Dagbladet at det tydelig st\u00e5r at Nord- og S\u00f8r-Amerika er en del av USAs sf\u00e6re. Og if\u00f8lge amerikanernes egen logikk er Gr\u00f8nland en del av det nordamerikanske kontinentet.<\/p>\n<p>        <img loading=\"lazy\" decoding=\"async\" itemprop=\"image\" src=\"https:\/\/www.europesays.com\/no\/wp-content\/uploads\/2025\/12\/83965344.webp\" width=\"180\" height=\"180\" alt=\"Peter Viggo Jakobsen\"\/><\/p>\n<p>            Peter Viggo Jakobsen<br \/>\n            Peter Viggo<br \/>\n            Jakobsen        <\/p>\n<p>Lektor ved Institutt for Strategi og Krigsstudier ved det danske Forsvarsakademiet<\/p>\n<p>&#8211; USA mener at dette er et omr\u00e5de de bestemmer over. Det finnes ogs\u00e5 sjeldne jordarter p\u00e5 Gr\u00f8nland som USA absolutt mener tilh\u00f8rer dem. Dette er ikke noe nytt. Etter andre verdenskrig inngikk USA og Danmark en baseavtale, som i praksis betyr at USA kan opprette de milit\u00e6re basene de \u00f8nsker p\u00e5 Gr\u00f8nland, sier Jakobsen til Dagbladet.<\/p>\n<p>I sikkerhetsstrategien skriver Det hvite hus at etter \u00e5r med fors\u00f8mmelse vil Trump n\u00e5 gjenopprette og h\u00e5ndheve Monroe-doktrinen.<\/p>\n<p>    Monroe-doktrinen<\/p>\n<ul>\n<li class=\"lab-bodytext-line\">Er en amerikansk utenrikspolitisk doktrine fra 1823, som fastslo at enhver europeisk makt som pr\u00f8vde \u00e5 kolonisere eller blande seg inn\u00a0i saker i Nord- og S\u00f8r-Amerika,\u00a0ville bli ansett som en fiendtlig handling mot USA.<\/li>\n<li class=\"lab-bodytext-line\">Den har om form\u00e5l \u00e5 beskytte de amerikanske kontinentene mot kolonial innblanding og sikre amerikansk dominans i den vestlige halvkule.<\/li>\n<\/ul>\n<ul>\n<li class=\"lab-bodytext-line\">USA har gjentatte ganger referert til doktrinen som grunnlag for milit\u00e6r og politisk innflytelse i regionen. I den nye sikkerhetsstrategien er det lagt til et s\u00e5kalt \u00abTrump-tillegg\u00bb, som markerer et mer aktivt fokus p\u00e5 \u00e5 forhindre andre makter i \u00e5 f\u00e5 kontroll over strategisk viktige omr\u00e5der.<\/li>\n<\/ul>\n<p class=\"italic m-italic\" data-lab-italic=\"italic\">Kilde: Danske TV 2, Store Norske Leksikon.<\/p>\n<p>      Vis mer<br \/>\n      Vis mindre<\/p>\n<p>Kodeord for Gr\u00f8nland\t<\/p>\n<p>Form\u00e5let er \u00e5 sikre amerikansk dominans i den vestlige halvkule.<\/p>\n<p>&#8211; Vi vil forhindre utenforst\u00e5ende akt\u00f8rer i \u00e5 plassere milit\u00e6re styrker eller andre truende kapasiteter &#8211; eller \u00e5 eie eller kontrollere strategisk viktige aktiva &#8211; p\u00e5 v\u00e5r halvkule, heter det i dokumentet.<\/p>\n<p>If\u00f8lge den tidligere danske ambassad\u00f8ren i Washington, Friis Arne Petersen, er dette kodeord for Gr\u00f8nland.<\/p>\n<p>&#8211; Det er slik man gj\u00f8r det i diplomati og i nasjonale sikkerhetsstrategier. Man skriver ikke Gr\u00f8nland eksplisitt, sier han til TV 2.<\/p>\n<p>&#8211; Vi m\u00e5 fortsatt v\u00e6re sv\u00e6rt bekymret for rikets samlede framtid, konkluderer han.<\/p>\n<p>        <img loading=\"lazy\" decoding=\"async\" src=\"https:\/\/www.europesays.com\/no\/wp-content\/uploads\/2025\/12\/83965278.webp\" width=\"686\" height=\"453\" title=\"TYDELIG BESKJED: Donald Trumps s\u00f8nn, Trump Jr. var p\u00e5 bes\u00f8k i den gr\u00f8nlandske hovedstaden Nuuk i starten av januar 2025, blant annet i f\u00f8lge med den n\u00e5 avd\u00f8de Charlie Kirk. Flere mener at bes\u00f8ket var en tydelig beskjed om at Trump ville ta over Gr\u00f8nland. Foto: Emil Stach\/Ritzau Scanpix\/Reuters\/ NTB\" alt=\"\" class=\"\" style=\"--aspect-ratio-image: 1.51; \"\/><\/p>\n<p>\n        TYDELIG BESKJED: Donald Trumps s\u00f8nn, Trump Jr. var p\u00e5 bes\u00f8k i den gr\u00f8nlandske hovedstaden Nuuk i starten av januar 2025, blant annet i f\u00f8lge med den n\u00e5 avd\u00f8de Charlie Kirk. Flere mener at bes\u00f8ket var en tydelig beskjed om at Trump ville ta over Gr\u00f8nland. Foto: Emil Stach\/Ritzau Scanpix\/Reuters\/ NTB\n    <\/p>\n<p>&#8211; Utenrikspolitisk krise \t<\/p>\n<p>Onsdag publiserte det danske\u00a0Forsvarets Efterretningstjeneste (FE) sin \u00e5rlige\u00a0trusselvurdering, og for f\u00f8rste gang\u00a0har de oppf\u00f8rt USA p\u00e5 negativ side i en offisiell etterretningsrapport om trusler mot riket. <\/p>\n<p>\u00abUSA bruker n\u00e5 sin \u00f8konomiske og teknologiske styrke som et maktmiddel, ogs\u00e5 overfor allierte og partnere\u00bb, heter det i\u00a0<a href=\"https:\/\/www.fe-ddis.dk\/globalassets\/fe\/dokumenter\/2025\/-udsyn-25-.pdf\" target=\"_blank\" rel=\"nofollow noopener\">rapporten<\/a>, som ble lagt fram onsdag morgen.<\/p>\n<p>Danske\u00a0<a href=\"https:\/\/nyheder.tv2.dk\/live\/udland\/2025-03-17-verden-i-forandring\/det-er-vild-laesning-siger-forsvarskorrespondent?entry=213b1106-3265-4df5-b459-8fa9308ceb96\" target=\"_blank\" rel=\"nofollow noopener\">TV 2s<\/a>\u00a0forsvarskorrespondent Anders Lomholdt kaller rapporten \u00abvill lesning\u00bb.<\/p>\n<p>&#8211; Det er en enorm utenrikspolitisk krise. Det st\u00e5r svart p\u00e5 hvitt, ogs\u00e5 i trusselvurderingen, hvor USA nevnes p\u00e5 linje og i samme setning som Kina og Russland, n\u00e5r det gjelder trusselen utenfra, sier Lomholdt. <\/p>\n<p>Forsvarsekspert: &#8211; Vanskelig alliert\t<\/p>\n<p>President Donald Trump har gjentatte ganger snakket om \u00e5 overta Gr\u00f8nland. I mars sa han til den amerikanske Kongressen at USA vil \u00abg\u00e5 s\u00e5 langt som n\u00f8dvendig\u00bb for \u00e5 sikre \u00f8ya.<\/p>\n<p>Den danske forsvarseksperten,\u00a0Peter Viggo Jakobsen, mener at man kan tolke det som et uttrykk for at USA ikke lenger er en n\u00e6r alliert og en venn n\u00e5r Danmark\u00a0nevner USA som en del av trusselbildet.<\/p>\n<p>&#8211; Det handler om tollsatser og trusler om hva USA kan finne p\u00e5 \u00e5 gj\u00f8re. Det er f\u00f8rste gang man nevner at USA kan betraktes som en fiende. Vi, og resten av Europa, kan ikke lenger regne med USAs st\u00f8tte i Nato. Det er det Danmark forholder seg til.\u00a0<\/p>\n<p>        <img loading=\"lazy\" decoding=\"async\" src=\"https:\/\/www.europesays.com\/no\/wp-content\/uploads\/2025\/12\/83965282.webp\" width=\"686\" height=\"446\" title=\"TIL STEDE: USAs visepresident J.D. Vances kj\u00f8rte med f\u00f8lge gjennom Pituffik Space Base p\u00e5 Gr\u00f8nland i mars 2025. Foto: Jim Watson\/Pool via AP\/NTB\" alt=\"\" class=\"\" style=\"--aspect-ratio-image: 1.54; \"\/><\/p>\n<p>\n        TIL STEDE: USAs visepresident J.D. Vances kj\u00f8rte med f\u00f8lge gjennom Pituffik Space Base p\u00e5 Gr\u00f8nland i mars 2025. Foto: Jim Watson\/Pool via AP\/NTB\n    <\/p>\n<p>Forskeren p\u00e5peker at Danmark, Nato og resten av Europa fortsatt er avhengige av USA som en alliert. Likevel har flere europeiske land begynt \u00e5 kj\u00f8pe inn flere v\u00e5pen &#8211; noe forsvarseksperten mener er et uttrykk for at man m\u00e5 st\u00e5 p\u00e5 egne bein.<\/p>\n<p>&#8211; Vi blir n\u00f8dt til \u00e5 erkjenne at de fortsatt er en alliert, men en vanskelig alliert. Det er viktig \u00e5 se dette klart. De er ikke like troverdige som de en gang var.<\/p>\n<p>&#8211; Det oppsto en diplomatisk krise da Trump for f\u00f8rste gang nevnte at han ville kj\u00f8pe Gr\u00f8nland, eller under det ubehagelige m\u00f8tet med Trump og Zelenskyj i Det hvite hus. Det l\u00f8nner seg ikke \u00e5 legge seg ut med Trump, for vi er fortsatt avhengige av dem som v\u00e5r viktigste allierte.<\/p>\n","protected":false},"excerpt":{"rendered":"USAs og Danmarks sikkerhetsstrategi: Gr\u00f8nland nevnes ikke \u00e9n eneste gang i USAs nye sikkerhetsstrategi. Samtidig nevner Danmark USA&hellip;\n","protected":false},"author":2,"featured_media":109427,"comment_status":"","ping_status":"","sticky":false,"template":"","format":"standard","meta":{"footnotes":""},"categories":[12],"tags":[20,21,1524,55,24,25,2112,15,22,23,13,30,28,29,14,16,26,27,50,412,42,43,44,45],"class_list":{"0":"post-109426","1":"post","2":"type-post","3":"status-publish","4":"format-standard","5":"has-post-thumbnail","7":"category-verden","8":"tag-breaking-news","9":"tag-breakingnews","10":"tag-danmark","11":"tag-donald-trump","12":"tag-featured-news","13":"tag-featurednews","14":"tag-gronland","15":"tag-headlines","16":"tag-latest-news","17":"tag-latestnews","18":"tag-news","19":"tag-no","20":"tag-norge","21":"tag-norway","22":"tag-nyheter","23":"tag-overskrifter","24":"tag-top-stories","25":"tag-topstories","26":"tag-usa","27":"tag-utenriks","28":"tag-verden","29":"tag-world","30":"tag-world-news","31":"tag-worldnews"},"share_on_mastodon":{"url":"https:\/\/pubeurope.com\/@no\/115695849876982227","error":""},"_links":{"self":[{"href":"https:\/\/www.europesays.com\/no\/wp-json\/wp\/v2\/posts\/109426","targetHints":{"allow":["GET"]}}],"collection":[{"href":"https:\/\/www.europesays.com\/no\/wp-json\/wp\/v2\/posts"}],"about":[{"href":"https:\/\/www.europesays.com\/no\/wp-json\/wp\/v2\/types\/post"}],"author":[{"embeddable":true,"href":"https:\/\/www.europesays.com\/no\/wp-json\/wp\/v2\/users\/2"}],"replies":[{"embeddable":true,"href":"https:\/\/www.europesays.com\/no\/wp-json\/wp\/v2\/comments?post=109426"}],"version-history":[{"count":0,"href":"https:\/\/www.europesays.com\/no\/wp-json\/wp\/v2\/posts\/109426\/revisions"}],"wp:featuredmedia":[{"embeddable":true,"href":"https:\/\/www.europesays.com\/no\/wp-json\/wp\/v2\/media\/109427"}],"wp:attachment":[{"href":"https:\/\/www.europesays.com\/no\/wp-json\/wp\/v2\/media?parent=109426"}],"wp:term":[{"taxonomy":"category","embeddable":true,"href":"https:\/\/www.europesays.com\/no\/wp-json\/wp\/v2\/categories?post=109426"},{"taxonomy":"post_tag","embeddable":true,"href":"https:\/\/www.europesays.com\/no\/wp-json\/wp\/v2\/tags?post=109426"}],"curies":[{"name":"wp","href":"https:\/\/api.w.org\/{rel}","templated":true}]}}