{"id":109436,"date":"2025-12-10T15:01:21","date_gmt":"2025-12-10T15:01:21","guid":{"rendered":"https:\/\/www.europesays.com\/no\/109436\/"},"modified":"2025-12-10T15:01:21","modified_gmt":"2025-12-10T15:01:21","slug":"prins-jacques-og-prinsesse-gabriella-feirer-11-arsdag-i-monaco","status":"publish","type":"post","link":"https:\/\/www.europesays.com\/no\/109436\/","title":{"rendered":"Prins Jacques og prinsesse Gabriella feirer 11-\u00e5rsdag i Monaco"},"content":{"rendered":"<p class=\"kicker \" style=\"\">Prins Jacques og prinsesse Gabriella fyller \u00e5r<\/p>\n<p>  Monaco str\u00e5ler av glede n\u00e5r tvillingene feirer bursdag!<\/p>\n<p>\n    HJERTEKNUSERE: De 11 \u00e5r gamle tvillingene prins Jacques og prinsesse Gabriella har et helt spesielt b\u00e5nd. N\u00e5 blir de hyllet p\u00e5 f\u00f8dselsdagen! Foto: Vanessa von Zitzewitz \/ Palais princier\n  <\/p>\n<p>Det er feststemning i fyrsted\u00f8mmet n\u00e5r Monacos s\u00f8teste duo, prins Jacques og prinsesse Gabriella fyller \u00e5r!<\/p>\n<p>    <a itemprop=\"url\" href=\"https:\/\/www.seher.no\/kjendis\/et-sjeldent-syn\/83963233\" rel=\"nofollow noopener\" target=\"_blank\"><\/p>\n<p>        <img loading=\"lazy\" decoding=\"async\" src=\"https:\/\/www.europesays.com\/no\/wp-content\/uploads\/2025\/12\/83964590.webp\" width=\"980\" height=\"441\" title=\"- Et sjeldent syn!\" alt=\"\" class=\"lazyload\" style=\"--aspect-ratio-image: 2.22; \"\/><\/p>\n<p>        &#8211; Et sjeldent syn!<\/p>\n<p>    <\/a><\/p>\n<p>Fyrstepalasset i Monaco har kanskje solide steinmurer, men denne uken er det varme smil og barnslig glede som preger atmosf\u00e6ren &#8211; og hele Europa f\u00f8lger med!<\/p>\n<p>        IKKE VENNER: Sebastian Solberg g\u00e5r hardt ut mot sine meddeltakere i den kommende sesongen av \u00abSpillet\u00bb. Influenseren r\u00f8per ogs\u00e5 hvorfor, like f\u00f8r \u00e9n av dem avbryter intervjuet med en uhyggelig beskjed. Reporter: Thea Hope. Video: Nora Skavhaug. \u00abSpillet\u00bb \/ TV2.<\/p>\n<p>De skj\u00f8nne tvillingene til fyrst Albert (67) og fyrstinne Charlene (47) har vokst opp i gl\u00f8den fra rampelyset, men p\u00e5 bursdagen sin f\u00e5r de virkelig skinne litt ekstra.<\/p>\n<p class=\"font-weight-bold m-font-weight-bold\" data-lab-font_weight=\"font-weight-bold\">I anledning tvillingenes 11-\u00e5rsdag har fyrsted\u00f8mmet delt en r\u00f8rende bildekarusell av tospannet p\u00e5 sin offiselle <a href=\"https:\/\/www.instagram.com\/p\/DSEw5VNiHHI\/?utm_source=ig_embed&amp;utm_campaign=loading\" rel=\"nofollow noopener\" target=\"_blank\">Instagram<\/a>.<\/p>\n<p>        <img loading=\"lazy\" decoding=\"async\" src=\"https:\/\/www.europesays.com\/no\/wp-content\/uploads\/2025\/12\/83966081.webp\" width=\"686\" height=\"858\" title=\"BURSDAGSPRINSESSE: Se, s\u00e5 stor hun har blitt! Prinsesse Gabriella og prins Jaques har virkelig vokst seg til de siste \u00e5rene. Foto: Vanessa von Zitzewitz \/ Palais princier\" alt=\"\" class=\"\" style=\"--aspect-ratio-image: 0.80; \"\/><\/p>\n<p>\n        BURSDAGSPRINSESSE: Se, s\u00e5 stor hun har blitt! Prinsesse Gabriella og prins Jaques har virkelig vokst seg til de siste \u00e5rene. Foto: Vanessa von Zitzewitz \/ Palais princier\n    <\/p>\n<p>        <img loading=\"lazy\" decoding=\"async\" src=\"https:\/\/www.europesays.com\/no\/wp-content\/uploads\/2025\/12\/83966083.webp\" width=\"686\" height=\"831\" title=\"BURSDAGSPRINS: Se og H\u00f8rs kongehusekspert mener prins Jacques er sl\u00e5ende lik moren sin, fyrstinne Charlen. Foto: Vanessa von Zitzewitz \/ Palais princier\" alt=\"\" class=\"\" style=\"--aspect-ratio-image: 0.83; \"\/><\/p>\n<p>\n        BURSDAGSPRINS: Se og H\u00f8rs kongehusekspert mener prins Jacques er sl\u00e5ende lik moren sin, fyrstinne Charlen. Foto: Vanessa von Zitzewitz \/ Palais princier\n    <\/p>\n<p class=\"no_italic m-no_italic\" data-lab-italic=\"\">\u00abHurra for prins Jacques og prinsesse Gabriella som fyller 11 \u00e5r i dag\u00bb, heter det i bildeteksten til innlegget.<\/p>\n<p>Kommentarfeltet under innlegget har allerede rukket \u00e5 bli fylt til randen av gratulasjoner og lykk\u00f8nskninger til de skj\u00f8nne bursdagsbarna, og selv om tvillingene trolig har mange kongelige plikter i vente, er det tydelig at de fremdeles f\u00e5r lov til \u00e5 v\u00e6re barn.\u00a0<\/p>\n<p>    <a itemprop=\"url\" href=\"https:\/\/www.seher.no\/kjendis\/avslorer-hun-er-lei\/83962706\" rel=\"nofollow noopener\" target=\"_blank\"><\/p>\n<p>        <img loading=\"lazy\" decoding=\"async\" src=\"https:\/\/www.europesays.com\/no\/wp-content\/uploads\/2025\/12\/1765378875_885_83962768.webp\" width=\"147\" height=\"98\" title=\"Avsl\u00f8rer: - Hun er lei\" alt=\"\" class=\"lazyload\" style=\"--aspect-ratio-image: 1.50; \"\/><\/p>\n<p>        Avsl\u00f8rer: &#8211; Hun er lei<\/p>\n<p>    <\/a><\/p>\n<p class=\"font-weight-bold m-font-weight-bold\" data-lab-font_weight=\"font-weight-bold\">&#8211; Men det er travle tvillinger! Tross at de bare er 11 \u00e5r gamle, har de to mer erfaring enn de fleste med rampelyset. De er ofte ute med sine foreldre p\u00e5 offisielle oppdrag &#8211; oftere enn andre kongelige barn, og spesielt p\u00e5 denne tiden av \u00e5ret er det travelt, forteller Se og H\u00f8rs kongehusekspert Caroline Vagle.<\/p>\n<p>Videre legger Vagle til at tvillingene s\u00e5 sent som i november var med p\u00e5 feiringen av nasjonaldagen, og s\u00e5 langt i desember har de v\u00e6rt med p\u00e5 \u00e5 tenne julelysene p\u00e5 Casino Square og i Condamine-distriktet, deltatt i \u00e5pningen av julelandsbyen ved Port Hercule, og forberedt seg til den tradisjonelle utdelingen av julegaver til barna i fyrsted\u00f8mmet.<\/p>\n<p>        \u00abSKAL VI DANSE\u00bb: Danby Choi har tatt i bruk et ekstra hjelpemiddel i dansen. Video: \u00abSkal vi danse\u00bb\/TV 2, R\u00f8d L\u00f8per\/Thea Hope\/Nora Skavhaug<\/p>\n<p>&#8211; Vi har ogs\u00e5 nylig f\u00e5tt se deres offisielle julekort-bilde, men i dag er det tvillingene &#8211; og bare de &#8211; som st\u00e5r i sentrum, for i dag er det bursdagen deres. Fyrstefamilien har i den anledning delt nydelige bilder av de to, og det f\u00f8rste som sl\u00e5r meg er hvor enormt mye arveprinsen ligner p\u00e5 sin mor og prinsessen p\u00e5 sin far! <\/p>\n<p>    <a itemprop=\"url\" href=\"https:\/\/www.seher.no\/kongelig\/stilte-i-lante-fjaer\/83959490\" rel=\"nofollow noopener\" target=\"_blank\"><\/p>\n<p>        <img loading=\"lazy\" decoding=\"async\" src=\"https:\/\/www.europesays.com\/no\/wp-content\/uploads\/2025\/12\/83959548.webp\" width=\"147\" height=\"98\" title=\"Stilte i l\u00e5nte fj\u00e6r\" alt=\"\" class=\"lazyload\" style=\"--aspect-ratio-image: 1.50; \"\/><\/p>\n<p>        Stilte i l\u00e5nte fj\u00e6r<\/p>\n<p>    <\/a><\/p>\n<p>Tvillingene har et n\u00e6rt og spesielt s\u00f8skenb\u00e5nd som ofte kommer til uttrykk under deres offentlige opptredener.\u00a0 Som tvillinger har de delt hele livet sammen, og deres sterke tilknytning er tydelig i m\u00e5ten de st\u00f8tter og utfyller hverandre p\u00e5.<\/p>\n<p>        <img loading=\"lazy\" decoding=\"async\" src=\"https:\/\/www.europesays.com\/no\/wp-content\/uploads\/2025\/12\/83964758.webp\" width=\"686\" height=\"858\" title=\"SM\u00c5 VOKSNE: Tvillingene har sjarmerte ved tidligere opptredener. De utfyller hverandre, if\u00f8lge mamma. Hun er utadvendt, han er mer sky. Foto: NTB\" alt=\"\" class=\"\" style=\"--aspect-ratio-image: 0.80; \"\/><\/p>\n<p>\n        SM\u00c5 VOKSNE: Tvillingene har sjarmerte ved tidligere opptredener. De utfyller hverandre, if\u00f8lge mamma. Hun er utadvendt, han er mer sky. Foto: NTB\n    <\/p>\n<p> I ti m\u00e5neder i \u00e5rene 2021-2022 var de hverandres beste tr\u00f8st da mamma fyrstinne Charlene var strandet i S\u00f8r-Afrika &#8211; for syk til \u00e5 reise hjem til Monaco. Ryktene raste om krise i ekteskapet, noe fyrst Albert gjorde sitt beste for \u00e5 avkrefte. <\/p>\n<p>        <img loading=\"lazy\" decoding=\"async\" src=\"https:\/\/www.europesays.com\/no\/wp-content\/uploads\/2025\/12\/83964778.webp\" width=\"686\" height=\"741\" title=\"OMSORG: Se hvordan Gabriella holder rundt broren sin. Og se som de ligner p\u00e5 mamma Charlene! Foto: NTB\" alt=\"\" class=\"\" style=\"--aspect-ratio-image: 0.93; \"\/><\/p>\n<p>\n        OMSORG: Se hvordan Gabriella holder rundt broren sin. Og se som de ligner p\u00e5 mamma Charlene! Foto: NTB\n    <\/p>\n<p>Fyrsteparets to sm\u00e5 barn fikk bare snakke med mamma via nettbrett &#8211; og pappa hadde full timeplan som statsoverhode i Monaco.\u00a0<\/p>\n<p>Etter Charlenes hjemkomst bodde hun p\u00e5 sanatorium en periode, og familielivet var fortsatt satt p\u00e5 vent.\u00a0<\/p>\n<p>    <a itemprop=\"url\" href=\"https:\/\/www.seher.no\/kjendis\/avslorte-gladnyhet-pa-rod-loper\/83962960\" rel=\"nofollow noopener\" target=\"_blank\"><\/p>\n<p>        <img loading=\"lazy\" decoding=\"async\" src=\"https:\/\/www.europesays.com\/no\/wp-content\/uploads\/2025\/12\/83963704.webp\" width=\"980\" height=\"441\" title=\"Avsl\u00f8rte gladnyhet p\u00e5 r\u00f8d l\u00f8per\" alt=\"\" class=\"lazyload\" style=\"--aspect-ratio-image: 2.22; \"\/><\/p>\n<p>        Avsl\u00f8rte gladnyhet p\u00e5 r\u00f8d l\u00f8per<\/p>\n<p>    <\/a><\/p>\n<p> Men de siste \u00e5rene har den lille kjernefamilien blomstret, og n\u00e5 tar fyrsteparet sine to barn stadig oftere med p\u00e5 offisielle sammenhenger. <\/p>\n<p><script async src=\"\/\/www.instagram.com\/embed.js\"><\/script><\/p>\n","protected":false},"excerpt":{"rendered":"Prins Jacques og prinsesse Gabriella fyller \u00e5r Monaco str\u00e5ler av glede n\u00e5r tvillingene feirer bursdag! HJERTEKNUSERE: De 11&hellip;\n","protected":false},"author":2,"featured_media":109437,"comment_status":"","ping_status":"","sticky":false,"template":"","format":"standard","meta":{"footnotes":""},"categories":[12],"tags":[20,21,4104,24,25,4887,4885,15,76,22,23,13,30,28,29,14,16,4888,4884,26,27,42,43,44,45],"class_list":{"0":"post-109436","1":"post","2":"type-post","3":"status-publish","4":"format-standard","5":"has-post-thumbnail","7":"category-verden","8":"tag-breaking-news","9":"tag-breakingnews","10":"tag-eksklusivt","11":"tag-featured-news","12":"tag-featurednews","13":"tag-fyrst-albert","14":"tag-fyrstinne-charlene","15":"tag-headlines","16":"tag-kongelig","17":"tag-latest-news","18":"tag-latestnews","19":"tag-news","20":"tag-no","21":"tag-norge","22":"tag-norway","23":"tag-nyheter","24":"tag-overskrifter","25":"tag-prins-jacques","26":"tag-prinsesse-gabriella","27":"tag-top-stories","28":"tag-topstories","29":"tag-verden","30":"tag-world","31":"tag-world-news","32":"tag-worldnews"},"share_on_mastodon":{"url":"https:\/\/pubeurope.com\/@no\/115695877591975337","error":""},"_links":{"self":[{"href":"https:\/\/www.europesays.com\/no\/wp-json\/wp\/v2\/posts\/109436","targetHints":{"allow":["GET"]}}],"collection":[{"href":"https:\/\/www.europesays.com\/no\/wp-json\/wp\/v2\/posts"}],"about":[{"href":"https:\/\/www.europesays.com\/no\/wp-json\/wp\/v2\/types\/post"}],"author":[{"embeddable":true,"href":"https:\/\/www.europesays.com\/no\/wp-json\/wp\/v2\/users\/2"}],"replies":[{"embeddable":true,"href":"https:\/\/www.europesays.com\/no\/wp-json\/wp\/v2\/comments?post=109436"}],"version-history":[{"count":0,"href":"https:\/\/www.europesays.com\/no\/wp-json\/wp\/v2\/posts\/109436\/revisions"}],"wp:featuredmedia":[{"embeddable":true,"href":"https:\/\/www.europesays.com\/no\/wp-json\/wp\/v2\/media\/109437"}],"wp:attachment":[{"href":"https:\/\/www.europesays.com\/no\/wp-json\/wp\/v2\/media?parent=109436"}],"wp:term":[{"taxonomy":"category","embeddable":true,"href":"https:\/\/www.europesays.com\/no\/wp-json\/wp\/v2\/categories?post=109436"},{"taxonomy":"post_tag","embeddable":true,"href":"https:\/\/www.europesays.com\/no\/wp-json\/wp\/v2\/tags?post=109436"}],"curies":[{"name":"wp","href":"https:\/\/api.w.org\/{rel}","templated":true}]}}