{"id":109443,"date":"2025-12-10T15:09:34","date_gmt":"2025-12-10T15:09:34","guid":{"rendered":"https:\/\/www.europesays.com\/no\/109443\/"},"modified":"2025-12-10T15:09:34","modified_gmt":"2025-12-10T15:09:34","slug":"danmark-sender-gront-hydrogen-til-tyskland-forurenser-og-er-dyrt","status":"publish","type":"post","link":"https:\/\/www.europesays.com\/no\/109443\/","title":{"rendered":"Danmark sender gr\u00f8nt hydrogen til Tyskland \u2013 forurenser og er dyrt"},"content":{"rendered":"<p><a class=\"inline-block uppercase px-2 py-1 rounded-full text-sm leading-none hover:underline whitespace-nowrap text-brandNeutral-900 bg-brandNeutral-100 dark:bg-brandStone-300 mb-6\" href=\"https:\/\/www.tu.no\/emne\/energi\" rel=\"nofollow noopener\" target=\"_blank\">energi<\/a><\/p>\n<p class=\"text-xl leading-snug mb-8\">Et av de st\u00f8rste problemene med gr\u00f8nt hydrogen ble plutselig sv\u00e6rt tydelig under \u00e5pningen av en ny hydrogenfabrikk i Fredericia.<\/p>\n<p>Frederik Marcher Hansen, Ingeni\u00f8ren<\/p>\n<p>10. des. 2025 &#8211; 13:05 <\/p>\n<p>Kommentarer<\/p>\n<p>Du m\u00e5 v\u00e6re innlogget hos Ifr\u00e5gas\u00e4tt for \u00e5 kommentere. Bruk BankID for automatisk oppretting av brukerkonto. Du kan kommentere under fullt navn eller med kallenavn.<\/p>\n","protected":false},"excerpt":{"rendered":"energi Et av de st\u00f8rste problemene med gr\u00f8nt hydrogen ble plutselig sv\u00e6rt tydelig under \u00e5pningen av en ny&hellip;\n","protected":false},"author":2,"featured_media":109444,"comment_status":"","ping_status":"","sticky":false,"template":"","format":"standard","meta":{"footnotes":""},"categories":[12],"tags":[20,21,382,24,25,13512,15,537,22,23,13,30,28,29,14,16,26,27,42,43,44,45],"class_list":{"0":"post-109443","1":"post","2":"type-post","3":"status-publish","4":"format-standard","5":"has-post-thumbnail","7":"category-verden","8":"tag-breaking-news","9":"tag-breakingnews","10":"tag-energi","11":"tag-featured-news","12":"tag-featurednews","13":"tag-gront-hydrogen","14":"tag-headlines","15":"tag-industri","16":"tag-latest-news","17":"tag-latestnews","18":"tag-news","19":"tag-no","20":"tag-norge","21":"tag-norway","22":"tag-nyheter","23":"tag-overskrifter","24":"tag-top-stories","25":"tag-topstories","26":"tag-verden","27":"tag-world","28":"tag-world-news","29":"tag-worldnews"},"share_on_mastodon":{"url":"https:\/\/pubeurope.com\/@no\/115695908557231921","error":""},"_links":{"self":[{"href":"https:\/\/www.europesays.com\/no\/wp-json\/wp\/v2\/posts\/109443","targetHints":{"allow":["GET"]}}],"collection":[{"href":"https:\/\/www.europesays.com\/no\/wp-json\/wp\/v2\/posts"}],"about":[{"href":"https:\/\/www.europesays.com\/no\/wp-json\/wp\/v2\/types\/post"}],"author":[{"embeddable":true,"href":"https:\/\/www.europesays.com\/no\/wp-json\/wp\/v2\/users\/2"}],"replies":[{"embeddable":true,"href":"https:\/\/www.europesays.com\/no\/wp-json\/wp\/v2\/comments?post=109443"}],"version-history":[{"count":0,"href":"https:\/\/www.europesays.com\/no\/wp-json\/wp\/v2\/posts\/109443\/revisions"}],"wp:featuredmedia":[{"embeddable":true,"href":"https:\/\/www.europesays.com\/no\/wp-json\/wp\/v2\/media\/109444"}],"wp:attachment":[{"href":"https:\/\/www.europesays.com\/no\/wp-json\/wp\/v2\/media?parent=109443"}],"wp:term":[{"taxonomy":"category","embeddable":true,"href":"https:\/\/www.europesays.com\/no\/wp-json\/wp\/v2\/categories?post=109443"},{"taxonomy":"post_tag","embeddable":true,"href":"https:\/\/www.europesays.com\/no\/wp-json\/wp\/v2\/tags?post=109443"}],"curies":[{"name":"wp","href":"https:\/\/api.w.org\/{rel}","templated":true}]}}