{"id":109453,"date":"2025-12-10T15:18:01","date_gmt":"2025-12-10T15:18:01","guid":{"rendered":"https:\/\/www.europesays.com\/no\/109453\/"},"modified":"2025-12-10T15:18:01","modified_gmt":"2025-12-10T15:18:01","slug":"trump-rasende-pa-mexico","status":"publish","type":"post","link":"https:\/\/www.europesays.com\/no\/109453\/","title":{"rendered":"Trump rasende p\u00e5 Mexico"},"content":{"rendered":"<p>  Donald Trump anklager Mexico for \u00e5 bryte en avtale om deling av vann med USA og truer nabolandet i s\u00f8r med 5 prosents straffetoll.<\/p>\n<p>\n    Donald Trump rasler igjen med tollsabelen. Denne gangen truer han med ekstra straffetoll p\u00e5 mexicanske varer med mindre landet raskt frigir vann han mener Mexico skylder USA i henhold til en avtale fra 1944. Foto: Alex Brandon \/ AP \/ NTB\n  <\/p>\n<p>Trump mener Mexico skylder USA rundt 1 milliard kubikkmeter vann og krever at en firedel av dette gj\u00f8res tilgjengelig umiddelbart. P\u00e5 Truth Social skriver Trump at dette m\u00e5 skje innen utgangen av m\u00e5neden og at resten av vannet m\u00e5 frigis raskt etter det.<\/p>\n<p>\u2013 Jo lenger tid Mexico bruker, jo mer skader det v\u00e5re b\u00f8nder, skriver Trump og sier avlinger og husdyr i Texas p\u00e5virkes negativt.<\/p>\n<p>Og riset bak speilet er alts\u00e5 mer toll, som har seilt opp som presidentens kanskje hyppigst brukte utenrikspolitiske verkt\u00f8y.<\/p>\n<p>        PERFEKT STAND: En russisk kamikazedrone i perfekt stand blir tatt fra hverandre og studert i Ukraina. Video: Wild Hornets \/ TikTok @omelyanovi4. Reporter: Vegard Kr\u00fcger<\/p>\n<p>Avtalen Trump viser til er fra 1944 og g\u00e5r ut p\u00e5 at USA skal dele vann fra Colorado-elven med Mexico, mens mexicanerne skal dele vann fra grenseelven Rio Grande.<\/p>\n<p>Den seneste tolltrusselen fra Trump kommer samtidig som han kunngjorde en hjelpepakke til amerikansk landbruk verdt 12 milliarder dollar eller dr\u00f8yt 120 milliarder kroner. Sektoren rammes av resultatet av presidentens handel- og tollpolitikk.<\/p>\n<p>Mexicanske varer som ikke er omfattet av en frihandelsavtale USA og Mexico inngikk under Trumps f\u00f8rste presidentperiode, er for tiden ilagt en toll p\u00e5 25 prosent.<\/p>\n","protected":false},"excerpt":{"rendered":"Donald Trump anklager Mexico for \u00e5 bryte en avtale om deling av vann med USA og truer nabolandet&hellip;\n","protected":false},"author":2,"featured_media":109454,"comment_status":"","ping_status":"","sticky":false,"template":"","format":"standard","meta":{"footnotes":""},"categories":[12],"tags":[20,21,55,24,25,15,22,23,5881,13,30,28,29,14,16,572,365,26,27,50,42,43,44,45],"class_list":{"0":"post-109453","1":"post","2":"type-post","3":"status-publish","4":"format-standard","5":"has-post-thumbnail","7":"category-verden","8":"tag-breaking-news","9":"tag-breakingnews","10":"tag-donald-trump","11":"tag-featured-news","12":"tag-featurednews","13":"tag-headlines","14":"tag-latest-news","15":"tag-latestnews","16":"tag-mexico","17":"tag-news","18":"tag-no","19":"tag-norge","20":"tag-norway","21":"tag-nyheter","22":"tag-overskrifter","23":"tag-okonomi","24":"tag-toll","25":"tag-top-stories","26":"tag-topstories","27":"tag-usa","28":"tag-verden","29":"tag-world","30":"tag-world-news","31":"tag-worldnews"},"share_on_mastodon":{"url":"https:\/\/pubeurope.com\/@no\/115695943999114290","error":""},"_links":{"self":[{"href":"https:\/\/www.europesays.com\/no\/wp-json\/wp\/v2\/posts\/109453","targetHints":{"allow":["GET"]}}],"collection":[{"href":"https:\/\/www.europesays.com\/no\/wp-json\/wp\/v2\/posts"}],"about":[{"href":"https:\/\/www.europesays.com\/no\/wp-json\/wp\/v2\/types\/post"}],"author":[{"embeddable":true,"href":"https:\/\/www.europesays.com\/no\/wp-json\/wp\/v2\/users\/2"}],"replies":[{"embeddable":true,"href":"https:\/\/www.europesays.com\/no\/wp-json\/wp\/v2\/comments?post=109453"}],"version-history":[{"count":0,"href":"https:\/\/www.europesays.com\/no\/wp-json\/wp\/v2\/posts\/109453\/revisions"}],"wp:featuredmedia":[{"embeddable":true,"href":"https:\/\/www.europesays.com\/no\/wp-json\/wp\/v2\/media\/109454"}],"wp:attachment":[{"href":"https:\/\/www.europesays.com\/no\/wp-json\/wp\/v2\/media?parent=109453"}],"wp:term":[{"taxonomy":"category","embeddable":true,"href":"https:\/\/www.europesays.com\/no\/wp-json\/wp\/v2\/categories?post=109453"},{"taxonomy":"post_tag","embeddable":true,"href":"https:\/\/www.europesays.com\/no\/wp-json\/wp\/v2\/tags?post=109453"}],"curies":[{"name":"wp","href":"https:\/\/api.w.org\/{rel}","templated":true}]}}