{"id":109455,"date":"2025-12-10T15:19:10","date_gmt":"2025-12-10T15:19:10","guid":{"rendered":"https:\/\/www.europesays.com\/no\/109455\/"},"modified":"2025-12-10T15:19:10","modified_gmt":"2025-12-10T15:19:10","slug":"bilbrann-oksnes-en-dieselbil-begynte-a-brenne-utenfor-dagligvarebutikk-pa-myre-i-oksnes","status":"publish","type":"post","link":"https:\/\/www.europesays.com\/no\/109455\/","title":{"rendered":"Bilbrann, \u00d8ksnes | En dieselbil begynte \u00e5 brenne utenfor dagligvarebutikk p\u00e5 Myre i \u00d8ksnes"},"content":{"rendered":"\n<p>Rundt klokken 12.40 onsdag begynte en bil \u00e5 brenne p\u00e5 Myre.<\/p>\n<p>\u2013 Det stemmer at det st\u00e5r en bil i brann utenfor Bunnpris p\u00e5 Myre. Den sto parkert da den begynte \u00e5 brenne, slik vi har forst\u00e5tt det, sier Magne Brunes, vaktkommand\u00f8r p\u00e5 110 Nordland.<\/p>\n<p>\u2013 Brannvesenet er p\u00e5 stedet, og kom dit klokka 12.40, opplyser Brunes.<\/p>\n<p>Det skal v\u00e6re snakk om en personbil, dieseldrevet s\u00e5dan, if\u00f8lge 110 Nordland.<\/p>\n<p>Assisterende brannsjef i \u00d8ksnes, Tommy Hansen, opplyser at det tok kun tre minutter fra alarmen gikk til brannvesenet var rykket ut. Brannen ble slokket liker f\u00f8r klokken 14.<\/p>\n<p>\u2013 Noen hadde da f\u00e5tt skj\u00f8vet bilen et stykke unna butikken og ut p\u00e5 et mer \u00e5pent omr\u00e5de, sier Hansen, som i dette tilfellet ogs\u00e5 hadde jobben som r\u00f8ykdykker.<\/p>\n<p>   <img decoding=\"async\" width=\"4032\" height=\"3024\" fetchpriority=\"low\"  loading=\"lazy\"  src=\"https:\/\/www.europesays.com\/no\/wp-content\/uploads\/2025\/12\/IMG_3076.JPG\" alt=\"\" class=\"brick-c-cFOWSL\" style=\"--brick-image-ratio: 4032 \/ 3024;\"\/><\/p>\n<p>      Skumlagt: Assisterende brannsjef Tommy Hansen var til stede p\u00e5 bilbrannen utenfor Bunnpris p\u00e5 Myre.<br \/>\n      Foto: Svein Arne Hansen\n    <\/p>\n<p>Han opplyser at ingen er kommet til skade i hendelsen.<\/p>\n<p>Hansen sier slokkearbeidet har g\u00e5tt raskt og effektivt for seg. F\u00f8rst skumla de kj\u00f8ret\u00f8yet, og brannvesenet hadde litt f\u00f8r kokka 13 startet med etterslokking med vann.<\/p>\n<p>Det var f\u00f8reren av bilen som selv meldte fra til n\u00f8detatene. Vedkommende var alene i kj\u00f8ret\u00f8yet.<\/p>\n<p>\u2013 Politiet har opprettet unders\u00f8kelsessak og eier av bilen vil bli avh\u00f8rt, opplyser operasjonsleder May-Wenche Hansen i Nordland politidistrikt.<\/p>\n<p>Bilen er frigjort og overtatt av eier.<\/p>\n<p>\u2013 Det er for tidlig \u00e5 si noe om brann\u00e5rsak, sier May-Wenche Hansen i politiet.<\/p>\n<p>   <img decoding=\"async\" width=\"4032\" height=\"3024\" fetchpriority=\"low\"  loading=\"lazy\"  src=\"https:\/\/www.europesays.com\/no\/wp-content\/uploads\/2025\/12\/IMG_3089.JPG\" alt=\"\" class=\"brick-c-cFOWSL\" style=\"--brick-image-ratio: 4032 \/ 3024;\"\/><\/p>\n<p>      Bilbrann p\u00e5 Myre.<br \/>\n      Foto: Svein Arne Nilsen\n    <\/p>\n<p>   <img decoding=\"async\" width=\"4032\" height=\"3024\" fetchpriority=\"low\"  loading=\"lazy\"  src=\"https:\/\/www.europesays.com\/no\/wp-content\/uploads\/2025\/12\/IMG_3087.JPG\" alt=\"\" class=\"brick-c-cFOWSL\" style=\"--brick-image-ratio: 4032 \/ 3024;\"\/><\/p>\n<p>      Brannvesenet er i gang med etterslokking.<br \/>\n      Foto: Svein Arne Nilsen\n    <\/p>\n","protected":false},"excerpt":{"rendered":"Rundt klokken 12.40 onsdag begynte en bil \u00e5 brenne p\u00e5 Myre. \u2013 Det stemmer at det st\u00e5r en&hellip;\n","protected":false},"author":2,"featured_media":109456,"comment_status":"","ping_status":"","sticky":false,"template":"","format":"standard","meta":{"footnotes":""},"categories":[10],"tags":[13513,36,2890,20,21,24,25,15,22,23,13,30,28,29,14,16,3482,1510,26,27],"class_list":{"0":"post-109455","1":"post","2":"type-post","3":"status-publish","4":"format-standard","5":"has-post-thumbnail","7":"category-norge","8":"tag-110-nordland","9":"tag-art","10":"tag-bilbrann","11":"tag-breaking-news","12":"tag-breakingnews","13":"tag-featured-news","14":"tag-featurednews","15":"tag-headlines","16":"tag-latest-news","17":"tag-latestnews","18":"tag-news","19":"tag-no","20":"tag-norge","21":"tag-norway","22":"tag-nyheter","23":"tag-overskrifter","24":"tag-oksnes","25":"tag-story","26":"tag-top-stories","27":"tag-topstories"},"share_on_mastodon":{"url":"https:\/\/pubeurope.com\/@no\/115695948040799977","error":""},"_links":{"self":[{"href":"https:\/\/www.europesays.com\/no\/wp-json\/wp\/v2\/posts\/109455","targetHints":{"allow":["GET"]}}],"collection":[{"href":"https:\/\/www.europesays.com\/no\/wp-json\/wp\/v2\/posts"}],"about":[{"href":"https:\/\/www.europesays.com\/no\/wp-json\/wp\/v2\/types\/post"}],"author":[{"embeddable":true,"href":"https:\/\/www.europesays.com\/no\/wp-json\/wp\/v2\/users\/2"}],"replies":[{"embeddable":true,"href":"https:\/\/www.europesays.com\/no\/wp-json\/wp\/v2\/comments?post=109455"}],"version-history":[{"count":0,"href":"https:\/\/www.europesays.com\/no\/wp-json\/wp\/v2\/posts\/109455\/revisions"}],"wp:featuredmedia":[{"embeddable":true,"href":"https:\/\/www.europesays.com\/no\/wp-json\/wp\/v2\/media\/109456"}],"wp:attachment":[{"href":"https:\/\/www.europesays.com\/no\/wp-json\/wp\/v2\/media?parent=109455"}],"wp:term":[{"taxonomy":"category","embeddable":true,"href":"https:\/\/www.europesays.com\/no\/wp-json\/wp\/v2\/categories?post=109455"},{"taxonomy":"post_tag","embeddable":true,"href":"https:\/\/www.europesays.com\/no\/wp-json\/wp\/v2\/tags?post=109455"}],"curies":[{"name":"wp","href":"https:\/\/api.w.org\/{rel}","templated":true}]}}