{"id":109465,"date":"2025-12-10T15:28:24","date_gmt":"2025-12-10T15:28:24","guid":{"rendered":"https:\/\/www.europesays.com\/no\/109465\/"},"modified":"2025-12-10T15:28:24","modified_gmt":"2025-12-10T15:28:24","slug":"registrerings-race-for-nyttar","status":"publish","type":"post","link":"https:\/\/www.europesays.com\/no\/109465\/","title":{"rendered":"Registrerings-race f\u00f8r nytt\u00e5r"},"content":{"rendered":"<p class=\"kicker text-red color_mobile_text-red\" style=\"\">Momsgrense:<\/p>\n<p>  Volkswagen-import\u00f8ren fikk ekstraforsendelse fra\u00a0Tyskland. N\u00e5 er det registreringsrace f\u00f8r den nye momsgrensa sl\u00e5r inn!<\/p>\n<p>\n    For noen dager siden fikk Volkswagen-import\u00f8r Harald A M\u00f8ller levert en ekstra b\u00e5tlast med elbiler som skal registreres f\u00f8r momsgrensa endres fra 1. januar. Foto: Jakob Paulik \/ Harald A M\u00f8ller\n  <\/p>\n<p>(Elbil24): Fra 1. januar har Stortinget vedtatt at momsgrensa p\u00e5 elbiler senkes fra 500\u00a0000 til 300\u00a0000 kroner. Alts\u00e5 blir det moms p\u00e5 kj\u00f8pesummen som overstiger 300\u00a0000 kroner, s\u00e5 alle elbiler som i dag koster 500\u00a0000 kroner eller mer, blir 50\u00a0000 kroner dyrere over natta.<\/p>\n<p>Det har f\u00e5tt nordmenn til \u00e5 bestille biler som bare det, og hos forhandlere rundtom i landet meldes det om stor aktivitet p\u00e5 tampen av \u00e5ret, som i stor grad kan ligne p\u00e5 den vi hadde mot slutten av 2022, det siste \u00e5ret uten moms p\u00e5 elbiler.<\/p>\n<p>Mange av de som ikke klarer \u00e5 mette ettersp\u00f8rselen p\u00e5 denne siden av nytt\u00e5r, gir rabatt tilsvarende momsen p\u00e5 biler som leveres i 2026:<\/p>\n<p>    <a itemprop=\"url\" href=\"https:\/\/www.elbil24.no\/pro\/flere-lar-deg-slippe-moms\/83931048\" rel=\"nofollow noopener\" target=\"_blank\"><\/p>\n<p>        <img loading=\"lazy\" decoding=\"async\" src=\"https:\/\/www.europesays.com\/no\/wp-content\/uploads\/2025\/12\/1765380501_194_83932801.webp\" width=\"980\" height=\"441\" title=\"Flere lar deg slippe moms\" alt=\"\" class=\"lazyload\" style=\"--aspect-ratio-image: 2.22; \"\/><\/p>\n<p>        Flere lar deg slippe moms<\/p>\n<p>    <\/a><\/p>\n<p>Ekstra skip\t<\/p>\n<p>Blant dem som merker \u00f8kt p\u00e5gang er Volkswagen-import\u00f8r Harald A. M\u00f8ller AS, som har kastet seg rundt og bestilt inn b\u00f8ttevis med biler som skal registreres f\u00f8r nytt\u00e5r.<\/p>\n<p>        <img loading=\"lazy\" decoding=\"async\" src=\"https:\/\/www.europesays.com\/no\/wp-content\/uploads\/2025\/12\/83963898.webp\" width=\"980\" height=\"657\" title=\"Foto: Jakob Paulik\" alt=\"\" class=\"\" style=\"--aspect-ratio-image: 1.49; \"\/><\/p>\n<p>\n        Foto: Jakob Paulik\n    <\/p>\n<p>F\u00f8r helga ankom b\u00e5ten Viking Destiny Drammen havn med 1700 elektriske Volkswagen-biler \u2013 i hovedsak modellene ID.4 og ID.7 som skal registreres opp f\u00f8r nytt\u00e5r. Det som en ekstraforendelse direkte fra Emden i Tyskland.<\/p>\n<p>\u2013 Dette viser kraften som ligger i\u00a0Volkswagen\u00a0og M\u00f8ller-systemet. B\u00e5de fabrikken, M\u00f8ller Logistikk, forhandlerne v\u00e5re og hele resten av verdikjeden har virkelig skrudd til for \u00e5 f\u00e5 s\u00e5 mange biler som mulig registrert og levert til kundene v\u00e5re f\u00f8r nytt\u00e5r. Dette betyr mye for folk, s\u00e5 i dag er jeg ganske stolt, sier Simona Trombetta, som er direkt\u00f8r for Volkswagen personbil i Norge.<\/p>\n<p>        <img loading=\"lazy\" decoding=\"async\" itemprop=\"image\" src=\"https:\/\/www.europesays.com\/no\/wp-content\/uploads\/2025\/12\/83964284.webp\" width=\"180\" height=\"180\" alt=\"&lt;br&gt;\u2b05 Simona Trombetta\"\/><\/p>\n<p>\u2b05 Simona Trombetta<br \/>\n            <br \/>\u2b05 Simona<br \/>\n            Trombetta        <\/p>\n<p>Direkt\u00f8r for Volkswagen personbil<\/p>\n<p>Kan bli rekord\t<\/p>\n<p>Det g\u00e5r unna med registreringer om dagen. Det ble satt novemberrekord sist m\u00e5ned med 22\u00a0811 elbiler, mer enn det dobbelte av fjor\u00e5rets 10 940, og faktisk mer enn 40 prosent flere enn i november 2022, der det ble registrert 15\u00a0915 elbiler.<\/p>\n<p>    <a itemprop=\"url\" href=\"https:\/\/www.elbil24.no\/pro\/ti-nye-elbiler-til-norge-i-november\/83912960\" rel=\"nofollow noopener\" target=\"_blank\"><\/p>\n<p>        <img loading=\"lazy\" decoding=\"async\" src=\"https:\/\/www.europesays.com\/no\/wp-content\/uploads\/2025\/12\/1765380504_951_83913161.webp\" width=\"980\" height=\"441\" title=\"Ti nye elbiler til Norge i november\" alt=\"\" class=\"lazyload\" style=\"--aspect-ratio-image: 2.22; \"\/><\/p>\n<p>        Ti nye elbiler til Norge i november<\/p>\n<p>    <\/a><\/p>\n<p>Hvorvidt m\u00e5nedsrekorden fra desember 2022 ogs\u00e5 st\u00e5r for fall, er vanskelig \u00e5 si. Da m\u00e5 i s\u00e5 fall registreringstakten \u00f8kes ytterligere resten av desember.<\/p>\n<p>Formiddagen 10. desember er det if\u00f8lge elbilstatistikk.no registrert 7756 elbiler innev\u00e6rende m\u00e5ned, der Tesla leder an med 2267 registreringer av Model Y \u2013 29 prosent markedsandel.<\/p>\n<p>Desember 2022 ble det registrert hele 32\u00a0714 elbiler \u2013 den klart beste m\u00e5neden noensinne. Det tilsvarer alts\u00e5 mer enn 1000 biler per dag \u2013 helge- og helligdager inkludert.<\/p>\n","protected":false},"excerpt":{"rendered":"Momsgrense: Volkswagen-import\u00f8ren fikk ekstraforsendelse fra\u00a0Tyskland. N\u00e5 er det registreringsrace f\u00f8r den nye momsgrensa sl\u00e5r inn! For noen dager&hellip;\n","protected":false},"author":2,"featured_media":109466,"comment_status":"","ping_status":"","sticky":false,"template":"","format":"standard","meta":{"footnotes":""},"categories":[10],"tags":[3142,20,21,267,24,25,15,22,23,7938,13,30,28,29,14,16,4114,26,27],"class_list":{"0":"post-109465","1":"post","2":"type-post","3":"status-publish","4":"format-standard","5":"has-post-thumbnail","7":"category-norge","8":"tag-avgifter","9":"tag-breaking-news","10":"tag-breakingnews","11":"tag-elbil","12":"tag-featured-news","13":"tag-featurednews","14":"tag-headlines","15":"tag-latest-news","16":"tag-latestnews","17":"tag-momsgrense","18":"tag-news","19":"tag-no","20":"tag-norge","21":"tag-norway","22":"tag-nyheter","23":"tag-overskrifter","24":"tag-registreringsstatistikk","25":"tag-top-stories","26":"tag-topstories"},"share_on_mastodon":{"url":"https:\/\/pubeurope.com\/@no\/115695983843277174","error":""},"_links":{"self":[{"href":"https:\/\/www.europesays.com\/no\/wp-json\/wp\/v2\/posts\/109465","targetHints":{"allow":["GET"]}}],"collection":[{"href":"https:\/\/www.europesays.com\/no\/wp-json\/wp\/v2\/posts"}],"about":[{"href":"https:\/\/www.europesays.com\/no\/wp-json\/wp\/v2\/types\/post"}],"author":[{"embeddable":true,"href":"https:\/\/www.europesays.com\/no\/wp-json\/wp\/v2\/users\/2"}],"replies":[{"embeddable":true,"href":"https:\/\/www.europesays.com\/no\/wp-json\/wp\/v2\/comments?post=109465"}],"version-history":[{"count":0,"href":"https:\/\/www.europesays.com\/no\/wp-json\/wp\/v2\/posts\/109465\/revisions"}],"wp:featuredmedia":[{"embeddable":true,"href":"https:\/\/www.europesays.com\/no\/wp-json\/wp\/v2\/media\/109466"}],"wp:attachment":[{"href":"https:\/\/www.europesays.com\/no\/wp-json\/wp\/v2\/media?parent=109465"}],"wp:term":[{"taxonomy":"category","embeddable":true,"href":"https:\/\/www.europesays.com\/no\/wp-json\/wp\/v2\/categories?post=109465"},{"taxonomy":"post_tag","embeddable":true,"href":"https:\/\/www.europesays.com\/no\/wp-json\/wp\/v2\/tags?post=109465"}],"curies":[{"name":"wp","href":"https:\/\/api.w.org\/{rel}","templated":true}]}}