{"id":109469,"date":"2025-12-10T15:30:20","date_gmt":"2025-12-10T15:30:20","guid":{"rendered":"https:\/\/www.europesays.com\/no\/109469\/"},"modified":"2025-12-10T15:30:20","modified_gmt":"2025-12-10T15:30:20","slug":"sa-mye-koster-et-bord-pa-lektern-og-ullevaal-stadion-i-oslo","status":"publish","type":"post","link":"https:\/\/www.europesays.com\/no\/109469\/","title":{"rendered":"S\u00e5 mye koster et bord p\u00e5 Lekter\u2019n og Ullevaal Stadion i Oslo"},"content":{"rendered":"\n<p class=\"_lead_o9xde_2 _lead_xtcu6_50 layout-component text-serif-m layout-normal text-serif-l layout-component layout-wide layout-padded _wide_17hqh_1 layout-padded\">Etter 28 lange \u00e5r er Norge endelig tilbake i fotball-VM og Oslo gj\u00f8res klar for folkefest. Men det kan koste \u00e5 v\u00e6re med p\u00e5 moroa.<\/p>\n<p><img alt=\"Da Norge sikret VM-billetten, samlet n\u00e6rmere 50.000 mennesker seg p\u00e5 R\u00e5dhusplassen. Neste sommer legges det ogs\u00e5 opp til store folkefester n\u00e5r VM sparkes i gang. Foto: Lars Martin Hunstad \/ VG\" class=\"_image_qp4xg_65 layout-component layout-wide\" data-fullscreen- data-track-element-type=\"Article image fullscreen\" data-track-name=\"ImageFullscreen\" fetchpriority=\"high\" decoding=\"sync\" loading=\"eager\" height=\"5267\" itemprop=\"image\"  src=\"https:\/\/www.europesays.com\/no\/wp-content\/uploads\/2025\/12\/2b82844c-9d09-4a60-bc41-90a771fdd7cf\"  style=\"object-position:0% 0%\" width=\"7901\"\/>Da Norge sikret VM-billetten, samlet n\u00e6rmere 50.000 mennesker seg p\u00e5 R\u00e5dhusplassen. Neste sommer legges det ogs\u00e5 opp til store folkefester n\u00e5r VM sparkes i gang. Foto: Lars Martin Hunstad \/ VG<\/p>\n<ul aria-hidden=\"true\" class=\"_images_ntbth_112\">\n<li><a class=\"_link_ntbth_117\" href=\"https:\/\/www.vg.no\/forfatter\/sindre-espe\" style=\"z-index:2\" title=\"Sindre Espe\" rel=\"nofollow noopener\" target=\"_blank\"><img alt=\"Bilde av Sindre Espe\" class=\"_image_ntbth_93\" fetchpriority=\"low\" loading=\"lazy\" decoding=\"async\" itemprop=\"image\"  src=\"https:\/\/www.europesays.com\/no\/wp-content\/uploads\/2025\/12\/1765380612_461_5d41d29b-af5f-421d-80e6-42e6d80fe76e\"  width=\"480\"\/><\/a><\/li>\n<li><a class=\"_link_ntbth_117\" href=\"https:\/\/www.vg.no\/forfatter\/eirik-bjertnes-solbakken\" style=\"z-index:1\" title=\"Eirik Bjertnes Solbakken\" rel=\"nofollow noopener\" target=\"_blank\"><img alt=\"Bilde av Eirik Bjertnes Solbakken\" class=\"_image_ntbth_93\" fetchpriority=\"low\" loading=\"lazy\" decoding=\"async\" itemprop=\"image\"  src=\"https:\/\/www.europesays.com\/no\/wp-content\/uploads\/2025\/12\/6694093c-945d-44cb-b991-737f98a50431\"  width=\"480\"\/><\/a><\/li>\n<\/ul>\n<p> Oppdatert onsdag 10. desember kl. 16:05    <\/p>\n<ul class=\"_list_o9xde_3 _list_64s2r_85 _unordered_o9xde_106 text-sans-m\">\n<li class=\"_item_o9xde_30\">Norge er tilbake i fotball-VM etter 28 \u00e5r, og Oslo forbereder seg p\u00e5 folkefest.<\/li>\n<li class=\"_item_o9xde_30\">Lekter\u2019n p\u00e5 Aker Brygge tilbyr VIP-bord for 25.000 kroner og cabana for 50.000 kroner. Men ogs\u00e5 billigere alternativer.<\/li>\n<li class=\"_item_o9xde_30\">I Kongens gate og p\u00e5 Ullevaal stadion arrangeres VM-fest med plass til henholdsvis 12.000 og 35.000 fans.<\/li>\n<\/ul>\n<p>Vis mer <\/p>\n<p class=\"_paragraph_o9xde_4 _paragraph_xtcu6_10 layout-component text-serif-m layout-normal text-serif-m layout-padded\">Utestedet Lekter\u2019n p\u00e5 Aker Brygge har plass til over 2000 personer og er en av flere plasser i Oslo du kan v\u00e6re med p\u00e5 VM-fest til sommeren. <\/p>\n<p class=\"_paragraph_o9xde_4 _paragraph_xtcu6_10 layout-component text-serif-m layout-normal text-serif-m layout-padded\">Ikke alle billettene er lagt ut enn\u00e5, men det er allerede mulig \u00e5 forh\u00e5ndsbestille b\u00e5de VIP-bord og en egen cabana \u2013 et privat og avskjermet loungeomr\u00e5de.<\/p>\n<p class=\"_paragraph_o9xde_4 _paragraph_xtcu6_10 layout-component text-serif-m layout-normal text-serif-m layout-padded\">Dersom du planlegger \u00e5 f\u00e5 med deg Norges \u00e5pningskamp mot Bolivia \/ Surinam \/ IrakBolivia \/ Surinam \/ IrakHvem det blir, avgj\u00f8res i mars. onsdag 17. juni kl. 00.00 p\u00e5 Lekter\u2019n, m\u00e5 du regne med \u00e5 bla opp litt:<\/p>\n<p><img alt=\"Foto: Skjermdump \/ Ticketmaster.com\" class=\"_image_qp4xg_65 layout-component layout-normal\" data-fullscreen- data-track-element-type=\"Article image fullscreen\" data-track-name=\"ImageFullscreen\" decoding=\"async\" loading=\"lazy\" height=\"1156\" itemprop=\"image\"  src=\"https:\/\/www.europesays.com\/no\/wp-content\/uploads\/2025\/12\/f040f15a-adf6-4192-bacb-4f195faad631\"  style=\"object-position:0% 0%\" width=\"1908\"\/>Foto: Skjermdump \/ Ticketmaster.com<\/p>\n<p class=\"_paragraph_o9xde_4 _paragraph_xtcu6_10 layout-component text-serif-m layout-normal text-serif-m layout-padded\">Prisene under er hentet fra oversikten p\u00e5 <a href=\"https:\/\/www.ticketmaster.no\/venue\/lektern-oslo-billetter\/lekt\/18\" class=\"_link_o9xde_39\" rel=\"nofollow noopener\" target=\"_blank\">Ticketmaster<\/a>.<\/p>\n<ul class=\"_list_o9xde_3 _list_xtcu6_9 _unordered_o9xde_106 layout-component text-serif-m layout-normal text-serif-m layout-padded\">\n<li class=\"_item_o9xde_30\">Et VIP-bord p\u00e5 Lekter\u2019n, beregnet for \u00e5tte personer, koster 25.000 kroner. Prisen inkluderer burger og fries til alle, \u00e5tte \u00f8l og to flasker ros\u00e9vin \u2013 noe som tilsvarer 3125 kroner per person.<\/li>\n<li class=\"_item_o9xde_30\">\u00d8nsker man en enda mer eksklusiv og avskjermet opplevelse, kan en s\u00e5kalt \u00abcabana\u00bb for opptil 15 personer bestilles for 50.000 kroner. Da er det inkludert burger og fries til hele gruppen, 15 \u00f8l og tre flasker ros\u00e9vin. Det gir en pris p\u00e5 3333 kroner per person.<\/li>\n<\/ul>\n<p class=\"_paragraph_o9xde_4 _paragraph_xtcu6_10 layout-component text-serif-m layout-normal text-serif-m layout-padded\">Her er det 20 \u00e5rs aldersgrense. VG er samarbeidspartner med utestedet under fotball-VM og vil ha redaksjonelle sendinger derfra. <\/p>\n<p class=\"_paragraph_o9xde_4 _paragraph_xtcu6_10 layout-component text-serif-m layout-normal text-serif-m layout-padded\">Slik ser det ut p\u00e5 Lekter\u2019n:<\/p>\n<ul class=\"_gallery_1qa3s_23\" tabindex=\"0\">\n<li class=\"_item_1qa3s_37\" data-index=\"0\"><img decoding=\"async\" class=\"_image_foru8_23 _articleGallery_foru8_39\" data-fullscreen- width=\"3840\" height=\"2160\" itemprop=\"image\" loading=\"lazy\"  src=\"https:\/\/www.europesays.com\/no\/wp-content\/uploads\/2025\/12\/205d6369-77ea-43d8-8c6a-caf42dfa1d12\"  style=\"object-position:50% 50%;aspect-ratio:var(--gallery-aspect-ratio, 16 \/ 9)\"\/>Illustrasjonsfoto av omtrent hvordan Lekter\u2019n kommer til \u00e5 se ut neste sommer. Foto: Lekter\u2019n<\/li>\n<li class=\"_item_1qa3s_37\" data-index=\"1\"><img decoding=\"async\" class=\"_image_foru8_23 _articleGallery_foru8_39\" data-fullscreen- width=\"5808\" height=\"3872\" itemprop=\"image\" loading=\"lazy\"  src=\"https:\/\/www.europesays.com\/no\/wp-content\/uploads\/2025\/12\/34a8418f-3254-4146-9b3a-c3f4254163e9\"  style=\"object-position:50% 50%;aspect-ratio:var(--gallery-aspect-ratio, 16 \/ 9)\"\/>Og slik ser Lekter\u2019n ut \u00abtil vanlig\u00bb. Foto: Mattis Sandblad \/ VG<\/li>\n<li class=\"_item_1qa3s_37\" data-index=\"2\"><img decoding=\"async\" class=\"_image_foru8_23 _articleGallery_foru8_39\" data-fullscreen- width=\"4608\" height=\"3072\" itemprop=\"image\" loading=\"lazy\"  src=\"https:\/\/www.europesays.com\/no\/wp-content\/uploads\/2025\/12\/2f83403b-21b8-4b08-92a6-09030b1c09b4\"  style=\"object-position:50% 50%;aspect-ratio:var(--gallery-aspect-ratio, 16 \/ 9)\"\/>Foto: Trond Solberg \/ VG<\/li>\n<li class=\"_item_1qa3s_37\" data-index=\"3\"><img decoding=\"async\" class=\"_image_foru8_23 _articleGallery_foru8_39\" data-fullscreen- width=\"4608\" height=\"3072\" itemprop=\"image\" loading=\"lazy\"  src=\"https:\/\/www.europesays.com\/no\/wp-content\/uploads\/2025\/12\/30237b35-27d5-4d76-9a67-61792aec7afc\"  style=\"object-position:50% 50%;aspect-ratio:var(--gallery-aspect-ratio, 16 \/ 9)\"\/>Foto: Trond Solberg \/ VG<\/li>\n<\/ul>\n<p>Illustrasjonsfoto av omtrent hvordan Lekter\u2019n kommer til \u00e5 se ut neste sommer. Foto: Lekter\u2019n<\/p>\n<p class=\"_paragraph_o9xde_4 _paragraph_xtcu6_10 layout-component text-serif-m layout-normal text-serif-m layout-padded\">\u2013 Vi skal skape Norges r\u00e5este VM-opplevelse i samarbeid med VG. Vi kommer til \u00e5 v\u00e6rsikre store deler av Lekter\u2019n, sier Joppe Gjelseth til VG.<\/p>\n<p class=\"_paragraph_o9xde_4 _paragraph_xtcu6_10 layout-component text-serif-m layout-normal text-serif-m layout-padded\">Gjelseth, som eier Lekter\u2019n, forteller at de ogs\u00e5 jobber med \u00e5 f\u00e5 p\u00e5 plass l\u00f8sninger som fast track-innslipp og gratis inngang p\u00e5 alle kampene \u2013 for dem som er tidlig ute. <\/p>\n<p><img decoding=\"async\" alt=\"Bilde av Joppe Gjelseth\" class=\"_image_ygndg_42\" height=\"27\" itemprop=\"image\" loading=\"lazy\"  src=\"https:\/\/www.europesays.com\/no\/wp-content\/uploads\/2025\/12\/9933a271-2e06-4f46-9c80-f41ed48f17d2\"  width=\"40\"\/><strong class=\"_name_ygndg_51 title-serif-xs\">Joppe Gjelseth<\/strong><\/p>\n<p class=\"_paragraph_o9xde_4 text-sans-m _description_ygndg_56\">Her sammen med bror Markus Gjelseth (t.h.). Br\u00f8drene er eierne av Lekter\u2019n.<\/p>\n<p class=\"_paragraph_o9xde_4 _paragraph_xtcu6_10 layout-component text-serif-m layout-normal text-serif-m layout-padded\">\u2013 Vi kommer til \u00e5 vise alle kampene vi har skjenkebevilling til. Heldigvis har vi tillatelse til klokken 03:00, s\u00e5 gjestene kan nyte alkohol helt til 03:30, sier han.<\/p>\n<p class=\"_paragraph_o9xde_4 _paragraph_xtcu6_10 layout-component text-serif-m layout-normal text-serif-m layout-padded\">Prisene p\u00e5 Lekter\u2019n er de samme for alle Norges gruppespillkamper.<\/p>\n<ul class=\"_list_o9xde_3 _list_xtcu6_9 _unordered_o9xde_106 layout-component text-serif-m layout-normal text-serif-m layout-padded\">\n<li class=\"_item_o9xde_30\">Norge m\u00f8ter Senegal tirsdag 23. juni klokken 02.00 norsk tid i New York.<\/li>\n<li class=\"_item_o9xde_30\">Norge m\u00f8ter Frankrike fredag 26. juni klokken 21.00 norsk tid i Boston.<\/li>\n<\/ul>\n<p class=\"_paragraph_o9xde_4 _paragraph_xtcu6_10 layout-component text-serif-m layout-normal text-serif-m layout-padded\">VMs \u00e5pningskamp mellom Mexico og S\u00f8r-Afrika spilles 11. juni kl. 21. <\/p>\n<p class=\"_paragraph_o9xde_4 _paragraph_xtcu6_10 layout-component text-serif-m layout-normal text-serif-m layout-padded\">Til denne kampen koster et VIP-bord p\u00e5 Lekter\u2019n 5000 kroner, mens en cabana har en prislapp p\u00e5 12.500 kroner. Mat- og drikkepakken er den samme som til Norges kamper.<\/p>\n<p class=\"_paragraph_o9xde_4 _paragraph_xtcu6_10 layout-component text-serif-m layout-normal text-serif-m layout-padded\">Det tilsvarer henholdsvis 625 kroner per person for et bord til \u00e5tte, og 833 kroner per person i en cabana for 15.<\/p>\n<p class=\"_paragraph_o9xde_4 _paragraph_xtcu6_10 layout-component text-serif-m layout-normal text-serif-m layout-padded\">Det blir ingen fotballfest p\u00e5 Kontraskj\u00e6ret i hovedstaden i sommer, da Oslo Pride allerede har avtale om \u00e5 bruke omr\u00e5det i juni. VM varer fra 11. juni til 19. juli.<\/p>\n<p class=\"_paragraph_o9xde_4 _paragraph_xtcu6_10 layout-component text-serif-m layout-normal text-serif-m layout-padded\">I stedet rigges det til for folkefest i Kongens gate \u2013 rett ved Kontraskj\u00e6ret \u2013 og p\u00e5 Ullevaal stadion, i regi av arrang\u00f8ren Fotballfesten AS.<\/p>\n<p class=\"_paragraph_o9xde_4 _paragraph_xtcu6_10 layout-component text-serif-m layout-normal text-serif-m layout-padded\">\u2013 I Kongens Gate vil det v\u00e6re plass til 12.000, opplyser daglig leder i Fotballfesten AS Geir Oterhals til VG. <\/p>\n<p><img decoding=\"async\" alt=\"Bilde av Geir Oterhals\" class=\"_image_ygndg_42\" height=\"53\" itemprop=\"image\" loading=\"lazy\"  src=\"https:\/\/www.europesays.com\/no\/wp-content\/uploads\/2025\/12\/2ddf7163-3fd9-49e3-839c-a079ff10ab50\"  width=\"40\"\/><strong class=\"_name_ygndg_51 title-serif-xs\">Geir Oterhals<\/strong><\/p>\n<p class=\"_paragraph_o9xde_4 _paragraph_xtcu6_10 layout-component text-serif-m layout-normal text-serif-m layout-padded\">Ullevaal stadion forvandles til et gigantisk samlingssted. Den kan samle opptil 35.000 fans. Ogs\u00e5 her vil det koste penger \u00e5 booke bord.<\/p>\n<p class=\"_paragraph_o9xde_4 _paragraph_xtcu6_10 layout-component text-serif-m layout-normal text-serif-m layout-padded\">\u2013 I Kongens gate holder vi \u00e5pent under alle Norges kamper, mens kampen mot Senegal \u2013 som starter kl. 02.00 \u2013 fortsatt ikke er avgjort for Ullevaal stadion, sier Oterhals.<\/p>\n<p class=\"_paragraph_o9xde_4 _paragraph_xtcu6_10 layout-component text-serif-m layout-normal text-serif-m layout-padded\">H\u00f8r landslagssjef St\u00e5le Solbakkens plan om veien frem mot VM:<\/p>\n<p class=\"_paragraph_o9xde_4 _paragraph_xtcu6_10 layout-component text-serif-m layout-normal text-serif-m layout-padded\">Interessen er enorm, og billettene g\u00e5r unna.<\/p>\n<p class=\"_paragraph_o9xde_4 _paragraph_xtcu6_10 layout-component text-serif-m layout-normal text-serif-m layout-padded\">\u2013 Vi er allerede 50 prosent utsolgt til alle Norges kamper, b\u00e5de i Kongens gate og p\u00e5 Ullevaal. Vi regner med \u00e5 v\u00e6re helt utsolgt i l\u00f8pet av et par dager, legger han til.<\/p>\n<p class=\"_paragraph_o9xde_4 _paragraph_xtcu6_10 layout-component text-serif-m layout-normal text-serif-m layout-padded\">P\u00e5 Ullevaal m\u00e5 alle kj\u00f8pe et supporter-skjerf til 199 kroner for \u00e5 f\u00e5 adgang. Plass m\u00e5 reserveres p\u00e5 forh\u00e5nd for \u00e5 kontrollere innslippet. <\/p>\n<p class=\"_paragraph_o9xde_4 _paragraph_xtcu6_10 layout-component text-serif-m layout-normal text-serif-m layout-padded\">Arrangementet har 18-\u00e5rs aldersgrense \u2013 og barn er ikke tillatt under Norges kamper.<\/p>\n<p class=\"_paragraph_o9xde_4 _paragraph_xtcu6_10 layout-component text-serif-m layout-normal text-serif-m layout-padded\">Seter i nedre sving koster 50 kroner per person, mens et premium-bord midt p\u00e5 gressmatten koster mellom 1600 og 2200 kroner for opptil \u00e5tte personer. For premium-bord m\u00e5 det i tillegg kj\u00f8pes drikkepakke.<\/p>\n","protected":false},"excerpt":{"rendered":"Etter 28 lange \u00e5r er Norge endelig tilbake i fotball-VM og Oslo gj\u00f8res klar for folkefest. Men det&hellip;\n","protected":false},"author":2,"featured_media":109470,"comment_status":"","ping_status":"","sticky":false,"template":"","format":"standard","meta":{"footnotes":""},"categories":[59],"tags":[13514,4472,8634,3163,30,28,29,83,82],"class_list":{"0":"post-109469","1":"post","2":"type-post","3":"status-publish","4":"format-standard","5":"has-post-thumbnail","7":"category-sport","8":"tag-aker-brygge","9":"tag-fotball-vm","10":"tag-fotball-vm-2026","11":"tag-herrelandslaget-fotball","12":"tag-no","13":"tag-norge","14":"tag-norway","15":"tag-sport","16":"tag-sports"},"share_on_mastodon":{"url":"https:\/\/pubeurope.com\/@no\/115695992599055144","error":""},"_links":{"self":[{"href":"https:\/\/www.europesays.com\/no\/wp-json\/wp\/v2\/posts\/109469","targetHints":{"allow":["GET"]}}],"collection":[{"href":"https:\/\/www.europesays.com\/no\/wp-json\/wp\/v2\/posts"}],"about":[{"href":"https:\/\/www.europesays.com\/no\/wp-json\/wp\/v2\/types\/post"}],"author":[{"embeddable":true,"href":"https:\/\/www.europesays.com\/no\/wp-json\/wp\/v2\/users\/2"}],"replies":[{"embeddable":true,"href":"https:\/\/www.europesays.com\/no\/wp-json\/wp\/v2\/comments?post=109469"}],"version-history":[{"count":0,"href":"https:\/\/www.europesays.com\/no\/wp-json\/wp\/v2\/posts\/109469\/revisions"}],"wp:featuredmedia":[{"embeddable":true,"href":"https:\/\/www.europesays.com\/no\/wp-json\/wp\/v2\/media\/109470"}],"wp:attachment":[{"href":"https:\/\/www.europesays.com\/no\/wp-json\/wp\/v2\/media?parent=109469"}],"wp:term":[{"taxonomy":"category","embeddable":true,"href":"https:\/\/www.europesays.com\/no\/wp-json\/wp\/v2\/categories?post=109469"},{"taxonomy":"post_tag","embeddable":true,"href":"https:\/\/www.europesays.com\/no\/wp-json\/wp\/v2\/tags?post=109469"}],"curies":[{"name":"wp","href":"https:\/\/api.w.org\/{rel}","templated":true}]}}