{"id":109473,"date":"2025-12-10T15:36:16","date_gmt":"2025-12-10T15:36:16","guid":{"rendered":"https:\/\/www.europesays.com\/no\/109473\/"},"modified":"2025-12-10T15:36:16","modified_gmt":"2025-12-10T15:36:16","slug":"vaer-alstahaug-stiv-kuling-slar-inn-over-hele-kysten-pa-helgeland-innlandet-slipper-unna","status":"publish","type":"post","link":"https:\/\/www.europesays.com\/no\/109473\/","title":{"rendered":"V\u00e6r, Alstahaug | Stiv kuling sl\u00e5r inn over hele kysten p\u00e5 Helgeland \u2013 innlandet slipper unna"},"content":{"rendered":"\n<p>Meteorologene varsler stiv kuling fra Sandnessj\u00f8en og nordover onsdag og torsdag, mens det blir langt roligere i Mosj\u00f8en og Vefsn.<\/p>\n<p>Langs kysten, inkludert Sandnessj\u00f8en og Alstahaug, ventes perioder med stiv kuling fra s\u00f8r\u00f8st og vindkast som lokalt kan n\u00e6rme seg 20\u201323 meter i sekundet. Varselet p\u00e5 Yr viser \u00f8kende vind utover onsdag, kombinert med sludd- og sn\u00f8byger i perioder.<\/p>\n<p>Lavtrykk presser p\u00e5<\/p>\n<p>V\u00e6rvarselet gjelder hele Nordlandskysten og gj\u00f8r forholdene krevende for sm\u00e5b\u00e5ter.<\/p>\n<p>Statsmeteorolog Ola Bakke Aashamar forklarer til Avisa Nordland at vinden skyldes et lavtrykk som kommer inn over F\u00e6r\u00f8yene, samtidig som et annet h\u00f8ytrykk over Svalbard presser kraftig \u00f8stavind inn mot Nordland.<\/p>\n<p>Dette gir mest vind langs kysten, og roligere forhold i indre str\u00f8k p\u00e5 Midt-Helgeland. Her vil det bl\u00e5se mellom 3 og 5 meter i sekundet, i kombinasjon med moderat nedb\u00f8r i form av sludd og regn.<\/p>\n<p>\u00d8kt sn\u00f8skredfare<\/p>\n<p>Yr har ogs\u00e5 sendt ut gult sn\u00f8skredvarsel for Helgeland onsdag. Sterk vind og nysn\u00f8 legger opp fokksn\u00f8flak i leomr\u00e5der i fjellet. Skil\u00f8pere kan lett l\u00f8se ut skred i bratte heng, og n\u00e5r temperaturen stiger utover kvelden kan regn p\u00e5 nysn\u00f8 f\u00f8re til mindre v\u00e5te skred.<\/p>\n<p>   <img decoding=\"async\" width=\"421\" height=\"319\" fetchpriority=\"low\"  loading=\"lazy\"  src=\"https:\/\/www.europesays.com\/no\/wp-content\/uploads\/2025\/12\/Skjermbilde+2025-12-10+130345.png\" alt=\"\" class=\"brick-c-cFOWSL\" style=\"--brick-image-ratio: 421 \/ 319;\"\/><\/p>\n<p>      STIV KULING: Yr.no har sendt ut gult farevarsel p\u00e5 kysten fra S\u00f8r-Helgeland til Troms\u00f8 i nord. Den kraftige vinden vil fortsette ut torsdag.<br \/>\n      Foto: yr.no\/Meteorologisk Institutt\n    <\/p>\n<p>Varslene som gjelder n\u00e5 ligger under niv\u00e5et der Helgelandsbrua normalt stenges, men kraftige vindkast kan likevel skape krevende forhold. Vegvesenet anbefaler derfor trafikanter \u00e5 f\u00f8lge med p\u00e5 oppdaterte meldinger dersom vinden \u00f8ker.<\/p>\n<p>Det urolige v\u00e6ret fortsetter inn i torsdag f\u00f8r vinden gradvis avtar.<\/p>\n","protected":false},"excerpt":{"rendered":"Meteorologene varsler stiv kuling fra Sandnessj\u00f8en og nordover onsdag og torsdag, mens det blir langt roligere i Mosj\u00f8en&hellip;\n","protected":false},"author":2,"featured_media":109474,"comment_status":"","ping_status":"","sticky":false,"template":"","format":"standard","meta":{"footnotes":""},"categories":[5],"tags":[2486,36,20,21,24,25,2125,15,19,22,23,17,18,13,30,28,29,14,16,1510,26,27,553,1203],"class_list":{"0":"post-109473","1":"post","2":"type-post","3":"status-publish","4":"format-standard","5":"has-post-thumbnail","7":"category-overskrifter","8":"tag-alstahaug","9":"tag-art","10":"tag-breaking-news","11":"tag-breakingnews","12":"tag-featured-news","13":"tag-featurednews","14":"tag-gult-farevarsel","15":"tag-headlines","16":"tag-hovedoppslag","17":"tag-latest-news","18":"tag-latestnews","19":"tag-main-news","20":"tag-mainnews","21":"tag-news","22":"tag-no","23":"tag-norge","24":"tag-norway","25":"tag-nyheter","26":"tag-overskrifter","27":"tag-story","28":"tag-top-stories","29":"tag-topstories","30":"tag-vaer","31":"tag-vefsn"},"share_on_mastodon":{"url":"https:\/\/pubeurope.com\/@no\/115696015074219333","error":""},"_links":{"self":[{"href":"https:\/\/www.europesays.com\/no\/wp-json\/wp\/v2\/posts\/109473","targetHints":{"allow":["GET"]}}],"collection":[{"href":"https:\/\/www.europesays.com\/no\/wp-json\/wp\/v2\/posts"}],"about":[{"href":"https:\/\/www.europesays.com\/no\/wp-json\/wp\/v2\/types\/post"}],"author":[{"embeddable":true,"href":"https:\/\/www.europesays.com\/no\/wp-json\/wp\/v2\/users\/2"}],"replies":[{"embeddable":true,"href":"https:\/\/www.europesays.com\/no\/wp-json\/wp\/v2\/comments?post=109473"}],"version-history":[{"count":0,"href":"https:\/\/www.europesays.com\/no\/wp-json\/wp\/v2\/posts\/109473\/revisions"}],"wp:featuredmedia":[{"embeddable":true,"href":"https:\/\/www.europesays.com\/no\/wp-json\/wp\/v2\/media\/109474"}],"wp:attachment":[{"href":"https:\/\/www.europesays.com\/no\/wp-json\/wp\/v2\/media?parent=109473"}],"wp:term":[{"taxonomy":"category","embeddable":true,"href":"https:\/\/www.europesays.com\/no\/wp-json\/wp\/v2\/categories?post=109473"},{"taxonomy":"post_tag","embeddable":true,"href":"https:\/\/www.europesays.com\/no\/wp-json\/wp\/v2\/tags?post=109473"}],"curies":[{"name":"wp","href":"https:\/\/api.w.org\/{rel}","templated":true}]}}