{"id":109475,"date":"2025-12-10T15:37:21","date_gmt":"2025-12-10T15:37:21","guid":{"rendered":"https:\/\/www.europesays.com\/no\/109475\/"},"modified":"2025-12-10T15:37:21","modified_gmt":"2025-12-10T15:37:21","slug":"sentrum-oslo-kommune-oslo-kommune-kritiserer-norges-fotballforbund-etter-feiringen-pa-radhuset","status":"publish","type":"post","link":"https:\/\/www.europesays.com\/no\/109475\/","title":{"rendered":"Sentrum, Oslo kommune | Oslo kommune kritiserer Norges fotballforbund etter feiringen p\u00e5 r\u00e5dhuset"},"content":{"rendered":"\n<p>17. november var det folkefest utenfor r\u00e5dhuset da herrelandslaget i fotball vendte hjem etter VM-kvalifiseringen. Rundt 50.000 mennesker samlet seg p\u00e5 R\u00e5dhusplassen for \u00e5 ta del i feiringen.<\/p>\n<p>I etterkant skal Oslo kommune ha sendt et klagebrev til fotballforbundet. Det var <a rel=\"Follow nofollow noopener\" href=\"https:\/\/www.vg.no\/sport\/i\/wr6a7o\/oslo-kommune-fotballforbundet-gjorde-det-vanskelig-for-pressefotograf\" target=\"_blank\">VG<\/a> som f\u00f8rst omtalte saken.<\/p>\n<p>Oslo kommune har samarbeidet med NFF i forbindelse med arrangementet. Oslos ordf\u00f8rer, Anne Lindboe, var til stede p\u00e5 balkongen og holdt tale.<\/p>\n<p>Klagen dreier seg imidlertid om noe helt annet. I brevet skriver kommunens kommunikasjonssjef Hanne Gj\u00f8rtz som f\u00f8lger: <\/p>\n<p><b>\u00abDet burde ikke v\u00e6re n\u00f8dvendig \u00e5 g\u00e5 mange runder med dere for \u00e5 f\u00e5 gitt tilgang til arrangementet og balkongen til en fotograf fra NTB.\u00bb<\/b><\/p>\n<p>   <img decoding=\"async\" width=\"6480\" height=\"4320\" fetchpriority=\"low\"  loading=\"lazy\"  src=\"https:\/\/www.europesays.com\/no\/wp-content\/uploads\/2025\/12\/cueres_scp-mangler_navn_XBCKYBV7zvg.jpg\" alt=\"Oslo 20251117. &#10;Norges herrelandslaget i fotball hilser til folket fra r\u00e5dhusbalkongen etter seieren i VM-kvalifiseringskampen i fotball mellom Norge og Italia p\u00e5 San Siro.&#10;Foto: Heiko Junge \/ NTB\" class=\"brick-c-cFOWSL\" style=\"--brick-image-ratio: 6480 \/ 4320;\"\/><\/p>\n<p>Herrelandslaget hilser til folket fra r\u00e5dhusbalkongen.<br \/>\n      Foto: Heiko Junge \/ NTB\n    <\/p>\n<p>  Begrenset tilgang<\/p>\n<p>If\u00f8lge Gj\u00f8rtz opplevde NTBs fotograf, Terje Pedersen, \u00e5 bli avvist og nektet tilgang til balkongen underveis i arrangementet. Pedersen opererte som pool-fotograf, noe som betyr at han tar stillbildene som distribueres til all norsk og internasjonal presse.<\/p>\n<p>Hun understreker at diskusjonen om tilgang oppsto underveis i et hektisk arrangement.<\/p>\n<p><b>\u2013 Fotografen og vi \u00f8nsket at han skulle f\u00e5 komme ut p\u00e5 balkongen for \u00e5 ta bilder, men det ble ikke mulig \u00e5 f\u00e5 til underveis. Da ble det en diskusjon mens man sto midt oppi arrangementet, noe som burde v\u00e6re un\u00f8dvendig.<\/b><\/p>\n<p>Nyhetsredakt\u00f8r i NTB Christina Dortheellinger Nygaard st\u00f8tter kommunens kritikk og mener det handler om prinsipielle sp\u00f8rsm\u00e5l rundt uavhengig pressedekning.<\/p>\n<p>\u2013 I journalistikken m\u00e5 vi kunne v\u00e6re fri og uavhengige. NFF \u00f8nsket ikke det, men vi argumenterte da med at dette er hele Oslos r\u00e5dhus, sier hun til VG.<\/p>\n<p>   <img decoding=\"async\" width=\"6000\" height=\"4000\" fetchpriority=\"low\"  loading=\"lazy\"  src=\"https:\/\/www.europesays.com\/no\/wp-content\/uploads\/2025\/12\/cueres_scp-mangler_navn_dFROad8Jk1s.jpg\" alt=\"Oslo 20251117. &#10;Norges herrelandslaget blir tatt i mot p\u00e5 R\u00e5dhuset. Herrelandslaget venter folkefest p\u00e5 R\u00e5dhusplassen etter seieren i VM-kvalifiseringskampen i fotball mellom Norge og Italia p\u00e5 San Siro.&#10;Foto: Terje Pedersen \/ NTB\" class=\"brick-c-cFOWSL\" style=\"--brick-image-ratio: 6000 \/ 4000;\"\/><\/p>\n<p>      NTBs fotograf fikk knipset noen bilder til slutt.<br \/>\n      Foto: Terje Pedersen \/ NTB\n    <\/p>\n<p>  Ikke enig<\/p>\n<p>NFF p\u00e5 sin side stiller seg kritiske til p\u00e5standen. Kommunikasjonsdirekt\u00f8r Ragnhild Ask Connell forklarer begrensningene med sikkerhetshensyn. Hun viser ogs\u00e5 til at NFF investerte i en TV-produksjon som all media fikk gratis tilgang til.<\/p>\n<p>Samtidig erkjenner hun at NFF kunne v\u00e6rt mer positive.<\/p>\n<p>\u00abVi er helt enige i det prinsipielle og har full respekt for at kommunen \u00f8nsker at et uavhengig medium skal dokumentere seansen\u00bb, skriver Connell.<\/p>\n<p>Connell mener likevel at NTB fikk god dekning til slutt.<\/p>\n<p><b>\u00abDerfor stiller vi oss noe undrende til e-posten som ble sendt, og at ikke dialogen p\u00e5 r\u00e5dhuset i etterkant av arrangementet var tilstrekkelig.\u00bb<\/b><\/p>\n<p><b>Les ogs\u00e5:<\/b><\/p>\n<p>  <a href=\"https:\/\/www.ao.no\/5-128-1212083\" class=\"related-teaser has-image default-story-teaser article--c-eRUmMG article--c-eRUmMG-jKCPdD-design-default\" rel=\"nofollow noopener\" target=\"_blank\"><\/p>\n<p>    <img decoding=\"async\" loading=\"lazy\"  src=\"https:\/\/www.europesays.com\/no\/wp-content\/uploads\/2025\/12\/Skjermbilde%2B2025-11-03%2B133102+%281%29.jpg\" alt=\"\" class=\"brick-c-cFOWSL\" style=\"\"\/><\/p>\n<p>\n            Les ogs\u00e5<\/p>\n<p>              M\u00e5tte sjekke om nabotipset virkelig stemte. Kjent restaurant i tr\u00f8bbel: \u2013 Vi gjorde en feil\n        <\/p>\n<p>  <\/a><\/p>\n<p>  <a href=\"https:\/\/www.ao.no\/5-128-1212898\" class=\"related-teaser has-image default-story-teaser article--c-eRUmMG article--c-eRUmMG-jKCPdD-design-default\" rel=\"nofollow noopener\" target=\"_blank\"><\/p>\n<p>    <img decoding=\"async\" loading=\"lazy\"  src=\"https:\/\/www.europesays.com\/no\/wp-content\/uploads\/2025\/12\/Overskrift+%2824%29.jpg\" alt=\"\" class=\"brick-c-cFOWSL\" style=\"\"\/><\/p>\n<p>\n            Les ogs\u00e5<\/p>\n<p>              Ante ingenting om den oppsiktsvekkende nyheten om busselskapet: \u2013 K\u00f8dder du,  eller?\n        <\/p>\n<p>  <\/a><\/p>\n<p>  <a href=\"https:\/\/www.ao.no\/5-128-1212237\" class=\"related-teaser has-image default-story-teaser article--c-eRUmMG article--c-eRUmMG-jKCPdD-design-default\" rel=\"nofollow noopener\" target=\"_blank\"><\/p>\n<p>    <img decoding=\"async\" loading=\"lazy\"  src=\"https:\/\/www.europesays.com\/no\/wp-content\/uploads\/2025\/12\/NTB_0_vkDghpCIU.jpg\" alt=\"\" class=\"brick-c-cFOWSL\" style=\"\"\/><\/p>\n<p>\n            Les ogs\u00e5<\/p>\n<p>              I fjor ble det fiasko p\u00e5 R\u00e5dshusplassen. I \u00e5r blir det ingenting\n        <\/p>\n<p>  <\/a><\/p>\n","protected":false},"excerpt":{"rendered":"17. november var det folkefest utenfor r\u00e5dhuset da herrelandslaget i fotball vendte hjem etter VM-kvalifiseringen. Rundt 50.000 mennesker&hellip;\n","protected":false},"author":2,"featured_media":109476,"comment_status":"","ping_status":"","sticky":false,"template":"","format":"standard","meta":{"footnotes":""},"categories":[59],"tags":[36,12089,30,28,29,4500,285,83,82,1510],"class_list":{"0":"post-109475","1":"post","2":"type-post","3":"status-publish","4":"format-standard","5":"has-post-thumbnail","7":"category-sport","8":"tag-art","9":"tag-klage","10":"tag-no","11":"tag-norge","12":"tag-norway","13":"tag-oslo-kommune","14":"tag-sentrum","15":"tag-sport","16":"tag-sports","17":"tag-story"},"share_on_mastodon":{"url":"https:\/\/pubeurope.com\/@no\/115696018769791071","error":""},"_links":{"self":[{"href":"https:\/\/www.europesays.com\/no\/wp-json\/wp\/v2\/posts\/109475","targetHints":{"allow":["GET"]}}],"collection":[{"href":"https:\/\/www.europesays.com\/no\/wp-json\/wp\/v2\/posts"}],"about":[{"href":"https:\/\/www.europesays.com\/no\/wp-json\/wp\/v2\/types\/post"}],"author":[{"embeddable":true,"href":"https:\/\/www.europesays.com\/no\/wp-json\/wp\/v2\/users\/2"}],"replies":[{"embeddable":true,"href":"https:\/\/www.europesays.com\/no\/wp-json\/wp\/v2\/comments?post=109475"}],"version-history":[{"count":0,"href":"https:\/\/www.europesays.com\/no\/wp-json\/wp\/v2\/posts\/109475\/revisions"}],"wp:featuredmedia":[{"embeddable":true,"href":"https:\/\/www.europesays.com\/no\/wp-json\/wp\/v2\/media\/109476"}],"wp:attachment":[{"href":"https:\/\/www.europesays.com\/no\/wp-json\/wp\/v2\/media?parent=109475"}],"wp:term":[{"taxonomy":"category","embeddable":true,"href":"https:\/\/www.europesays.com\/no\/wp-json\/wp\/v2\/categories?post=109475"},{"taxonomy":"post_tag","embeddable":true,"href":"https:\/\/www.europesays.com\/no\/wp-json\/wp\/v2\/tags?post=109475"}],"curies":[{"name":"wp","href":"https:\/\/api.w.org\/{rel}","templated":true}]}}