{"id":109479,"date":"2025-12-10T15:42:11","date_gmt":"2025-12-10T15:42:11","guid":{"rendered":"https:\/\/www.europesays.com\/no\/109479\/"},"modified":"2025-12-10T15:42:11","modified_gmt":"2025-12-10T15:42:11","slug":"reagerer-etter-storo-skyting-tilliten-er-svekket","status":"publish","type":"post","link":"https:\/\/www.europesays.com\/no\/109479\/","title":{"rendered":"Reagerer etter Storo-skyting: \u2013 Tilliten er svekket"},"content":{"rendered":"\n<ul class=\"_list_o9xde_3 _list_64s2r_85 _unordered_o9xde_106 text-sans-m\">\n<li class=\"_item_o9xde_30\">Oslo Handelsforening og byr\u00e5det kritiserer regjeringen for manglende politisatsing etter skytingen p\u00e5 Storo.<\/li>\n<li class=\"_item_o9xde_30\">De mener \u00f8kte hovedstadsoppgaver tapper politiet for ressurser.<\/li>\n<li class=\"_item_o9xde_30\">Politiet har ikke kapasitet til \u00e5 rykke ut p\u00e5 mange oppdrag, noe som svekker tilliten til dets evne til \u00e5 opprettholde sikkerheten.<\/li>\n<li class=\"_item_o9xde_30\">Justis- og beredskapsministeren jobber med nye tiltak. <\/li>\n<\/ul>\n<p>Vis mer <\/p>\n<p class=\"_paragraph_o9xde_4 _paragraph_xtcu6_10 layout-component text-serif-m layout-normal text-serif-m layout-padded\">\u2013 Vi opplever at <a href=\"https:\/\/www.vg.no\/tag\/politiet?utm_source=vg-article&amp;utm_medium=auto-tagger&amp;utm_campaign=8pw90G\" class=\"_link_o9xde_39\" rel=\"nofollow noopener\" target=\"_blank\">politiet<\/a> har trukket seg tilbake fra gaten, sier Daniel Torkildsen Lea, administrerende direkt\u00f8r i Oslo Handelsstands Forening (OHF), til VG. <\/p>\n<p class=\"_paragraph_o9xde_4 _paragraph_xtcu6_10 layout-component text-serif-m layout-normal text-serif-m layout-padded\">Mandag formiddag ble det <a href=\"https:\/\/www.vg.no\/nyheter\/i\/43dbwa\/politiet-avfyrt-skudd-paa-storo-senteret\" data-track-element-type=\"Link\" data-track-id=\"link:43dbwa\" class=\"_link_o9xde_39\" rel=\"nofollow noopener\" target=\"_blank\">avfyrt skudd p\u00e5 Storo Storsenter<\/a> i Oslo. En 19-\u00e5ring gikk rett inn p\u00e5 senteret med hagle, kniv og balltre, if\u00f8lge politiet. <\/p>\n<p class=\"_paragraph_o9xde_4 _paragraph_xtcu6_10 layout-component text-serif-m layout-normal text-serif-m layout-padded\"><strong class=\"_strong_o9xde_25\">N\u00e5 etterlyser OHF og byr\u00e5dslederen en hovedstadsfinansiering av politiet. <\/strong><\/p>\n<p class=\"_paragraph_o9xde_4 _paragraph_xtcu6_10 layout-component text-serif-m layout-normal text-serif-m layout-padded\">\u2013 Vi opplever at storsamfunnet ikke lenger betaler for kunder og ansatte sin trygghet. Tiliten til at for eksempel butikktyverier tas p\u00e5 alvor er svekket. Det er ikke greit, sier Lea. <\/p>\n<p><img decoding=\"async\" alt=\"Bilde av Daniel Torkildsen Lea\" class=\"_image_ygndg_42\" height=\"27\" itemprop=\"image\" loading=\"lazy\"  src=\"https:\/\/www.europesays.com\/no\/wp-content\/uploads\/2025\/12\/8d887432-008a-44c4-8c64-c6b8fe1ab28d\"  width=\"40\"\/><strong class=\"_name_ygndg_51 title-serif-xs\">Daniel Torkildsen Lea<\/strong><\/p>\n<p class=\"_paragraph_o9xde_4 text-sans-m _description_ygndg_56\">Administrerende direkt\u00f8r  i Oslo handelstands forening. <\/p>\n<p class=\"_paragraph_o9xde_4 _paragraph_xtcu6_10 layout-component text-serif-m layout-normal text-serif-m layout-padded\">Hendelsen p\u00e5 Storo f\u00f8yer seg inn i en rekke andre hendelser n\u00e6r handelsn\u00e6ringen i hovedstaden det siste \u00e5ret. <\/p>\n<p class=\"_paragraph_o9xde_4 _paragraph_xtcu6_10 layout-component text-serif-m layout-normal text-serif-m layout-padded\">Tidligere i \u00e5r oppstod sl\u00e5sskamp og <a href=\"https:\/\/www.vg.no\/nyheter\/i\/3MAynP\/melding-om-skudd-paa-tveita-senter\" data-track-element-type=\"Link\" data-track-id=\"link:3MAynP\" class=\"_link_o9xde_39\" rel=\"nofollow noopener\" target=\"_blank\">skyting p\u00e5 Tveita senter<\/a>, to personer ble kritisk skadet etter knivstikking i en butikk p\u00e5 <a href=\"https:\/\/www.vg.no\/nyheter\/i\/xmwzP8\/knivstikking-paa-restaurant-i-maridalsveien\" data-track-element-type=\"Link\" data-track-id=\"link:xmwzP8\" class=\"_link_o9xde_39\" rel=\"nofollow noopener\" target=\"_blank\">Vulkan i desember i fjor<\/a>, og for et par m\u00e5neder siden ble det kastet granat mot en <a href=\"https:\/\/www.vg.no\/nyheter\/i\/ny8vWo\/politiet-eksplosjon-i-pilestredet\" data-track-element-type=\"Link\" data-track-id=\"link:ny8vWo\" class=\"_link_o9xde_39\" rel=\"nofollow noopener\" target=\"_blank\">neglsalong p\u00e5 Bislett.<\/a><\/p>\n<p class=\"_paragraph_o9xde_4 _paragraph_xtcu6_10 layout-component text-serif-m layout-normal text-serif-m layout-padded\">Han mener at den tyngste kriminaliteten og andre s\u00e6roppgaver i hovedstaden spiser opp politiets ressurser. <\/p>\n<p class=\"_paragraph_o9xde_4 _paragraph_xtcu6_10 layout-component text-serif-m layout-normal text-serif-m layout-padded\">\u2013 Det er vi som betaler regningen for synlig uniformert personell i form av vektere, n\u00e5r politiet trekker seg tilbake, sier Lea. <\/p>\n<p>\u00d8kning med 83 prosent<\/p>\n<p class=\"_paragraph_o9xde_4 _paragraph_xtcu6_10 layout-component text-serif-m layout-normal text-serif-m layout-padded\">\u2013 Bakgrunnen er at Oslo-politiet m\u00e5 bruke betydelig ressurser p\u00e5 forhold som er s\u00e6regne for en hovedstad. Det kan handle om statsbes\u00f8k, h\u00e5ndtering av demonstrasjoner eller vakthold ved ambassadene til Ukraina, Russland og Israel. <\/p>\n<p class=\"_paragraph_o9xde_4 _paragraph_xtcu6_10 layout-component text-serif-m layout-normal text-serif-m layout-padded\">Lea henviser til tall de har f\u00e5tt fra Oslopolitiet, som viser at antall prioriterte oppdrag som Oslo-politiet ikke hadde kapasitet til \u00e5 rykke ut p\u00e5 har \u00f8kt med 83 prosent p\u00e5 to \u00e5r fra 2022 til 2024. Det tilsvarer 1864 flere oppdrag. <\/p>\n<p class=\"_paragraph_o9xde_4 _paragraph_xtcu6_10 layout-component text-serif-m layout-normal text-serif-m layout-padded\">Oslo politidistrikt har bekreftet disse tallene ovenfor VG. <\/p>\n<p><img decoding=\"async\" alt=\"Bilde av Eirik Lae Solberg\" class=\"_image_ygndg_42\" height=\"27\" itemprop=\"image\" loading=\"lazy\"  src=\"https:\/\/www.europesays.com\/no\/wp-content\/uploads\/2025\/12\/01b22f4b-9bea-489b-9a83-206d0a5b7d73\"  width=\"40\"\/><strong class=\"_name_ygndg_51 title-serif-xs\">Eirik Lae Solberg<\/strong><\/p>\n<p class=\"_paragraph_o9xde_4 text-sans-m _description_ygndg_56\">Byr\u00e5dsleder i Oslo for H\u00f8yre. <\/p>\n<p class=\"_paragraph_o9xde_4 _paragraph_xtcu6_10 layout-component text-serif-m layout-normal text-serif-m layout-padded\">\u2013 Men denne statistikken som OHF har beskrevet, viser at strikken er strukket for langt. Selv en politibetjent kan ikke v\u00e6re mer enn ett sted om gangen, forteller Byr\u00e5dsleder i Oslo Eirik Lae Solberg (H) til VG.<\/p>\n<p class=\"_paragraph_o9xde_4 _paragraph_xtcu6_10 layout-component text-serif-m layout-normal text-serif-m layout-padded\">\u2013 De er n\u00f8dt til \u00e5 prioritere de mest alvorlige sakene, og n\u00e5r de ikke har nok folk, g\u00e5r det ut over andre viktige politioppdrag, som innbrudd og butikktyverier, legger Solberg til.<\/p>\n<p>Mener politiet st\u00e5r i en presset situasjon<\/p>\n<p class=\"_paragraph_o9xde_4 _paragraph_xtcu6_10 layout-component text-serif-m layout-normal text-serif-m layout-padded\">Solberg understreker at politiet gj\u00f8r en veldig god jobb i Oslo med de ressursene de har, men mener de er i en presset situasjon, siden de m\u00e5 bruke mye av ressursene p\u00e5 hovedstadsoppdraget.<\/p>\n<p class=\"_paragraph_o9xde_4 _paragraph_xtcu6_10 layout-component text-serif-m layout-normal text-serif-m layout-padded\">\u2013 Det er veldig alvorlig. Det undergraver folks tillit til lov og rett n\u00e5r politiet ikke er i stand til \u00e5 reagere og ikke er i stand til \u00e5 f\u00f8lge opp innbrudd og tyverier p\u00e5 en god nok m\u00e5te, sier byr\u00e5dslederen. <\/p>\n<p class=\"_paragraph_o9xde_4 _paragraph_xtcu6_10 layout-component text-serif-m layout-normal text-serif-m layout-padded\">Han peker p\u00e5 at antallet politifolk har st\u00e5tt helt stille de siste \u00e5rene, samtidig som oppgavene politiet har med \u00e5 beskjempe organisert kriminalitet, svenske kriminelle nettverk, og \u00e5 forebygge og hindre barne- og ungdomskriminalitet har \u00f8kt voldsomt. <\/p>\n<p class=\"_paragraph_o9xde_4 _paragraph_xtcu6_10 layout-component text-serif-m layout-normal text-serif-m layout-padded\">Samtidig har de m\u00e5ttet bruke mye mer ressurser p\u00e5 hovedstadsoppdraget.<\/p>\n<p class=\"_paragraph_o9xde_4 _paragraph_xtcu6_10 layout-component text-serif-m layout-normal text-serif-m layout-padded\"><strong class=\"_strong_o9xde_25\">\u2013 Det g\u00e5r ikke opp, understreker Solberg. <\/strong><\/p>\n<p> \u2013 Politiet er taperen<\/p>\n<p class=\"_paragraph_o9xde_4 _paragraph_xtcu6_10 layout-component text-serif-m layout-normal text-serif-m layout-padded\">\u2013 Det er veldig bekymringsfullt n\u00e5r politiet sier rett ut at vakthold p\u00e5 ambassader, demonstrasjoner og andre oppgaver g\u00e5r p\u00e5 bekostning av det kriminalitetsforebyggende arbeidet og hverdagskriminaliteten. <\/p>\n<p class=\"_paragraph_o9xde_4 _paragraph_xtcu6_10 layout-component text-serif-m layout-normal text-serif-m layout-padded\">Nylig la byr\u00e5det i Oslo frem et hovedstadsl\u00f8ft for <a href=\"https:\/\/www.vg.no\/nyheter\/i\/rPvja0\/byraadet-i-oslo-blar-opp-millioner-mot-ungdomskrim-satser-paa-forebygging\" data-track-element-type=\"Link\" data-track-id=\"link:rPvja0\" class=\"_link_o9xde_39\" rel=\"nofollow noopener\" target=\"_blank\">det forebyggende arbeidet mot barne- og ungdomskriminalitet.<\/a> N\u00e5 mener han at vi trenger et tilsvarende hovedstadsl\u00f8ft som tar Oslopolitiets pressede situasjon p\u00e5 alvor. <\/p>\n<p class=\"_paragraph_o9xde_4 _paragraph_xtcu6_10 layout-component text-serif-m layout-normal text-serif-m layout-padded\">\u2013 N\u00e5 trenger Oslopolitiet flere ressurser, de har kommet altfor d\u00e5rlig ut av statsbudsjettet. Politiet er taperen n\u00e5r statsbudsjettet n\u00e5 blir vedtatt. Vi trenger at regjeringen forst\u00e5r alvoret i situasjonen og begynner \u00e5 prioritere politiet i Oslo framover. <\/p>\n<p class=\"_paragraph_o9xde_4 _paragraph_xtcu6_10 layout-component text-serif-m layout-normal text-serif-m layout-padded\">\u2013 Trygghet koster, og det m\u00e5 regjeringen ta inn over seg, legger han til. <\/p>\n<p> \u2013 Jobber med tiltak<\/p>\n<p class=\"_paragraph_o9xde_4 _paragraph_xtcu6_10 layout-component text-serif-m layout-normal text-serif-m layout-padded\">Justis- og beredskapsminister Astri Aas-Hansen (Ap) forteller at regjeringen er klar over situasjonen.<\/p>\n<p><img decoding=\"async\" alt=\"Bilde av Astri Aas-Hansen\" class=\"_image_ygndg_42\" height=\"29\" itemprop=\"image\" loading=\"lazy\"  src=\"https:\/\/www.europesays.com\/no\/wp-content\/uploads\/2025\/12\/200762bd-527a-425d-af61-e5501cb8140d\"  width=\"40\"\/><strong class=\"_name_ygndg_51 title-serif-xs\">Astri Aas-Hansen<\/strong><\/p>\n<p class=\"_paragraph_o9xde_4 text-sans-m _description_ygndg_56\">justis- og beredskapsminister (Ap)<\/p>\n<p class=\"_paragraph_o9xde_4 _paragraph_xtcu6_10 layout-component text-serif-m layout-normal text-serif-m layout-padded\">\u2013 Arbeiderpartiregjeringen er tydelige p\u00e5 at politiet skal prioriteres i budsjettene, men uten detaljstyring som svekker politiets evne til \u00e5 prioritere, forklarer Aas-Hansen.<\/p>\n<p class=\"_paragraph_o9xde_4 _paragraph_xtcu6_10 layout-component text-serif-m layout-normal text-serif-m layout-padded\">\u2013 Med budsjettet for 2026 har politibudsjettet \u00f8kt med 31 prosent siden 2021, og bemanningen er styrket med over 850 \u00e5rsverk. Vi jobber ogs\u00e5 med nye tiltak som strengere straffer for \u00e5 b\u00e6re v\u00e5pen p\u00e5 offentlig sted, legger hun til.<\/p>\n<p class=\"_paragraph_o9xde_4 _paragraph_xtcu6_10 layout-component text-serif-m layout-normal text-serif-m layout-padded\">Les hele svaret lenger ned i saken.<\/p>\n<p> Frykter det kan p\u00e5virke tillitten<\/p>\n<p class=\"_paragraph_o9xde_4 _paragraph_xtcu6_10 layout-component text-serif-m layout-normal text-serif-m layout-padded\">Politimester i Oslo Ida Melbo \u00d8ystese delte bekymringen om politiets ressurser under <a href=\"https:\/\/www.aftenposten.no\/oslo\/i\/jQndlL\/kriminaliteten-gaar-ned-i-oslo-men-politiet-er-likevel-bekymret\" class=\"_link_o9xde_39\" rel=\"nofollow noopener\" target=\"_blank\">en pressekonferanse tidligere i \u00e5r<\/a>. Der kom det fram at politiet ikke rykket ut p\u00e5 1400 oppdrag i 2024, som f\u00f8lge av mangel p\u00e5 kapasitet.  <\/p>\n<p><img decoding=\"async\" alt=\"Bilde av Ida Melbo \u00d8ystese\" class=\"_image_ygndg_42\" height=\"27\" itemprop=\"image\" loading=\"lazy\"  src=\"https:\/\/www.europesays.com\/no\/wp-content\/uploads\/2025\/12\/171ed618-6846-4dde-a19e-fb229f70d760\"  width=\"40\"\/><strong class=\"_name_ygndg_51 title-serif-xs\">Ida Melbo \u00d8ystese<\/strong><\/p>\n<p class=\"_paragraph_o9xde_4 text-sans-m _description_ygndg_56\">Politimester i Oslo<\/p>\n<p class=\"_paragraph_o9xde_4 _paragraph_xtcu6_10 layout-component text-serif-m layout-normal text-serif-m layout-padded\"><strong class=\"_strong_o9xde_25\">Les ogs\u00e5:<\/strong><a href=\"https:\/\/www.vg.no\/nyheter\/i\/L406QP\/oslos-politimester-slaar-alarm\" data-track-element-type=\"Link\" data-track-id=\"link:L406QP\" class=\"_link_o9xde_39\" rel=\"nofollow noopener\" target=\"_blank\"> Politimesteren advarer innbyggerne<\/a><\/p>\n<p class=\"_paragraph_o9xde_4 _paragraph_xtcu6_10 layout-component text-serif-m layout-normal text-serif-m layout-padded\">\u2013 Det betyr at flere innbyggere som tar kontakt om boliginnbrudd og butikktyverier, f\u00e5r beskjed om at politiet ikke har mulighet til \u00e5 sende en patrulje, sa \u00d8ystese if\u00f8lge Aftenposten. <\/p>\n<p class=\"_paragraph_o9xde_4 _paragraph_xtcu6_10 layout-component text-serif-m layout-normal text-serif-m layout-padded\">\u2013 Jeg frykter at dette kan p\u00e5virke innbyggernes tillit til politiet, forteller hun.<\/p>\n<p class=\"_paragraph_o9xde_4 _paragraph_xtcu6_10 layout-component text-serif-m layout-normal text-serif-m layout-padded\">Antall saker der butikktyverier blir oppklart p\u00e5 nasjonalt niv\u00e5 har sunket betydelig de siste ti \u00e5rene, med 27 prosentpoeng fra 2014 til 2024, viser tall som OHF har f\u00e5tt fra SSB. <\/p>\n<p class=\"_paragraph_o9xde_4 _paragraph_xtcu6_10 layout-component text-serif-m layout-normal text-serif-m layout-padded\">\u2013 Mange gidder ikke anmelde fordi de vet at det ikke kommer konsekvenser, forteller administrerende direkt\u00f8ren i OHF, Daniel Torkildsen Lea. <\/p>\n<p>Les svaret fra justis- og beredskapsminister Astri Aas-Hansen (Ap):<\/p>\n<p class=\"_paragraph_o9xde_4 _paragraph_xtcu6_10 _paragraph_16v91_10 layout-component text-serif-m layout-normal text-sans-m layout-padded\">\u2013 Politimesteren i Oslo beskriver en alvorlig situasjon. Eksplosjoner, skyting og alvorlige voldshendelser utfordrer trygghetsf\u00f8lelsen v\u00e5r. At unge rekrutteres via sosiale medier til voldsoppdrag, gj\u00f8r situasjonen ekstra alvorlig. Organiserte kriminelle nettverk opererer i dag globalt, bruker anonymiserende teknologi og rekrutterer s\u00e5rbare barn og unge. Trusselen er \u00f8kende, og vi skal m\u00f8te den med kraftfulle tiltak.<\/p>\n<p class=\"_paragraph_o9xde_4 _paragraph_xtcu6_10 _paragraph_16v91_10 layout-component text-serif-m layout-normal text-sans-m layout-padded\">\u2013 Arbeiderpartiregjeringen er tydelige p\u00e5 at politiet skal prioriteres i budsjettene, uten at politikere skal legge f\u00f8ringer p\u00e5 politibemanning. Som blant annet Riksrevisjonen og omr\u00e5degjennomgangen av politiet har p\u00e5pekt, har politiet i for stor grad blitt detaljstyrt p\u00e5 \u00e5 n\u00e5 krav til politidekning. Tidligere erfaring med slik detaljstyring, som bemanningsm\u00e5l, har v\u00e6rt direkte \u00f8deleggende for driften av politiet og svekker evne til \u00e5 prioritere de oppgavene som i st\u00f8rst grad bidrar til \u00e5 forebygge og bekjempe kriminalitet, og skape trygghet for befolkningen.<\/p>\n<p class=\"_paragraph_o9xde_4 _paragraph_xtcu6_10 _paragraph_16v91_10 layout-component text-serif-m layout-normal text-sans-m layout-padded\">\u2013 Derfor har jeg tillit til at politiet gj\u00f8r gode vurderinger, heller enn at Stortinget eller regjeringen skal innskrenke politiets mulighet til \u00e5 ta gode, politifaglige og lokale valg. Vi har samtidig klare forventninger om at det skal gi mest mulig trygghet, sikkerhet og kriminalitetsbekjempelse for pengene.<\/p>\n<p class=\"_paragraph_o9xde_4 _paragraph_xtcu6_10 _paragraph_16v91_10 layout-component text-serif-m layout-normal text-sans-m layout-padded\">\u2013 Med budsjettet vi legger opp til i 2026 har politibudsjettet \u00f8kt med 31 prosent siden vi kom i regjering i 2021, og bemanningen i politiet og PST er styrket med over 850 \u00e5rsverk. Dette er mye penger, og det er derfor viktig at vi ogs\u00e5 ser p\u00e5 hvordan pengene brukes p\u00e5 best mulig m\u00e5te for at vi f\u00e5r mest mulig trygghet og kriminalitetsbekjempelse ut av dem.<\/p>\n<p class=\"_paragraph_o9xde_4 _paragraph_xtcu6_10 _paragraph_16v91_10 layout-component text-serif-m layout-normal text-sans-m layout-padded\">\u2013 Penger er ikke nok alene. Vi jobber med flere nye tiltak i lovsporet: strengere straffer for \u00e5 b\u00e6re v\u00e5pen p\u00e5 offentlig sted, et eget straffebud for \u00e5 involvere mindre\u00e5rige i kriminalitet, og mer inndragning av kriminelle verdier.<\/p>\n<p>Vis mer    <\/p>\n","protected":false},"excerpt":{"rendered":"Oslo Handelsforening og byr\u00e5det kritiserer regjeringen for manglende politisatsing etter skytingen p\u00e5 Storo. De mener \u00f8kte hovedstadsoppgaver tapper&hellip;\n","protected":false},"author":2,"featured_media":109480,"comment_status":"","ping_status":"","sticky":false,"template":"","format":"standard","meta":{"footnotes":""},"categories":[10],"tags":[20,21,24,25,15,22,23,13,30,28,29,14,16,468,26,27],"class_list":{"0":"post-109479","1":"post","2":"type-post","3":"status-publish","4":"format-standard","5":"has-post-thumbnail","7":"category-norge","8":"tag-breaking-news","9":"tag-breakingnews","10":"tag-featured-news","11":"tag-featurednews","12":"tag-headlines","13":"tag-latest-news","14":"tag-latestnews","15":"tag-news","16":"tag-no","17":"tag-norge","18":"tag-norway","19":"tag-nyheter","20":"tag-overskrifter","21":"tag-politiet","22":"tag-top-stories","23":"tag-topstories"},"share_on_mastodon":{"url":"https:\/\/pubeurope.com\/@no\/115696038511438443","error":""},"_links":{"self":[{"href":"https:\/\/www.europesays.com\/no\/wp-json\/wp\/v2\/posts\/109479","targetHints":{"allow":["GET"]}}],"collection":[{"href":"https:\/\/www.europesays.com\/no\/wp-json\/wp\/v2\/posts"}],"about":[{"href":"https:\/\/www.europesays.com\/no\/wp-json\/wp\/v2\/types\/post"}],"author":[{"embeddable":true,"href":"https:\/\/www.europesays.com\/no\/wp-json\/wp\/v2\/users\/2"}],"replies":[{"embeddable":true,"href":"https:\/\/www.europesays.com\/no\/wp-json\/wp\/v2\/comments?post=109479"}],"version-history":[{"count":0,"href":"https:\/\/www.europesays.com\/no\/wp-json\/wp\/v2\/posts\/109479\/revisions"}],"wp:featuredmedia":[{"embeddable":true,"href":"https:\/\/www.europesays.com\/no\/wp-json\/wp\/v2\/media\/109480"}],"wp:attachment":[{"href":"https:\/\/www.europesays.com\/no\/wp-json\/wp\/v2\/media?parent=109479"}],"wp:term":[{"taxonomy":"category","embeddable":true,"href":"https:\/\/www.europesays.com\/no\/wp-json\/wp\/v2\/categories?post=109479"},{"taxonomy":"post_tag","embeddable":true,"href":"https:\/\/www.europesays.com\/no\/wp-json\/wp\/v2\/tags?post=109479"}],"curies":[{"name":"wp","href":"https:\/\/api.w.org\/{rel}","templated":true}]}}