{"id":109483,"date":"2025-12-10T15:45:21","date_gmt":"2025-12-10T15:45:21","guid":{"rendered":"https:\/\/www.europesays.com\/no\/109483\/"},"modified":"2025-12-10T15:45:21","modified_gmt":"2025-12-10T15:45:21","slug":"billett-kaos-for-julian-ryerson-aldri-opplevd-lignende","status":"publish","type":"post","link":"https:\/\/www.europesays.com\/no\/109483\/","title":{"rendered":"Billett-kaos for Julian Ryerson: &#8211; Aldri opplevd lignende"},"content":{"rendered":"<p>Det er ikke rart at Julian Ryerson er sm\u00f8rblid.<\/p>\n<p>\u2013 Jeg deler egentlig den oppfattelsen, sier Dortmund-profilen selv.<\/p>\n<p class=\"bold m-bold\" data-lab-font_weight=\"bold\">Han har nettopp f\u00e5tt sp\u00f8rsm\u00e5l om han er i sitt livs form.<\/p>\n<p data-lab-font_weight=\"\">Med lua tredd nedover panna og en dongeribukse s\u00e5 vid at den n\u00e6rmest g\u00e5r utenfor de svarte skinnskoene, entret han rommet som et slags moteikon bare minutter tidligere.<\/p>\n<p data-lab-font_weight=\"bold\" class=\"bold m-bold\">\u2013 Jeg kan skj\u00f8nne at folk i Norge tenker at jeg skiller meg litt ut, sier Julian Ryerson.<\/p>\n<p data-lab-font_weight=\"\">Det er snart halvannet \u00e5r siden han\u00a0<a href=\"https:\/\/www.tv2.no\/studio\/julian-ryerson-ekslusivt-for-champions-league-finalen\" rel=\"nofollow noopener\" target=\"_blank\">stilte opp for TV 2 i et stort intervju i n\u00f8yaktig samme rom<\/a>.<\/p>\n<p data-lab-font_weight=\"\">Da var stilen hans sl\u00e5ende lik, men i motsetning til sist gj\u00f8r 28-\u00e5ringen fra Lyngdal et personlig unntak:<\/p>\n<p data-lab-font_weight=\"\">Denne gang f\u00f8lges \u00f8nsket om at han stiller til intervjuet i klubbens egen T-skjorte.<\/p>\n<p>        <img class=\"image__img lazyload\" itemprop=\"image\" title=\"Foto: \u00d8yvind Brattegard \/ TV 2\" alt=\"I STORFORM: Julian Ryerson er kjent for \u00e5 v\u00e6re litt mystisk. Foto: \u00d8yvind Brattegard \/ TV 2\" width=\"675\" height=\"453\" bad-src=\"https:\/\/www.europesays.com\/no\/wp-content\/uploads\/2025\/12\/18371237.webp\" fetchpriority=\"auto\" \/><\/p>\n<p>      I STORFORM: Julian Ryerson er kjent for \u00e5 v\u00e6re litt mystisk.<br \/>\n         Foto: \u00d8yvind Brattegard \/ TV 2<\/p>\n<p data-lab-font_weight=\"\">Helst \u00f8nsket Dortmund at Ryerson stilte p\u00e5 klubbens offisielle pressekonferanse i forkant av kveldens kamp mot Bod\u00f8\/Glimt.<\/p>\n<p data-lab-font_weight=\"bold\" class=\"bold m-bold\">Men det ble for mye for Ryerson.<\/p>\n<p data-lab-font_weight=\"\">I stedet ville han gj\u00f8re det p\u00e5 sin m\u00e5te:\u00a0<\/p>\n<p data-lab-font_weight=\"\">Ett mer personlig intervju \u2013 og med et kompromiss om \u00e5 stille i Dortmund-overdel.<\/p>\n<p data-lab-font_weight=\"bold\" class=\"bold m-bold\">\u2013 Jeg gj\u00f8r det for han der. Han er en kompis av meg, sier Julian Ryerson og titter bort p\u00e5 Dortmunds pressekontakt Aleksandar Glavas.<\/p>\n<p>        <img class=\"image__img lazyload\" itemprop=\"image\" title=\"Foto: \u00d8yvind Brattegard \/ TV 2\" alt=\"N\u00c6R VENN: Aleksandar Glavas er blitt en n\u00e6r venn av Julian Ryerson. Foto: \u00d8yvind Brattegard \/ TV 2\" width=\"675\" height=\"453\" bad-src=\"https:\/\/www.europesays.com\/no\/wp-content\/uploads\/2025\/12\/18371412.webp\" fetchpriority=\"auto\" \/><\/p>\n<p>      N\u00c6R VENN: Aleksandar Glavas er blitt en n\u00e6r venn av Julian Ryerson.<br \/>\n         Foto: \u00d8yvind Brattegard \/ TV 2<\/p>\n<p>At Julian Ryerson stiller opp for kompisene, overrasker neppe dem som kjenner ham best.<\/p>\n<p>Uteble fra Norge-fest<\/p>\n<p class=\"bold m-bold\" data-lab-font_weight=\"bold\">La du merke til at Ryerson var en av dem som manglet da Norges VM-helter ble feiret p\u00e5 R\u00e5dhusplassen?<\/p>\n<p>        <img class=\"image__img lazyload\" itemprop=\"image\" title=\"Foto: Vegard Gr\u00f8tt \/ BILDBYR\u00c5N\" alt=\"FEIRING: Landslagsspillerne ble hyllet etter at VM-plassen ble sikret. Foto: Vegard Gr\u00f8tt \/ BILDBYR\u00c5N\" width=\"978\" height=\"551\" bad-src=\"https:\/\/www.europesays.com\/no\/wp-content\/uploads\/2025\/12\/18371828.webp\" fetchpriority=\"auto\" \/><\/p>\n<p>      FEIRING: Landslagsspillerne ble hyllet etter at VM-plassen ble sikret.<br \/>\n         Foto: Vegard Gr\u00f8tt \/ BILDBYR\u00c5N<\/p>\n<p data-lab-font_weight=\"\">Selv satte han seg aldri p\u00e5 flyet til Norge.<\/p>\n<p data-lab-font_weight=\"\">\u2013 Jeg er blitt s\u00e5 gammel n\u00e5 at to dager p\u00e5 rad med den kulda der, det hadde ikke g\u00e5tt for meg, sier Julian Ryerson.<\/p>\n<p data-lab-font_weight=\"\">Han sier han ble igjen i Milano.<\/p>\n<p data-lab-font_weight=\"\">\u2013 Med han der, sier han og peker p\u00e5 Alexandar Glavas.<\/p>\n<p>        <img class=\"image__img lazyload\" itemprop=\"image\" title=\"Foto: Instagram\/julianryerson\" alt=\"DELTE BILDE: Julian Ryerson ble igjen p\u00e5 italiensk jord etter Italia-triumfen Foto: Instagram\/julianryerson\" width=\"675\" height=\"379\" bad-src=\"https:\/\/www.europesays.com\/no\/wp-content\/uploads\/2025\/12\/18371831.webp\" fetchpriority=\"auto\" \/><\/p>\n<p>      DELTE BILDE: Julian Ryerson ble igjen p\u00e5 italiensk jord etter Italia-triumfen<br \/>\n         Foto: Instagram\/julianryerson<\/p>\n<p data-lab-font_weight=\"\">Ryerson fylte 28 \u00e5r den dagen og hadde lagt planer for kompisgjengen i god tid.<\/p>\n<p data-lab-font_weight=\"\">\u2013 Det p\u00e5 R\u00e5dhusplassen var ganske spontant, og siden jeg hadde lagt andre planer, f\u00f8lte jeg ikke at jeg kunne \u00abskippe\u00bb det. I mange andre tilfeller hadde jeg valgt annerledes, sier Julian Ryerson.<\/p>\n<p data-lab-font_weight=\"\" class=\"italic m-italic\" data-lab-italic=\"italic\">\u2013 S\u00e5 du er ikke s\u00e5nn at du m\u00e5 gj\u00f8re dine egne ting?<\/p>\n<p data-lab-font_weight=\"\">\u2013 Nei, nei, nei. Jeg tror at normalt sett er jeg alltid en som stiller opp for laget og er med p\u00e5 ting vi gj\u00f8r sammen, sier han.<\/p>\n<p>Billett-kaos<\/p>\n<p data-lab-font_weight=\"\">Kanskje forteller valget tvert imot litt om lojaliteten hans.<\/p>\n<p data-lab-font_weight=\"bold\" class=\"bold m-bold\">Har Julian Ryerson bestemt seg for noe, blir det s\u00e5nn.<\/p>\n<p data-lab-font_weight=\"\">S\u00e5 da faren Ove Kjell \u2013 som driver reisebyr\u00e5 \u2013 \u00f8nsket \u00e5 gj\u00f8re Dortmund mot Glimt til en spesiell happening, tok Julian aff\u00e6re.<\/p>\n<p data-lab-font_weight=\"bold\" class=\"bold m-bold\">\u2013 Jeg tror jeg har gitt vekk 75 billetter til nordmenn som skal p\u00e5 kamp i kveld. Det tror jeg er en slags rekord, sier Julian Ryerson.<\/p>\n<p data-lab-font_weight=\"\" class=\"italic m-italic\" data-lab-italic=\"italic\">\u2013 75 billetter? P\u00e5 ekte?<\/p>\n<p data-lab-font_weight=\"\">\u2013 Nei, jeg lyver, sier Ryerson og gliser.<\/p>\n<p data-lab-font_weight=\"\">Det synes han var et un\u00f8dvendig oppf\u00f8lgingssp\u00f8rsm\u00e5l.<\/p>\n<p data-lab-font_weight=\"\">\u2013 Det er tydeligvis en slags rekord, sier Julian Ryerson.<\/p>\n<p data-lab-font_weight=\"\">I klubblokalene blir TV 2 fortalt 75 billetter fra en spiller er helt unikt, i alle fall for en utenlandsk spiller.<\/p>\n<p data-lab-font_weight=\"\">\u2013 Vi har aldri opplevd lignende, sies det.<\/p>\n<p data-lab-font_weight=\"\">Den eneste opplagte anledningen de kommer p\u00e5 der en spiller kan ha gitt vekk flere billetter, var i avskjedskampen til klubblegenden Marco Reus.<\/p>\n<p>        <img class=\"image__img lazyload\" itemprop=\"image\" title=\"Foto: Martin Meissner \/ AP \/ NTB\" alt=\"BERYKTET: Den gule veggen er beryktet i Fotball-Europa. 80.000 tilskuere er ventet p\u00e5 kampen i kveld. Foto: Martin Meissner \/ AP \/ NTB\" width=\"978\" height=\"551\" bad-src=\"https:\/\/www.europesays.com\/no\/wp-content\/uploads\/2025\/12\/1765381516_552_18340700.webp\" fetchpriority=\"auto\" \/><\/p>\n<p>      BERYKTET: Den gule veggen er beryktet i Fotball-Europa. 80.000 tilskuere er ventet p\u00e5 kampen i kveld.<br \/>\n         Foto: Martin Meissner \/ AP \/ NTB<\/p>\n<p data-lab-font_weight=\"bold\" class=\"bold m-bold\">Dortmund-Glimt er for lengst utsolgt.<\/p>\n<p data-lab-font_weight=\"\" class=\"italic m-italic\" data-lab-italic=\"italic\">\u2013 Hvordan har du jobbet i kulissene for \u00e5 tak i alle billettene?<\/p>\n<p data-lab-font_weight=\"\">Julian Ryerson gliser.<\/p>\n<p data-lab-font_weight=\"bold\" class=\"bold m-bold\">\u2013 For \u00e5 v\u00e6re \u00e6rlig s\u00e5 var ikke dette den mest etterspurte kampen her borte, m\u00e5 jeg innr\u00f8mme.<\/p>\n<p>        <img class=\"image__img lazyload\" itemprop=\"image\" title=\"Foto: \u00d8yvind Brattegard \/ TV 2\" alt=\"SMILET P\u00c5 LUR: Julian Ryerson er i godt hum\u00f8r f\u00f8r kveldens kamp mot Bod\u00f8\/Glimt. Foto: \u00d8yvind Brattegard \/ TV 2\" width=\"978\" height=\"551\" bad-src=\"https:\/\/www.europesays.com\/no\/wp-content\/uploads\/2025\/12\/18371833.webp\" fetchpriority=\"auto\" \/><\/p>\n<p>      SMILET P\u00c5 LUR: Julian Ryerson er i godt hum\u00f8r f\u00f8r kveldens kamp mot Bod\u00f8\/Glimt.<br \/>\n         Foto: \u00d8yvind Brattegard \/ TV 2<\/p>\n<p>I sitt livs form<\/p>\n<p data-lab-font_weight=\"\">Uansett er det en kamp Julian Ryerson virkelig ser fram til.<\/p>\n<p data-lab-font_weight=\"\">\u00c5 m\u00f8te et lag fra Norge, er stort.\u00a0<\/p>\n<p data-lab-font_weight=\"\">\u2013 Jeg tror det blir en kul kamp. Om vi f\u00e5r fyrt opp publikum fra start av, kan det bli virkelig morsomt, sier landslagets faste h\u00f8yreback.<\/p>\n<p data-lab-font_weight=\"\">At han m\u00f8ter Glimt i sitt livs form, gj\u00f8r det hele ekstra morsomt.<\/p>\n<p data-lab-font_weight=\"\">\u2013 F\u00f8rst og fremst er jeg i riktig fotball-alder. Jeg f\u00f8ler jeg fortsatt er p\u00e5 rett vei, at jeg ikke har stagnert, sier Julian Ryerson.<\/p>\n<p data-lab-font_weight=\"\">I VM-kvaliken startet han samtlige kamper for Norge.\u00a0 Bare to mann hadde flere m\u00e5lgivende enn han i kvalifiseringen totalt sett.<\/p>\n<p data-lab-font_weight=\"\">Utad kan det framst\u00e5 som om Julian Ryerson tar fotballen litt p\u00e5 h\u00e6len.<\/p>\n<p data-lab-font_weight=\"\">\u2013 Selv om det kanskje ikke ser s\u00e5nn ut, s\u00e5 er jeg ganske disiplinert. Jeg vet n\u00e5r jeg skal gj\u00f8re hva, sier Ryerson.<\/p>\n<p>        <img class=\"image__img lazyload\" itemprop=\"image\" title=\"Foto: Fredrik Varfjell\" alt=\"N\u00d8KKELSPILLER: Julian Ryerson er en av St\u00e5le Solbakkens mest betrodde menn. Foto: Fredrik Varfjell\" width=\"978\" height=\"551\" bad-src=\"https:\/\/www.europesays.com\/no\/wp-content\/uploads\/2025\/12\/16751519.webp\" fetchpriority=\"auto\" \/><\/p>\n<p>      N\u00d8KKELSPILLER: Julian Ryerson er en av St\u00e5le Solbakkens mest betrodde menn.<br \/>\n         Foto: Fredrik Varfjell<\/p>\n<p data-lab-font_weight=\"\">Han sier han har l\u00e6rt seg hvordan han skal slappe av n\u00e5r det kreves.<\/p>\n<p data-lab-font_weight=\"bold\" class=\"bold m-bold\">\u2013 Men n\u00e5r det smeller, s\u00e5 er jeg der hver gang, sier han.<\/p>\n<p data-lab-font_weight=\"\">Blodtrimmet og topptrent: I 2025 kreves det at du tar fotballen p\u00e5 alvor.<\/p>\n<p data-lab-font_weight=\"\">Og siden Julian Ryerson elsker \u00e5 spille kamper, vet han at jobben m\u00e5 legges ned.<\/p>\n<p data-lab-font_weight=\"\" class=\"italic m-italic\" data-lab-italic=\"italic\">\u2013 Det virker som om du har et ekstremt skille p\u00e5 fotball og privatliv?<\/p>\n<p data-lab-font_weight=\"\">\u2013 Ja, det stemmer nok. Jeg synes jeg bruker nok tid p\u00e5 fotballen. Du m\u00e5tte nok vente litt p\u00e5 meg her i dag, sier Julian Ryerson.<\/p>\n<p data-lab-font_weight=\"\">Han har rett i det: Lyngd\u00f8len dukket opp om lag \u00e9n time etter det vi i utgangspunktet ble forespeilet.<\/p>\n<p>Byggmester Ryerson<\/p>\n<p data-lab-font_weight=\"\">S\u00e5 gjorde han unna sine plikter \u2013 og s\u00e5 hastet han videre til neste oppdrag.<\/p>\n<p>        <img class=\"image__img lazyload\" itemprop=\"image\" title=\"Foto: \u00d8yvind Brattegard \/ TV 2\" alt=\"\u2013 TAKK FOR PRATEN: Julian Ryerson p\u00e5 vei bort fra Borussia Dortmunds treningsfelt tirsdag. Foto: \u00d8yvind Brattegard \/ TV 2\" width=\"978\" height=\"551\" bad-src=\"https:\/\/www.europesays.com\/no\/wp-content\/uploads\/2025\/12\/18371349.webp\" fetchpriority=\"auto\" \/><\/p>\n<p>      \u2013 TAKK FOR PRATEN: Julian Ryerson p\u00e5 vei bort fra Borussia Dortmunds treningsfelt tirsdag.<br \/>\n         Foto: \u00d8yvind Brattegard \/ TV 2<\/p>\n<p data-lab-font_weight=\"\">For Julian Ryerson er en som stiller opp, uansett om det er faren eller andre som trenger hjelp.<\/p>\n<p data-lab-font_weight=\"bold\" class=\"bold m-bold\">I Dortmund har Ryerson rykte p\u00e5 seg for \u00e5 v\u00e6re sv\u00e6rt sosial.<\/p>\n<p data-lab-font_weight=\"\">\u2013 Jeg sier ofte etter kamper at \u00aballe kan komme til meg\u00bb. Da kommenterer folk at jeg har en morsom sammensetning av kompiser. Det er alt mulig. Jeg kan ikke beskrive dem. Mange gale folk, fortalte Ryerson da TV 2 bes\u00f8kte ham for halvannet \u00e5r siden.<\/p>\n<p data-lab-font_weight=\"bold\" class=\"bold m-bold\">Samtidig r\u00f8pet han at han hadde punget ut for en tomt p\u00e5 en gammel villa i utkanten av byen.<\/p>\n<p data-lab-font_weight=\"\">Det skulle han bygge opp igjen \u2013 p\u00e5 sin m\u00e5te.<\/p>\n<p data-lab-font_weight=\"\">Med seg selv om byggeleder.<\/p>\n<p data-lab-font_weight=\"\">\u2013 N\u00e5 som golfsesongen er over, er det godt \u00e5 ha noe annet \u00e5 kunne drive med utenom fotballen, sier Julian Ryerson.<\/p>\n<p>        <img class=\"image__img lazyload\" itemprop=\"image\" title=\"Foto: Instagram\/julianryerson\" alt=\"SKILLER SEG UT: Julian Ryerson legger ikke skjul p\u00e5 at han er litt a-typisk nordmann. Foto: Instagram\/julianryerson\" width=\"675\" height=\"939\" bad-src=\"https:\/\/www.europesays.com\/no\/wp-content\/uploads\/2025\/12\/18371895.webp\" fetchpriority=\"auto\" \/><\/p>\n<p>      SKILLER SEG UT: Julian Ryerson legger ikke skjul p\u00e5 at han er litt a-typisk nordmann.<br \/>\n         Foto: Instagram\/julianryerson<\/p>\n<p data-lab-font_weight=\"\">Ryktene vil ha det til at ferdigstillingen bare er noen uker unna.<\/p>\n<p data-lab-font_weight=\"\">\u2013 N\u00e5r du bor i utlandet, tror jeg det er viktig \u00e5 ha noe fint \u00e5 komme hjem til. Det slet jeg med i starten av oppholdet mitt her, sier Julian Ryerson.<\/p>\n<p data-lab-font_weight=\"\">Han sier utsikt og skandinaviske detaljer har v\u00e6rt viktig for ham.<\/p>\n<p data-lab-font_weight=\"\">\u2013 Det har blitt slik jeg planla i hodet mitt, sier han.<\/p>\n<p data-lab-font_weight=\"bold\" class=\"bold m-bold\">Men n\u00e5r TV 2 antyder at vi kunne tenkt oss et bilde med huset, blir han tverr.<\/p>\n<p>\u2013 Nei, nei. Det er faen ikke ferdig, sier han.<\/p>\n<p>Ting skal gj\u00f8res skikkelig for Julian Ryerson.<\/p>\n<p data-lab-font_weight=\"\" class=\"italic m-italic\" data-lab-italic=\"italic\">\u2013 N\u00e5r det er ferdig, da?<\/p>\n<p data-lab-font_weight=\"\">\u2013 Da er det greit.<\/p>\n<p>Onsdag kl. 21.00: Se Dortmund-Glimt p\u00e5 <a href=\"https:\/\/play.tv2.no\/sport\/fotball\/uefa-champions-league-rbxjhx5m\/dortmund-bodoe-glimt-d5g6ft59\" rel=\"nofollow noopener\" target=\"_blank\">TV 2 Play<\/a>.\u00a0<\/p>\n","protected":false},"excerpt":{"rendered":"Det er ikke rart at Julian Ryerson er sm\u00f8rblid. \u2013 Jeg deler egentlig den oppfattelsen, sier Dortmund-profilen selv.&hellip;\n","protected":false},"author":2,"featured_media":109484,"comment_status":"","ping_status":"","sticky":false,"template":"","format":"standard","meta":{"footnotes":""},"categories":[59],"tags":[30,28,29,83,82],"class_list":{"0":"post-109483","1":"post","2":"type-post","3":"status-publish","4":"format-standard","5":"has-post-thumbnail","7":"category-sport","8":"tag-no","9":"tag-norge","10":"tag-norway","11":"tag-sport","12":"tag-sports"},"share_on_mastodon":{"url":"https:\/\/pubeurope.com\/@no\/115696050063350907","error":""},"_links":{"self":[{"href":"https:\/\/www.europesays.com\/no\/wp-json\/wp\/v2\/posts\/109483","targetHints":{"allow":["GET"]}}],"collection":[{"href":"https:\/\/www.europesays.com\/no\/wp-json\/wp\/v2\/posts"}],"about":[{"href":"https:\/\/www.europesays.com\/no\/wp-json\/wp\/v2\/types\/post"}],"author":[{"embeddable":true,"href":"https:\/\/www.europesays.com\/no\/wp-json\/wp\/v2\/users\/2"}],"replies":[{"embeddable":true,"href":"https:\/\/www.europesays.com\/no\/wp-json\/wp\/v2\/comments?post=109483"}],"version-history":[{"count":0,"href":"https:\/\/www.europesays.com\/no\/wp-json\/wp\/v2\/posts\/109483\/revisions"}],"wp:featuredmedia":[{"embeddable":true,"href":"https:\/\/www.europesays.com\/no\/wp-json\/wp\/v2\/media\/109484"}],"wp:attachment":[{"href":"https:\/\/www.europesays.com\/no\/wp-json\/wp\/v2\/media?parent=109483"}],"wp:term":[{"taxonomy":"category","embeddable":true,"href":"https:\/\/www.europesays.com\/no\/wp-json\/wp\/v2\/categories?post=109483"},{"taxonomy":"post_tag","embeddable":true,"href":"https:\/\/www.europesays.com\/no\/wp-json\/wp\/v2\/tags?post=109483"}],"curies":[{"name":"wp","href":"https:\/\/api.w.org\/{rel}","templated":true}]}}