{"id":109491,"date":"2025-12-10T15:54:10","date_gmt":"2025-12-10T15:54:10","guid":{"rendered":"https:\/\/www.europesays.com\/no\/109491\/"},"modified":"2025-12-10T15:54:10","modified_gmt":"2025-12-10T15:54:10","slug":"harald-ostberg-amundsen-trekker-seg-fra-sprinten-i-davos-aleksander-elde-holmboe-hentes-inn","status":"publish","type":"post","link":"https:\/\/www.europesays.com\/no\/109491\/","title":{"rendered":"Harald \u00d8stberg Amundsen trekker seg fra sprinten i Davos \u2013 Aleksander Elde Holmboe hentes inn"},"content":{"rendered":"\n<p class=\"_lead_o9xde_2 _lead_xtcu6_50 layout-component text-serif-m layout-normal text-serif-l layout-component layout-wide layout-padded _wide_17hqh_1 layout-padded\">Aleksander Elde Holmboe hentes inn til verdenscuptroppen i langrenn etter at Harald \u00d8stberg Amundsen har bestemt seg for \u00e5 droppe l\u00f8rdagens sprintrenn.<\/p>\n<p><img alt=\"Det blir ikke sprintrenn p\u00e5 Harald \u00d8stberg Amundsen i Davos.&#10;Foto: Geir Olsen \/ NTB\" class=\"_image_qp4xg_65 layout-component layout-wide\" data-fullscreen- data-track-element-type=\"Article image fullscreen\" data-track-name=\"ImageFullscreen\" fetchpriority=\"high\" decoding=\"sync\" loading=\"eager\" height=\"3392\" itemprop=\"image\"  src=\"https:\/\/www.europesays.com\/no\/wp-content\/uploads\/2025\/12\/94e007b1-4a5d-475e-8e8e-2ae1c66415a3\"  style=\"object-position:0% 0%\" width=\"5088\"\/>Det blir ikke sprintrenn p\u00e5 Harald \u00d8stberg Amundsen i Davos.<br \/>\nFoto: Geir Olsen \/ NTB<\/p>\n<ul aria-hidden=\"true\" class=\"_images_ntbth_112\">\n<li><a class=\"_link_ntbth_117\" href=\"https:\/\/www.vg.no\/forfatter\/ntb\" style=\"z-index:1\" title=\"NTB\" rel=\"nofollow noopener\" target=\"_blank\"><img alt=\"Bilde av NTB\" class=\"_image_ntbth_93\" fetchpriority=\"low\" loading=\"lazy\" decoding=\"async\" itemprop=\"image\"  src=\"https:\/\/www.europesays.com\/no\/wp-content\/uploads\/2025\/12\/1765382050_174_c33980b0-5d07-4027-84a1-813f90a7c8d6\"  width=\"480\"\/><\/a><\/li>\n<\/ul>\n<p> Oppdatert onsdag 10. desember kl. 16:05     <\/p>\n<p class=\"_paragraph_o9xde_4 _paragraph_xtcu6_10 layout-component text-serif-m layout-normal text-serif-m layout-padded\">Det opplyser Norges Skiforbund onsdag ettermiddag.<\/p>\n<p class=\"_paragraph_o9xde_4 _paragraph_xtcu6_10 layout-component text-serif-m layout-normal text-serif-m layout-padded\">I Davos skal det g\u00e5s lagsprint i klassisk stil fredag, sprint i fristil l\u00f8rdag og 10 kilometer intervallstart i fristil s\u00f8ndag.<\/p>\n<p class=\"_paragraph_o9xde_4 _paragraph_xtcu6_10 layout-component text-serif-m layout-normal text-serif-m layout-padded\">Amundsen konsentrerer seg etter alt \u00e5 d\u00f8mme om s\u00f8ndagens l\u00f8p, som er OL-distanse. Kampen om plass p\u00e5 det norske laget er meget t\u00f8ff.<\/p>\n<p class=\"_paragraph_o9xde_4 _paragraph_xtcu6_10 layout-component text-serif-m layout-normal text-serif-m layout-padded\">Holmboe representerer B\u00e6rums Verk og Hauger, og han slutter seg til en sprinttropp som for \u00f8vrig best\u00e5r av Ansgar Evensen, Lars Heggen, Johannes H\u00f8sflot Kl\u00e6bo, Even Northug, Mattis Stenshagen, Erik Valnes og Oskar Opstad Vike.<\/p>\n","protected":false},"excerpt":{"rendered":"Aleksander Elde Holmboe hentes inn til verdenscuptroppen i langrenn etter at Harald \u00d8stberg Amundsen har bestemt seg for&hellip;\n","protected":false},"author":2,"featured_media":109492,"comment_status":"","ping_status":"","sticky":false,"template":"","format":"standard","meta":{"footnotes":""},"categories":[59],"tags":[13424,712,398,30,28,29,83,82],"class_list":{"0":"post-109491","1":"post","2":"type-post","3":"status-publish","4":"format-standard","5":"has-post-thumbnail","7":"category-sport","8":"tag-davos","9":"tag-harald-ostberg-amundsen","10":"tag-langrenn","11":"tag-no","12":"tag-norge","13":"tag-norway","14":"tag-sport","15":"tag-sports"},"share_on_mastodon":{"url":"https:\/\/pubeurope.com\/@no\/115696085798041124","error":""},"_links":{"self":[{"href":"https:\/\/www.europesays.com\/no\/wp-json\/wp\/v2\/posts\/109491","targetHints":{"allow":["GET"]}}],"collection":[{"href":"https:\/\/www.europesays.com\/no\/wp-json\/wp\/v2\/posts"}],"about":[{"href":"https:\/\/www.europesays.com\/no\/wp-json\/wp\/v2\/types\/post"}],"author":[{"embeddable":true,"href":"https:\/\/www.europesays.com\/no\/wp-json\/wp\/v2\/users\/2"}],"replies":[{"embeddable":true,"href":"https:\/\/www.europesays.com\/no\/wp-json\/wp\/v2\/comments?post=109491"}],"version-history":[{"count":0,"href":"https:\/\/www.europesays.com\/no\/wp-json\/wp\/v2\/posts\/109491\/revisions"}],"wp:featuredmedia":[{"embeddable":true,"href":"https:\/\/www.europesays.com\/no\/wp-json\/wp\/v2\/media\/109492"}],"wp:attachment":[{"href":"https:\/\/www.europesays.com\/no\/wp-json\/wp\/v2\/media?parent=109491"}],"wp:term":[{"taxonomy":"category","embeddable":true,"href":"https:\/\/www.europesays.com\/no\/wp-json\/wp\/v2\/categories?post=109491"},{"taxonomy":"post_tag","embeddable":true,"href":"https:\/\/www.europesays.com\/no\/wp-json\/wp\/v2\/tags?post=109491"}],"curies":[{"name":"wp","href":"https:\/\/api.w.org\/{rel}","templated":true}]}}