{"id":109505,"date":"2025-12-10T16:09:45","date_gmt":"2025-12-10T16:09:45","guid":{"rendered":"https:\/\/www.europesays.com\/no\/109505\/"},"modified":"2025-12-10T16:09:45","modified_gmt":"2025-12-10T16:09:45","slug":"kjaerlighet-blomstrer-for-friidrettssosknene-rooth-med-kjendis-kjaerester","status":"publish","type":"post","link":"https:\/\/www.europesays.com\/no\/109505\/","title":{"rendered":"Kj\u00e6rlighet blomstrer for friidrettss\u00f8sknene Rooth med kjendis-kj\u00e6rester"},"content":{"rendered":"<p class=\"kicker \" style=\"\">Felix Horn og Kasja Rooth:\u00a0<\/p>\n<p>  Landslagspilleren og friidrettsjenta m\u00f8ttes via idretten &#8211; n\u00e5 er de offisielt kj\u00e6rester.<\/p>\n<p>\n    S\u00d8SKEN: Friidrettss\u00f8sknene Markus og Kajsa Rooth briljerer p\u00e5 idrettsfronten- og n\u00e5 ser det ut til at kj\u00e6rligheten ogs\u00e5 blomstrer for dem begge. Foto: Instagram \/ @kajsa.rooth\n  <\/p>\n<p>Det blomstrer p\u00e5 kj\u00e6rlighetsfronten for friidrettss\u00f8sknene Rooth om dagen.\u00a0<\/p>\n<p>    <a itemprop=\"url\" href=\"https:\/\/www.seher.no\/kjendis\/trenger-det-i-den-toffe-perioden\/83955628\" rel=\"nofollow noopener\" target=\"_blank\"><\/p>\n<p>        <img loading=\"lazy\" decoding=\"async\" src=\"https:\/\/www.europesays.com\/no\/wp-content\/uploads\/2025\/12\/1765382977_391_83954278.webp\" width=\"980\" height=\"441\" title=\"- Trenger det i den t\u00f8ffe perioden\" alt=\"\" class=\"lazyload\" style=\"--aspect-ratio-image: 2.22; \"\/><\/p>\n<p>        &#8211; Trenger det i den t\u00f8ffe perioden<\/p>\n<p>    <\/a><\/p>\n<p>Markus Rooth (23), som tok OL-gull i tikamp i 2024, <a href=\"https:\/\/www.seher.no\/kjendis\/han-fortjener-alt-i-verden\/83832844\" rel=\"nofollow noopener\" target=\"_blank\">kunne i januar bekrefte<\/a> at han hadde funnet lykken med milliard\u00e6r-arvingen Jenny Spetalen (24).<\/p>\n<p>        <img loading=\"lazy\" decoding=\"async\" src=\"https:\/\/www.europesays.com\/no\/wp-content\/uploads\/2025\/12\/83956434.webp\" width=\"686\" height=\"831\" title=\"KJ\u00c6RESTER: I januar kunne Markus Rooth og Jenny Spetalen offentlig bekrefte forholdet. Foto: Shad Madian \/ Se og H\u00f8r\" alt=\"\" class=\"\" style=\"--aspect-ratio-image: 0.83; \"\/><\/p>\n<p>\n        KJ\u00c6RESTER: I januar kunne Markus Rooth og Jenny Spetalen offentlig bekrefte forholdet. Foto: Shad Madian \/ Se og H\u00f8r\n    <\/p>\n<p>N\u00e5, litt under ett \u00e5r senere, bekrefter lilles\u00f8ster Kajsa Rooth (22) at ogs\u00e5 hun har blitt truffet av Amors piler. Og det er heller ikke \u00abmannen i gata\u00bb som har kapret hjertet hennes.\u00a0<\/p>\n<p>        DUKKET OPP: Mandag kveld er kronprinsesse Mette-Marit (52) tilbake p\u00e5 jobb, og til stede hos Kulturkirken Jakob i Oslo. Her arrangerer NRK-podkasten \u00abLeseklubben\u00bb h\u00f8ytlesing av boka \u00abStargate\u00bb &#8211; en julefortelling. Reporter\/video: Brage Hegg\u00f8y<\/p>\n<p>Kj\u00e6resten er nemlig ingen ringere enn landslagsspiller Felix Horn Myhre (26). Det bekrefter moren hennes, Mette Rooth, overfor<a href=\"https:\/\/www.vg.no\/sport\/i\/xrROzj\/bekrefter-felix-horn-myhre-og-kajsa-rooth-er-kjaerester\" rel=\"nofollow noopener\" target=\"_blank\"> VG<\/a>.<\/p>\n<p> Hun opplyser at turtelduene har v\u00e6rt et par siden i sommer, og at de m\u00f8ttes gjennom idretten. <\/p>\n<p>        <img loading=\"lazy\" decoding=\"async\" src=\"https:\/\/www.europesays.com\/no\/wp-content\/uploads\/2025\/12\/83956439.webp\" width=\"686\" height=\"913\" title=\"SVIGERS\u00d8STRE: Det ser ut til \u00e5 v\u00e6re god stemning mellom Jenny og Kajsa, som tidligere har delt flere bilder sammen. Foto: Instagram \/ @kajsa.rooth\" alt=\"\" class=\"\" style=\"--aspect-ratio-image: 0.75; \"\/><\/p>\n<p>\n        SVIGERS\u00d8STRE: Det ser ut til \u00e5 v\u00e6re god stemning mellom Jenny og Kajsa, som tidligere har delt flere bilder sammen. Foto: Instagram \/ @kajsa.rooth\n    <\/p>\n<p>&#8211; De to er kjent med at forholdet omtales, men \u00f8nsker ikke \u00e5 kommentere ytterligere, sier hun til VG.<\/p>\n<p>Felix\u00a0 spiller til vanlig for fotballklubben Brann og er ogs\u00e5 en del av landslagstroppen. Kajsa p\u00e5 sin side har fulgt i storebrorens fotspor og satser selv p\u00e5 friidrett.\u00a0<\/p>\n<p>        <img loading=\"lazy\" decoding=\"async\" src=\"https:\/\/www.europesays.com\/no\/wp-content\/uploads\/2025\/12\/83956441.webp\" width=\"686\" height=\"392\" title=\"FOTBALLSPILLER: Det er fotballspilleren Felix Horn Myhre som har kapret hjertet til det unge idrettstalentet. Foto: Bj\u00f8rn Langsem \/ Dagbladet\" alt=\"\" class=\"\" style=\"--aspect-ratio-image: 1.75; \"\/><\/p>\n<p>\n        FOTBALLSPILLER: Det er fotballspilleren Felix Horn Myhre som har kapret hjertet til det unge idrettstalentet. Foto: Bj\u00f8rn Langsem \/ Dagbladet\n    <\/p>\n<p>I tillegg har hun opparbeidet seg en solid f\u00f8lgerskare p\u00e5 sosiale medier, med hele 106 000 f\u00f8lgere p\u00e5 Instagram.\u00a0<\/p>\n<p>Det er ogs\u00e5 hun som har styrt storebrorens Instagram-konto etter at han oppn\u00e5dde stjernestatus i fjor.<\/p>\n<p>    <a itemprop=\"url\" href=\"https:\/\/www.seher.no\/kjendis\/jeg-har-fortsatt-hjernen-min\/83954497\" rel=\"nofollow noopener\" target=\"_blank\"><\/p>\n<p>        <img loading=\"lazy\" decoding=\"async\" src=\"https:\/\/www.europesays.com\/no\/wp-content\/uploads\/2025\/12\/1765382985_870_83955158.webp\" width=\"980\" height=\"441\" title=\"- Jeg har fortsatt hjernen min\" alt=\"\" class=\"lazyload\" style=\"--aspect-ratio-image: 2.22; \"\/><\/p>\n<p>        &#8211; Jeg har fortsatt hjernen min<\/p>\n<p>    <\/a><\/p>\n<p>Markus delte tidligere i \u00e5r at han, etter et fall under stavhopptrening, m\u00e5 st\u00e5 over \u00e5rets VM i Tokyo p\u00e5 grunn av skade.\u00a0<\/p>\n<p> Den olympiske mesteren har siden den gang f\u00e5tt kneet operert og er tilbake p\u00e5 trening, men ikke uten st\u00f8tte fra kj\u00e6resten Jenny:<\/p>\n<p> &#8211; Jeg er imponert over positiviteten han har som menneske, jeg har aldri h\u00f8rt ham klage, aldri. Jeg f\u00f8ler han fortjener alt i hele verden, fortalte hun i et intervju i\u00a0<a href=\"https:\/\/tv.nrk.no\/serie\/dagsrevyen\/sesong\/202511\/episode\/NNFA19110825\" rel=\"nofollow noopener\" target=\"_blank\">L\u00f8rdagsrevyen p\u00e5 NRK<\/a>.<\/p>\n<p>Paret deler ofte glimt av sin hverdag sammen p\u00e5 sosiale medier, og kanskje lilles\u00f8ster Kajsa f\u00f8lger i brorens fotspor her ogs\u00e5.<\/p>\n","protected":false},"excerpt":{"rendered":"Felix Horn og Kasja Rooth:\u00a0 Landslagspilleren og friidrettsjenta m\u00f8ttes via idretten &#8211; n\u00e5 er de offisielt kj\u00e6rester. S\u00d8SKEN:&hellip;\n","protected":false},"author":2,"featured_media":109506,"comment_status":"","ping_status":"","sticky":false,"template":"","format":"standard","meta":{"footnotes":""},"categories":[59],"tags":[1556,5298,13368,479,3195,30,28,29,83,82],"class_list":{"0":"post-109505","1":"post","2":"type-post","3":"status-publish","4":"format-standard","5":"has-post-thumbnail","7":"category-sport","8":"tag-felix-horn-myhre","9":"tag-jenny-spetalen","10":"tag-kajsa-rooth","11":"tag-kjendis","12":"tag-markus-rooth","13":"tag-no","14":"tag-norge","15":"tag-norway","16":"tag-sport","17":"tag-sports"},"share_on_mastodon":{"url":"https:\/\/pubeurope.com\/@no\/115696144660124899","error":""},"_links":{"self":[{"href":"https:\/\/www.europesays.com\/no\/wp-json\/wp\/v2\/posts\/109505","targetHints":{"allow":["GET"]}}],"collection":[{"href":"https:\/\/www.europesays.com\/no\/wp-json\/wp\/v2\/posts"}],"about":[{"href":"https:\/\/www.europesays.com\/no\/wp-json\/wp\/v2\/types\/post"}],"author":[{"embeddable":true,"href":"https:\/\/www.europesays.com\/no\/wp-json\/wp\/v2\/users\/2"}],"replies":[{"embeddable":true,"href":"https:\/\/www.europesays.com\/no\/wp-json\/wp\/v2\/comments?post=109505"}],"version-history":[{"count":0,"href":"https:\/\/www.europesays.com\/no\/wp-json\/wp\/v2\/posts\/109505\/revisions"}],"wp:featuredmedia":[{"embeddable":true,"href":"https:\/\/www.europesays.com\/no\/wp-json\/wp\/v2\/media\/109506"}],"wp:attachment":[{"href":"https:\/\/www.europesays.com\/no\/wp-json\/wp\/v2\/media?parent=109505"}],"wp:term":[{"taxonomy":"category","embeddable":true,"href":"https:\/\/www.europesays.com\/no\/wp-json\/wp\/v2\/categories?post=109505"},{"taxonomy":"post_tag","embeddable":true,"href":"https:\/\/www.europesays.com\/no\/wp-json\/wp\/v2\/tags?post=109505"}],"curies":[{"name":"wp","href":"https:\/\/api.w.org\/{rel}","templated":true}]}}