{"id":109507,"date":"2025-12-10T16:12:23","date_gmt":"2025-12-10T16:12:23","guid":{"rendered":"https:\/\/www.europesays.com\/no\/109507\/"},"modified":"2025-12-10T16:12:23","modified_gmt":"2025-12-10T16:12:23","slug":"tranby-ved-gir-bort-en-pall-med-ved-det-er-trange-tider","status":"publish","type":"post","link":"https:\/\/www.europesays.com\/no\/109507\/","title":{"rendered":"Tranby, Ved | Gir bort en pall med ved: \u2013 Det er trange tider"},"content":{"rendered":"\n<p>Vanligvis selger Thorstein Opsahl en pall, tilsvarende rundt 1000 liter, til 1800 kroner. Men n\u00e5 har han bestemt seg for \u00e5 gi bort en pall til noen som trenger det.<\/p>\n<p>\u2013 I og med at det er trange tider, og det er mange som sliter, tenkte jeg at jeg kunne bidra med \u00e5 gi bort en pall med ved til noen som fortjener det, sier Opsahl og legger til:<\/p>\n<p>\u2013 Det er trange tider. Jeg selger ogs\u00e5 ved, men jeg vil hjelpe folk i en vanskelig tid.<\/p>\n<p>Vanligvis selger Opsahl rundt 70-80 paller med ved i l\u00f8pet av en sesong.<\/p>\n<p>\u2013 Jeg driver med litt forskjellig. Ved-produksjon er bare en av flere ting. Jeg er maskinf\u00f8rer, driver med utleie av lager, i tillegg til at jeg er lokalpolitiker. S\u00e5 ved-produksjon er bare en liten del av virksomheten.<\/p>\n<p>   <img decoding=\"async\" width=\"7795\" height=\"5845\" fetchpriority=\"low\"  loading=\"lazy\"  src=\"https:\/\/www.europesays.com\/no\/wp-content\/uploads\/2025\/12\/Ved.jpg\" alt=\"\" class=\"brick-c-cFOWSL\" style=\"--brick-image-ratio: 7795 \/ 5845;\"\/><\/p>\n<p>      T\u00d8RK: Dette er neste \u00e5rs ved. Veden som blir levert st\u00e5r allerede lagret t\u00f8rt.<br \/>\n      Foto: Johan Aga Tangen\n    <\/p>\n<p>  \u2013 \u00c5lreit \u00e5 bidra<\/p>\n<p>Dersom du, eller noen du kjenner, har behov for ved og sliter med \u00e5 f\u00e5 endene til \u00e5 m\u00f8tes, kan du sende en e-post til redaksjonen@lierposten.no <b>innen tirsdag 16. desember. <\/b>En vinner vil trekkes ut og kontaktes onsdag 17. desember.<\/p>\n<p>\u2013 Jeg har mye ved og synes det er \u00e5lreit \u00e5 kunne bidra litt jeg og. Dette er noe jeg har tenkt p\u00e5 en liten stund.<\/p>\n<p>\u2013 Det blir levert p\u00e5 d\u00f8ra til den som trekkes ut, s\u00e5 f\u00e5r de det som en liten julegave.<\/p>\n<p>Opsahl vil selv reise ut og levere veden til vinnere. Det eneste kravet for \u00e5 kunne delta er at det m\u00e5 v\u00e6re mulig \u00e5 komme til med personbil og tilhenger.<\/p>\n<p>\u2013 Det er vanskelig \u00e5 estimere hvor stor del av inntekten min som kommer fra ved-produksjon. Men det er ikke det jeg tjener mest p\u00e5. Det er en bi-n\u00e6ring til alt det andre, sier han og legger til:<\/p>\n<p>\u2013 Jeg har to hus selv, s\u00e5 jeg bruker ogs\u00e5 en del ved selv.<\/p>\n","protected":false},"excerpt":{"rendered":"Vanligvis selger Thorstein Opsahl en pall, tilsvarende rundt 1000 liter, til 1800 kroner. Men n\u00e5 har han bestemt&hellip;\n","protected":false},"author":2,"featured_media":109508,"comment_status":"","ping_status":"","sticky":false,"template":"","format":"standard","meta":{"footnotes":""},"categories":[56],"tags":[36,60,61,5523,62,30,28,29,1510,13518,2598],"class_list":{"0":"post-109507","1":"post","2":"type-post","3":"status-publish","4":"format-standard","5":"has-post-thumbnail","7":"category-naeringsliv","8":"tag-art","9":"tag-business","10":"tag-economy","11":"tag-lier","12":"tag-naeringsliv","13":"tag-no","14":"tag-norge","15":"tag-norway","16":"tag-story","17":"tag-tranby","18":"tag-ved"},"share_on_mastodon":{"url":"https:\/\/pubeurope.com\/@no\/115696156702724285","error":""},"_links":{"self":[{"href":"https:\/\/www.europesays.com\/no\/wp-json\/wp\/v2\/posts\/109507","targetHints":{"allow":["GET"]}}],"collection":[{"href":"https:\/\/www.europesays.com\/no\/wp-json\/wp\/v2\/posts"}],"about":[{"href":"https:\/\/www.europesays.com\/no\/wp-json\/wp\/v2\/types\/post"}],"author":[{"embeddable":true,"href":"https:\/\/www.europesays.com\/no\/wp-json\/wp\/v2\/users\/2"}],"replies":[{"embeddable":true,"href":"https:\/\/www.europesays.com\/no\/wp-json\/wp\/v2\/comments?post=109507"}],"version-history":[{"count":0,"href":"https:\/\/www.europesays.com\/no\/wp-json\/wp\/v2\/posts\/109507\/revisions"}],"wp:featuredmedia":[{"embeddable":true,"href":"https:\/\/www.europesays.com\/no\/wp-json\/wp\/v2\/media\/109508"}],"wp:attachment":[{"href":"https:\/\/www.europesays.com\/no\/wp-json\/wp\/v2\/media?parent=109507"}],"wp:term":[{"taxonomy":"category","embeddable":true,"href":"https:\/\/www.europesays.com\/no\/wp-json\/wp\/v2\/categories?post=109507"},{"taxonomy":"post_tag","embeddable":true,"href":"https:\/\/www.europesays.com\/no\/wp-json\/wp\/v2\/tags?post=109507"}],"curies":[{"name":"wp","href":"https:\/\/api.w.org\/{rel}","templated":true}]}}