{"id":109509,"date":"2025-12-10T16:13:43","date_gmt":"2025-12-10T16:13:43","guid":{"rendered":"https:\/\/www.europesays.com\/no\/109509\/"},"modified":"2025-12-10T16:13:43","modified_gmt":"2025-12-10T16:13:43","slug":"har-nrk-innfort-munnkurv-om-kjernekraft","status":"publish","type":"post","link":"https:\/\/www.europesays.com\/no\/109509\/","title":{"rendered":"Har NRK innf\u00f8rt munnkurv om kjernekraft?"},"content":{"rendered":"<p class=\"kicker t14 tm14 font-NotoSans\" style=\"\"><a href=\"https:\/\/www.abcnyheter.no\/stemmer\" rel=\"nofollow noopener\" target=\"_blank\">KRONIKK<\/a><\/p>\n<p>    \u00c5 utelate kjernekraft fra energidebatten i dag er som p\u00e5 70-tallet \u00e5 hevde at Norge aldri kan bli en oljenasjon.<\/p>\n<p>\n        Fredrik Solvang hadde sin siste sending av Debatten 27. november.<br \/>\n        Thomas Fure \/ NTB\n    <\/p>\n<p class=\"italic m-italic\" data-lab-italic=\"italic\"><a href=\"https:\/\/www.finansavisen.no\/energi\/2025\/12\/07\/8312230\/har-nrk-innfort-munnkurv-om-kjernekraft\" target=\"_blank\" rel=\"nofollow noopener\">Dette debattinnlegget<\/a>\u00a0ble f\u00f8rst publisert i <a href=\"https:\/\/www.finansavisen.no\/\" target=\"_blank\" rel=\"nofollow noopener\">Finansavisen<\/a>.\u00a0<\/p>\n<p>\u00ab<a href=\"https:\/\/tv.nrk.no\/serie\/debatten\/sesong\/202301\/episode\/NNFA51012423\" rel=\"nofollow noopener\" target=\"_blank\">Vil satse p\u00e5 atomkraft i Norge<\/a>\u00bb var temaet for NRKs sending av Debatten den 23. januar 2023, alts\u00e5 for snart tre \u00e5r siden. Siden den gang har NRKs redaksjon hatt en p\u00e5fallende ber\u00f8ringsangst for et av de mest diskuterte temaene i energidebatten.<\/p>\n<p>I Fredrik Solvangs\u00a0<a href=\"https:\/\/tv.nrk.no\/serie\/debatten\/sesong\/202511\/episode\/NNFA51112525\" rel=\"nofollow noopener\" target=\"_blank\">nest siste sending\u00a0<\/a>som programleder for Debatten, var temaet datasentre og hvilke konsekvenser disse kan f\u00e5 i form av kraftmangel, naturinngrep og redusert forsyningssikkerhet. Kjernekraft er den eneste energikilden som\u00a0<a href=\"https:\/\/www.nrk.no\/urix\/xl\/atomforsker-og-naturverner-mener-kjernekraft-kan-redde-verden-1.17543866\" rel=\"nofollow noopener\" target=\"_blank\">kan l\u00f8se alle disse problemene<\/a>, men da dette ble p\u00e5pekt, br\u00f8t Solvang inn med at \u00abvi ikke har kjernekraft\u00bb. Det er som \u00e5 si p\u00e5 70-tallet at Norge ikke kunne bli en oljenasjon fordi vi manglet egne oljeselskaper \u2013 vi bygde dem, og ble nettopp det.<\/p>\n<p>Dette var mer enn en glipp fra Debattens redaksjon.<\/p>\n<p>I en tid der\u00a0<a href=\"https:\/\/www.nytimes.com\/2024\/10\/16\/business\/energy-environment\/amazon-google-microsoft-nuclear-energy.html\" rel=\"nofollow noopener\" target=\"_blank\">Microsoft, Google, Amazon\u00a0<\/a>og\u00a0<a href=\"https:\/\/www.tek.no\/nyheter\/nyhet\/i\/3MGQ90\/meta-satser-paa-atomkraft-for-aa-moete-ki-behovet?srsltid=AfmBOooVI-YDaAbcyPeExCl93xbBQibvVmuAU5Ced4WFhhDVdgFJYZO1\" rel=\"nofollow noopener\" target=\"_blank\">Meta<\/a>\u00a0investerer i kjernekraft for \u00e5 drive sine egne datasentre, oppsto et gap mellom virkeligheten og NRKs beskrivelse som ikke lenger kan overses.<\/p>\n<p>Dette var mer enn en glipp fra Debattens redaksjon. I l\u00f8pet av de siste tre \u00e5rene har temaer som str\u00f8mpriser, kraftkrise, vindkraft, nettutbygging og datasentre f\u00e5tt bred, gjentatt dekning \u2013 uten at kjernekraft er blitt inkludert som en del av l\u00f8sningen.\u00a0<\/p>\n<p class=\"font-weight-bold m-font-weight-bold\" data-lab-font_weight=\"font-weight-bold\">Enda mer alvorlig: Vi har fra to ulike deltagere i disse debattene f\u00e5tt vite at de fikk beskjed f\u00f8r sending om ikke \u00e5 ta opp kjernekraft. Da snakker vi ikke lenger om prioritering, men om \u00e5 m\u00e5lrettet legge lokk p\u00e5 en viktig del av debatten.<\/p>\n<p>Kontrasten til virkeligheten kunne ikke v\u00e6rt st\u00f8rre. I Norge har st\u00f8tten til kjernekraft n\u00e5dd\u00a0<a href=\"https:\/\/kantar.no\/globalassets\/ekspertiseomrader\/energi-klima-helsepolitikk\/klima\/374401448-klimabarometeret-2025_presentasjon_for-publisering-med-sperrefrist-til-18.-november-kl-1200.pdf\" rel=\"nofollow noopener\" target=\"_blank\">rekordh\u00f8ye niv\u00e5er<\/a>. Godt over halvparten av befolkningen er positive, og nesten like mange er \u00e5pne for kjernekraft i egen kommune, samtidig som st\u00f8tten til vindkraft og havvind faller. \u00c5tte av ni stortingspartier er n\u00e5 positive til \u00e5 bygge eller utrede kjernekraft, og i april kommer regjeringens Kjernekraftutvalg med en offentlig utredning. Mer enn 60 kommuner og fylkeskommuner har meldt seg inn i foreningen\u00a0<a href=\"https:\/\/www.nrk.no\/vestland\/kjernekraft-i-noreg_-60-kommunar-vil-bli-vertskap-for-sma_-modulaere-reaktorar-1.17124711\" rel=\"nofollow noopener\" target=\"_blank\">Norske Kjernekraftkommuner\u00a0<\/a>, og Milj\u00f8direktoratet startet nylig en internasjonal h\u00f8ringsrunde for det som\u00a0<a href=\"https:\/\/www.nrk.no\/mr\/kjernekraft-i-midt-norge-pa-horing-1.17667447\" rel=\"nofollow noopener\" target=\"_blank\">kan bli Norges f\u00f8rste kjernekraftverk<\/a>.<\/p>\n<p>Parallelt ser\u00a0<a href=\"https:\/\/www.nrk.no\/rogaland\/aktiviteten-i-oljebransjen-synker-_-na-rettes-blikket-mot-kjernekraft-1.17647099\" rel=\"nofollow noopener\" target=\"_blank\">leverand\u00f8rindustrien<\/a>\u00a0en stor mulighet for omstilling fra olje til kjernekraft. Kjernekraft krever nettopp den kompetansen Norge har: avansert ingeni\u00f8rkunst med sterkt sikkerhetsfokus, prosessindustri og h\u00f8yteknologisk prosjektstyring. Denne kompetansen kan de bruke til \u00e5 levere deler og utstyr til kjernekraftverkene som skal bygges i Storbritannia, Sverige, Finland, Frankrike, Nederland, USA, Canada, Japan og en lang rekke andre land.<\/p>\n<p>Rikelig, stabil og arealeffektiv energiforsyning er viktig for at Norge skal kunne h\u00e5ndtere en rekke grunnleggende samfunnsutfordringer, som klimaomstilling, industriutvikling, naturvern og eldreb\u00f8lgen.<\/p>\n<p>Da kan vi ikke ha det slik at NRK legger munnkurv p\u00e5 sitt mest popul\u00e6re debattprogram og hindrer en \u00e5pen diskusjon om kjernekraft som en del av l\u00f8sningen.<\/p>\n<p class=\"italic m-italic\" data-lab-italic=\"italic\"><a href=\"https:\/\/www.abcnyheter.no\/stemmer\" target=\"_blank\" rel=\"nofollow noopener\">Stemmer<\/a>\u00a0er ABC Nyheters debattseksjon. Dette er meningsytringer, og innholdet st\u00e5r for skribentens regning. \u00d8nsker du \u00e5 bidra? Send kronikk eller debattinnlegg til\u00a0<a href=\"https:\/\/www.abcnyheter.no\/stemmer\/har-nrk-innfort-munnkurv-om-kjernekraft\/mailto:stemmer@abcnyheter.no\" target=\"_blank\" rel=\"nofollow noopener\">stemmer@abcnyheter.no<\/a>. <\/p>\n","protected":false},"excerpt":{"rendered":"KRONIKK \u00c5 utelate kjernekraft fra energidebatten i dag er som p\u00e5 70-tallet \u00e5 hevde at Norge aldri kan&hellip;\n","protected":false},"author":2,"featured_media":109510,"comment_status":"","ping_status":"","sticky":false,"template":"","format":"standard","meta":{"footnotes":""},"categories":[12],"tags":[20,21,24,25,15,22,23,13,30,28,29,14,16,26,27,42,43,44,45],"class_list":{"0":"post-109509","1":"post","2":"type-post","3":"status-publish","4":"format-standard","5":"has-post-thumbnail","7":"category-verden","8":"tag-breaking-news","9":"tag-breakingnews","10":"tag-featured-news","11":"tag-featurednews","12":"tag-headlines","13":"tag-latest-news","14":"tag-latestnews","15":"tag-news","16":"tag-no","17":"tag-norge","18":"tag-norway","19":"tag-nyheter","20":"tag-overskrifter","21":"tag-top-stories","22":"tag-topstories","23":"tag-verden","24":"tag-world","25":"tag-world-news","26":"tag-worldnews"},"share_on_mastodon":{"url":"https:\/\/pubeurope.com\/@no\/115696160158878617","error":""},"_links":{"self":[{"href":"https:\/\/www.europesays.com\/no\/wp-json\/wp\/v2\/posts\/109509","targetHints":{"allow":["GET"]}}],"collection":[{"href":"https:\/\/www.europesays.com\/no\/wp-json\/wp\/v2\/posts"}],"about":[{"href":"https:\/\/www.europesays.com\/no\/wp-json\/wp\/v2\/types\/post"}],"author":[{"embeddable":true,"href":"https:\/\/www.europesays.com\/no\/wp-json\/wp\/v2\/users\/2"}],"replies":[{"embeddable":true,"href":"https:\/\/www.europesays.com\/no\/wp-json\/wp\/v2\/comments?post=109509"}],"version-history":[{"count":0,"href":"https:\/\/www.europesays.com\/no\/wp-json\/wp\/v2\/posts\/109509\/revisions"}],"wp:featuredmedia":[{"embeddable":true,"href":"https:\/\/www.europesays.com\/no\/wp-json\/wp\/v2\/media\/109510"}],"wp:attachment":[{"href":"https:\/\/www.europesays.com\/no\/wp-json\/wp\/v2\/media?parent=109509"}],"wp:term":[{"taxonomy":"category","embeddable":true,"href":"https:\/\/www.europesays.com\/no\/wp-json\/wp\/v2\/categories?post=109509"},{"taxonomy":"post_tag","embeddable":true,"href":"https:\/\/www.europesays.com\/no\/wp-json\/wp\/v2\/tags?post=109509"}],"curies":[{"name":"wp","href":"https:\/\/api.w.org\/{rel}","templated":true}]}}