{"id":109513,"date":"2025-12-10T16:16:17","date_gmt":"2025-12-10T16:16:17","guid":{"rendered":"https:\/\/www.europesays.com\/no\/109513\/"},"modified":"2025-12-10T16:16:17","modified_gmt":"2025-12-10T16:16:17","slug":"ingebrigtsen-familien-konflikten-om-treningsmetoden-fortsetter","status":"publish","type":"post","link":"https:\/\/www.europesays.com\/no\/109513\/","title":{"rendered":"Ingebrigtsen-familien: Konflikten om treningsmetoden fortsetter"},"content":{"rendered":"<p class=\"kicker \" style=\"\">Ingebrigtsen-familien:<\/p>\n<p>  Rettssaken er over for lengst, men striden i familien lever i beste velg\u00e5ende.<\/p>\n<p>\n    EN ANNEN TID: For flere \u00e5r siden jobbet br\u00f8drene tett med faren Gjert (59). N\u00e5 er det isfront mellom dem. Foto: NTB\n  <\/p>\n<p>2025 markerer trolig et av de m\u00f8rkeste \u00e5rene for medlemmene i familien Ingebrigtsen. Etter flere \u00e5r med spekulasjoner og rykter gikk Henrik (34), Filip (32) og Jakob Ingebrigtsen (25) ut med en kronikk i VG hvor de hevdet at faren Gjert Ingebrigtsen (59) hadde utsatt dem for fysisk og psykisk vold.<\/p>\n<p>    <a itemprop=\"url\" href=\"https:\/\/www.seher.no\/kjendis\/forlot-landet\/83926964\" rel=\"nofollow noopener\" target=\"_blank\"><\/p>\n<p>        <img loading=\"lazy\" decoding=\"async\" src=\"https:\/\/www.europesays.com\/no\/wp-content\/uploads\/2025\/12\/83094477.webp\" width=\"147\" height=\"98\" title=\"Forlot landet\" alt=\"\" class=\"lazyload\" style=\"--aspect-ratio-image: 1.50; \"\/><\/p>\n<p>        Forlot landet<\/p>\n<p>    <\/a><\/p>\n<p>I v\u00e5r sto han tiltalt i S\u00f8r-Rogaland tingrett for vold i n\u00e6re relasjoner mot s\u00f8nnen Jakob og datteren p\u00e5 19 \u00e5r.\u00a0<\/p>\n<p>Han ble frifunnet for alle tiltalepunkter som gjaldt Jakob, men d\u00f8mt til 15 dager betinget fengsel for en hendelse som omhandlet datteren.\u00a0<\/p>\n<p>Han m\u00e5tte ogs\u00e5 betale henne 10 000 kroner i oppreisning.<\/p>\n<p>        SKADE: Jakob Ingebrigtsen slet med akillesen i hele 2025, og i en ny episode av \u00abBorn to Run\u00bb f\u00e5r man innblikk i hvordan det p\u00e5virker han. Video: Prime Video, S\u00f8r\u00f8 Olsen\/Dagbladet TV-sporten<\/p>\n<p>Til tross for at saken i retten er over og et tilbakelagt kapittel, s\u00e5 betyr ikke det at familiekonflikten ikke fortsetter. N\u00e5 befinner konflikten seg i varemerkeregisteret.\u00a0<\/p>\n<p>Gjert har tidligere v\u00e6rt \u00e5pen om at han \u00f8nsker eierskap til treningsopplegget s\u00f8nnene har fulgt &#8211; alts\u00e5\u00a0\u00abIngebrigtsen metoden\u00bb.<\/p>\n<p>        <img loading=\"lazy\" decoding=\"async\" src=\"https:\/\/www.europesays.com\/no\/wp-content\/uploads\/2025\/12\/83966446.webp\" width=\"686\" height=\"460\" title=\"UENIGHET: Henrik (34), Jakob (25) og Filip Ingebrigtsen (32) mener at begrepet \u00abIngebrigtsen metoden\u00bb b\u00f8r tilfalle dem. Foto: NTB\" alt=\"\" class=\"\" style=\"--aspect-ratio-image: 1.49; \"\/><\/p>\n<p>\n        UENIGHET: Henrik (34), Jakob (25) og Filip Ingebrigtsen (32) mener at begrepet \u00abIngebrigtsen metoden\u00bb b\u00f8r tilfalle dem. Foto: NTB\n    <\/p>\n<p>Br\u00f8drene p\u00e5 sin side kjemper hardt for \u00e5 frata Gjert retten til b\u00e5de treningsmetoden og merkenavnet p\u00e5 den, skriver <a href=\"https:\/\/www.tv2.no\/aktualitet\/legger-frem-bevis-i-strid-mot-pappa-gjert\/18365695\/\" rel=\"nofollow noopener\" target=\"_blank\">TV 2<\/a>.\u00a0<\/p>\n<p>Kjernen i striden handler ikke bare om etternavnet, men om \u00e5 bruke begrepet\u00a0\u00abIngebrigtsen metoden\u00bb kommersielt, for eksempel i kurs, b\u00f8ker eller foredrag.<\/p>\n<p>    <a itemprop=\"url\" href=\"https:\/\/www.seher.no\/kjendis\/etter-bruddet-halve-formuen-borte\/83927407\" rel=\"nofollow noopener\" target=\"_blank\"><\/p>\n<p>        <img loading=\"lazy\" decoding=\"async\" src=\"https:\/\/www.europesays.com\/no\/wp-content\/uploads\/2025\/12\/1765383373_108_83928065.webp\" width=\"147\" height=\"98\" title=\"Etter bruddet: Halve formuen borte\" alt=\"\" class=\"lazyload\" style=\"--aspect-ratio-image: 1.50; \"\/><\/p>\n<p>        Etter bruddet: Halve formuen borte<\/p>\n<p>    <\/a><\/p>\n<p>Det var Gjert, ved selskapet Tega AS, som f\u00f8rst sendte inn varemerkes\u00f8knad. Br\u00f8drene uttalte den gangen at faren slettes ikke hadde utviklet den originale treningsmetoden alene. De sendte derfor inn en protest til Patentsyret og krevde at Gjerts s\u00f8knad ble avviklet.<\/p>\n<p>        INGEBRIGTSEN: En ny sesong av \u00abBorn to run\u00bb kommer, og her f\u00e5r man et innblikk i hvordan det var for br\u00f8drene Ingebrigtsen under rettssaken mot deres far. Video: Prime Video<\/p>\n<p><a href=\"https:\/\/www.vg.no\/sport\/i\/lw72Ek\/patentkrangel-tilspisser-seg-soennene-med-nytt-krav-mot-gjert-ingebrigtsen\" rel=\"nofollow noopener\" target=\"_blank\">VG<\/a> har ogs\u00e5 omtalt dette &#8211; at br\u00f8drene mente at de &#8211; som f\u00f8lge av \u00abtydelig personlig tilknytning og etablert goodwill\u00bb, hadde \u00abbedre rett\u00bb p\u00e5 varemerkes\u00f8knaden om begrepet\u00a0\u00abIngebrigtsen metoden\u00bb enn Tega AS.<\/p>\n<p>        <img loading=\"lazy\" decoding=\"async\" src=\"https:\/\/www.europesays.com\/no\/wp-content\/uploads\/2025\/12\/83966449.webp\" width=\"686\" height=\"542\" title=\"SEIER: Jakob Ingebrigtsen har tatt med flere store gullmedaljer hjem til Norge \u2013 her fra OL i Paris, etter at han vant gull i 5000 meter. Foto: NTB\" alt=\"\" class=\"\" style=\"--aspect-ratio-image: 1.27; \"\/><\/p>\n<p>\n        SEIER: Jakob Ingebrigtsen har tatt med flere store gullmedaljer hjem til Norge \u2013 her fra OL i Paris, etter at han vant gull i 5000 meter. Foto: NTB\n    <\/p>\n<p>Begge partene fikk da brev i retur om at s\u00f8knadene skulle tas opp til behandling. Da sendte Ingebrigtsen-br\u00f8drene inn bevis.\u00a0<\/p>\n<p>De omtaler det selv som klar dokumentasjon, skriver TV 2. Bevisene inkluderer en medieanalyse fra medieoverv\u00e5kning- og analysebyr\u00e5et Retriever, som er sv\u00e6rt detaljrik.<\/p>\n<p>    <a itemprop=\"url\" href=\"https:\/\/www.seher.no\/kjendis\/min-tidligere-mor\/83792604\" rel=\"nofollow noopener\" target=\"_blank\"><\/p>\n<p>        <img loading=\"lazy\" decoding=\"async\" src=\"https:\/\/www.europesays.com\/no\/wp-content\/uploads\/2025\/12\/83792647.webp\" width=\"147\" height=\"98\" title=\"\u00abMin tidligere mor\u00bb...\" alt=\"\" class=\"lazyload\" style=\"--aspect-ratio-image: 1.50; \"\/><\/p>\n<p>        \u00abMin tidligere mor\u00bb&#8230;<\/p>\n<p>    <\/a><\/p>\n<p>Dette skal if\u00f8lge br\u00f8drene peke p\u00e5 at all bruk og medieeksponering av\u00a0\u00abIngebrigtsen metoden\u00bb kommer av br\u00f8drenes sportslige virksomhet \u2013ikke fra Tega AS.<\/p>\n<p>        STEILE FRONTER: Alt har ikke g\u00e5tt etter planen med Gjert og Tone Ingebrigtsens feriehus i Spania, og Se og H\u00f8r kan vise deg de f\u00f8rste bildene. Video\/Foto: ROXANA LEWANDOWSKA \/ NTB \/\/ Reporter: H\u00e5vard Bj\u00f8rnerem<\/p>\n<p>Tega AS er eid av Tone (55) og Gjert Ingebrigtsen, som st\u00e5r for 50 prosent hver. Gjert er daglig leder og styreleder, mens Tone er styremedlem.<\/p>\n<p>        <img loading=\"lazy\" decoding=\"async\" src=\"https:\/\/www.europesays.com\/no\/wp-content\/uploads\/2025\/12\/83966448.webp\" width=\"686\" height=\"728\" title=\"MOR OG FAR: Gjert og Tone Ingebrigtsen (55) har st\u00e5tt fjellst\u00f8tt ved hverandres side. Foto: Andreas Fadum \/ Se og H\u00f8r\" alt=\"\" class=\"\" style=\"--aspect-ratio-image: 0.94; \"\/><\/p>\n<p>\n        MOR OG FAR: Gjert og Tone Ingebrigtsen (55) har st\u00e5tt fjellst\u00f8tt ved hverandres side. Foto: Andreas Fadum \/ Se og H\u00f8r\n    <\/p>\n<p>\u00abI v\u00e5r sak har Tega AS aldri v\u00e6rt en del av et samarbeid, selv om en av eierne i selskapet tidligere kan ha hatt en slik posisjon. Vi antar at Patentstyret i sin vurdering ikke vil likestille Tega AS med sine eiere\u00bb, fremmer br\u00f8drene i sin uttalelse.<\/p>\n<p class=\"italic m-italic\" data-lab-italic=\"italic\">Se og H\u00f8r har kontaktet Ingebrigtsen-br\u00f8drende medier\u00e5dgiver Espen Skoland, og Gjert Ingebrigtsen, i forbindelse med denne saken. Henvendelsene er, i skrivende stund, ikke besvart.<\/p>\n","protected":false},"excerpt":{"rendered":"Ingebrigtsen-familien: Rettssaken er over for lengst, men striden i familien lever i beste velg\u00e5ende. EN ANNEN TID: For&hellip;\n","protected":false},"author":2,"featured_media":109514,"comment_status":"","ping_status":"","sticky":false,"template":"","format":"standard","meta":{"footnotes":""},"categories":[59],"tags":[4104,2370,1620,5339,13521,422,479,394,13520,30,28,29,13519,83,82],"class_list":{"0":"post-109513","1":"post","2":"type-post","3":"status-publish","4":"format-standard","5":"has-post-thumbnail","7":"category-sport","8":"tag-eksklusivt","9":"tag-filip-ingebrigtsen","10":"tag-gjert-ingebrigtsen","11":"tag-henrik-ingebrigtsen","12":"tag-ingebrigtsen-metoden","13":"tag-jakob-ingebrigtsen","14":"tag-kjendis","15":"tag-konflikt","16":"tag-merkevare","17":"tag-no","18":"tag-norge","19":"tag-norway","20":"tag-patentstyret","21":"tag-sport","22":"tag-sports"},"share_on_mastodon":{"url":"https:\/\/pubeurope.com\/@no\/115696172241651120","error":""},"_links":{"self":[{"href":"https:\/\/www.europesays.com\/no\/wp-json\/wp\/v2\/posts\/109513","targetHints":{"allow":["GET"]}}],"collection":[{"href":"https:\/\/www.europesays.com\/no\/wp-json\/wp\/v2\/posts"}],"about":[{"href":"https:\/\/www.europesays.com\/no\/wp-json\/wp\/v2\/types\/post"}],"author":[{"embeddable":true,"href":"https:\/\/www.europesays.com\/no\/wp-json\/wp\/v2\/users\/2"}],"replies":[{"embeddable":true,"href":"https:\/\/www.europesays.com\/no\/wp-json\/wp\/v2\/comments?post=109513"}],"version-history":[{"count":0,"href":"https:\/\/www.europesays.com\/no\/wp-json\/wp\/v2\/posts\/109513\/revisions"}],"wp:featuredmedia":[{"embeddable":true,"href":"https:\/\/www.europesays.com\/no\/wp-json\/wp\/v2\/media\/109514"}],"wp:attachment":[{"href":"https:\/\/www.europesays.com\/no\/wp-json\/wp\/v2\/media?parent=109513"}],"wp:term":[{"taxonomy":"category","embeddable":true,"href":"https:\/\/www.europesays.com\/no\/wp-json\/wp\/v2\/categories?post=109513"},{"taxonomy":"post_tag","embeddable":true,"href":"https:\/\/www.europesays.com\/no\/wp-json\/wp\/v2\/tags?post=109513"}],"curies":[{"name":"wp","href":"https:\/\/api.w.org\/{rel}","templated":true}]}}