{"id":109517,"date":"2025-12-10T16:20:08","date_gmt":"2025-12-10T16:20:08","guid":{"rendered":"https:\/\/www.europesays.com\/no\/109517\/"},"modified":"2025-12-10T16:20:08","modified_gmt":"2025-12-10T16:20:08","slug":"norge-apner-for-asylmottak-i-utlandet-nrk-urix-utenriksnyheter-og-dokumentarer","status":"publish","type":"post","link":"https:\/\/www.europesays.com\/no\/109517\/","title":{"rendered":"Norge \u00e5pner for asylmottak i utlandet \u2013 NRK Urix \u2013 Utenriksnyheter og -dokumentarer"},"content":{"rendered":"<p>P\u00e5 et m\u00f8te i Europar\u00e5det i Strasbourg, flagger justisminister Astri Aas-Hansen (Ap) Norges nye linje i to kontroversielle saker:<\/p>\n<p>\u2013 Norge \u00e5pner for \u00e5 vurdere asylmottak i utlandet. Det gjelder b\u00e5de s\u00f8knader om opphold og retursentre.<\/p>\n<p>\u2013 Norge st\u00f8tter et initiativ fra Danmark om \u00e5 gi et politisk signal til Menneskerettsdomstolen. Sammen med resten av Norden, mener regjeringen at for mange kriminelle utlendinger blir vernet.<\/p>\n<p>Mottak i utlandet<\/p>\n<p>Astri Aas-Hansen sier n\u00e5 et regjeringen har en ny holdning til asylmottak i utlandet:<\/p>\n<p>\u2013 Ja, vi er \u00e5pne for \u00e5 vurdere det. Vi mener at n\u00e5r vi ser p\u00e5 de utfordringene som en st\u00e5r i, s\u00e5 har det gjennom flere \u00e5r n\u00e5 v\u00e6rt veldig mange som kommer til Europa som ikke har grunnlag for \u00e5 f\u00e5 opphold. Samtidig s\u00e5 har det v\u00e6rt et stort antall asyls\u00f8kere, og dette utfordrer b\u00e5de asyl og innvandringssystemet. Og det utfordrer velferdssystemene.<\/p>\n<p>Vil ikke dette stride med asylretten og FNs flyktningkonvensjon?<\/p>\n<p>\u2013 Vi g\u00e5r ikke inn for \u00e5 endre FNs flyktningkonvensjon. Men vi m\u00e5 ta inn over oss hvordan situasjonen er n\u00e5 i Europa og i Norge. Og vi m\u00e5 v\u00e6re tydelig p\u00e5 at vi skal ha kontroll p\u00e5 grensene. Vi skal f\u00f8re en kontrollert, b\u00e6rekraftig og rettferdig innvandringspolitikk.<\/p>\n<p>Hun fortsetter:<\/p>\n<p>\u2013 Vi kan ikke ha et regelverk som er mye mer lempelig i Norge enn i de andre nordiske og europeiske landene. Der risikerer vi at det kommer mange illegale migranter til Norge, og det \u00f8nsker vi ikke.<\/p>\n<p>Menneskerettsdomstolen<\/p>\n<p><strong>Norge slutter seg til en uttalelse levert av Danmark i Europar\u00e5det onsdag. Forslaget oppfattes som et politisk signal om ta Menneskerettsdomstolen i st\u00f8rre grad d\u00f8mmer slik at kriminelle utledninger kan bli utvist.<\/strong><\/p>\n<p>\u2013 Norge st\u00f8tter sammen med flere nordiske land det danske initiativet, hvor det g\u00e5r tydelig fram at vi har dyp respekt og st\u00f8tter opp under b\u00e5de Europakonvensjonen, Menneskerettsdomstolen og Europar\u00e5det. S\u00e5 ser vi samtidig at det er utfordringer i Europa n\u00e5 knyttet til migrasjon, s\u00e5nn som for eksempel utvisning av utlendinger som beg\u00e5r alvorlig kriminalitet, sier Aas-Hansen.<\/p>\n<p><img decoding=\"async\"   src=\"data:image\/gif;base64,R0lGODlhAQABAIAAAAAAAP\/\/\/yH5BAEAAAAALAAAAAABAAEAAAIBRAA7\" loading=\"eager\" alt=\"En mann i dress sitter ved et bord merket &quot;DENMARK&quot; under et m\u00f8te. Foran ham ligger dokumenter og en vannflaske. Andre personer st\u00e5r eller sitter i bakgrunnen, noen i formelle kl\u00e6r. M\u00f8tet ser ut til \u00e5 v\u00e6re en offisiell sammenkomst med deltakere fra forskjellige nasjoner. (Bildebeskrivelsen er laget av en KI-tjeneste)\" title=\"Foto: Anders B\u00f8rringbo \/ NRK\"\/><\/p>\n<p class=\"\">Danmark og integrasjons-minister Rasmus Stoklund kommer med initiativet<\/p>\n<p>Foto: Anders B\u00f8rringbo \/ NRK<\/p>\n<p>\u2013 Det handler ikke om \u00e5 utfordre domstolens uavhengighet. Det handler om \u00e5 se p\u00e5 det nasjonale handlingsrommet og hvordan man balanserer hensynet til individet p\u00e5 den ene side mot hensynet til trygghet og sikkerhet for nasjonen p\u00e5 den andre, sier Aas-Hansen.<\/p>\n<p>\u2013 For \u00e5 ha det klart: Norge h\u00e5per n\u00e5 at dette f\u00f8rer til flere dommer i Menneskerettsdomstolen hvor man ikke verner kriminelle utlendinger lenger?<\/p>\n<p><strong>\u2013 Ja, vi mener jo tydelig at vi skal kunne ta disse avgj\u00f8relsene i nasjonal rett, og at det skal v\u00e6re innenfor det handlingsrommet som Den europeiske menneskerettighetskonvensjonen gir oss. Og det betyr da at vi ikke skal risikere overpr\u00f8vinger i tilfeller hvor vi mener at det er helt klart s\u00e5nn at samfunnets trygghet og sikkerhet m\u00e5 v\u00e6re det som f\u00e5r avgj\u00f8rende vekt.<\/strong><\/p>\n<p>Hun fortsetter:<\/p>\n<p>\u2013 Vi er tydelige p\u00e5 at det m\u00e5 v\u00e6re et nasjonalt handlingsrom der, sier Aas-Hansen<\/p>\n<p><img decoding=\"async\"   src=\"data:image\/gif;base64,R0lGODlhAQABAIAAAAAAAP\/\/\/yH5BAEAAAAALAAAAAABAAEAAAIBRAA7\" loading=\"eager\" alt=\"M\u00f8tet i Europar\u00e5det foreg\u00e5r i en moderne konferansesal. Flere myndighetspersoner er til stede rundt et bord. Bak dem henger flagg fra forskjellige europeiske nasjoner. Det er vinduer med utsikt over tr\u00e6r utenfor bygningen. (Bildebeskrivelsen er laget av en KI-tjeneste)\" title=\"Foto: Anders B\u00f8rringbo \/ NRK\"\/><\/p>\n<p class=\"\">Ekstraordin\u00e6rt ministerm\u00f8te i Strasbourg onsdag<\/p>\n<p>Foto: Anders B\u00f8rringbo \/ NRK<\/p>\n<p>Sendte brev<\/p>\n<p>Prosessen skj\u00f8t fart i mai. Da sendte blant andre Danmarks statsminister Mette Frederiksen brev.<\/p>\n<p><strong>Brevet ble sendt sammen med Italias Giorgia Meloni og \u00e5tte andre europeiske statsledere.<\/strong><\/p>\n<p>De tok til orde for at Den europeiske menneskerettskonvensjonen (EMK) m\u00e5tte revideres eller tolkes om. <\/p>\n<p><strong>Landene ville ha mer kontroll selv. Blant annet st\u00f8rre mulighet til \u00e5 utvise folk.<\/strong><\/p>\n<p>Regjeringen<a href=\"https:\/\/www.aftenposten.no\/norge\/politikk\/i\/o3oAG7\/norge-vil-ikke-vaere-med-paa-initiativ-for-aa-gjoere-det-lettere-aa-utvise-kriminelle\" ec-id=\"https:\/\/www.aftenposten.no\/norge\/politikk\/i\/o3oAG7\/norge-vil-ikke-vaere-med-paa-initiativ-for-aa-gjoere-det-lettere-aa-utvise-kriminelle\" ec-name=\"fikk kritikk\" rel=\"nofollow noopener\" target=\"_blank\"> fikk kritikk<\/a> for ikke \u00e5 st\u00f8tte brevet. N\u00e5 er Norge med:<\/p>\n<p>\u2013 Den teksten som ligger her n\u00e5 er noe helt annet enn det som kom i v\u00e5res, og fra norsk side s\u00e5 har vi som sagt v\u00e6rt inne og jobbet med den teksten, sier justisministeren.<\/p>\n<p><img decoding=\"async\"   src=\"data:image\/gif;base64,R0lGODlhAQABAIAAAAAAAP\/\/\/yH5BAEAAAAALAAAAAABAAEAAAIBRAA7\" loading=\"eager\" alt=\"Bildet viser den europeiske menneskerettighetsdomstolen, en moderne bygning med glassfront. Den har to store, sylindriske t\u00e5rn p\u00e5 hver side av en sentral del. Omgivelsene inkluderer en trapp og plantevekst i forgrunnen, under en klar bl\u00e5 himmel. Bygningens design er preget av metalldetaljer og gener\u00f8st medlys. (Bildebeskrivelsen er laget av en KI-tjeneste)\" title=\"Foto: Reuters\"\/><\/p>\n<p>Foto: Reuters<\/p>\n<p>Danmarks uttalte m\u00e5l er at dommer fra Menneskerettsdomstolen i Strasbourg endres med den nye linjen. Dommene bygger p\u00e5 Menneskerettskonvensjonen. I flere dommer har landene til n\u00e5 ikke f\u00e5tt medhold i \u00e5 utvise kriminelle utlendinger.<\/p>\n<p><strong>Astri Aas-Hansen oppsummer Norges linje slik:<\/strong><\/p>\n<p>\u2013 Det vi tar opp er b\u00e5de knyttet til utvisning av utlendinger som har beg\u00e5tt alvorlig kriminalitet. Det er ogs\u00e5 en type massemigrasjon hvor en antar at det er statlige akt\u00f8rer som st\u00e5r bak. Ogs\u00e5 andre sp\u00f8rsm\u00e5l p\u00e5 migrasjonsfeltet som en ser n\u00e5, og som en mener at vi m\u00e5 ta det innover oss, ogs\u00e5 inn mot Europar\u00e5det og Europa.<\/p>\n<p>Publisert<\/p>\n<p>10.12.2025, kl. 16.58<\/p>\n<p>Oppdatert<\/p>\n<p>10.12.2025, kl. 17.05<\/p>\n","protected":false},"excerpt":{"rendered":"P\u00e5 et m\u00f8te i Europar\u00e5det i Strasbourg, flagger justisminister Astri Aas-Hansen (Ap) Norges nye linje i to kontroversielle&hellip;\n","protected":false},"author":2,"featured_media":109518,"comment_status":"","ping_status":"","sticky":false,"template":"","format":"standard","meta":{"footnotes":""},"categories":[12],"tags":[20,21,24,25,15,22,23,13,30,28,29,14,16,26,27,42,43,44,45],"class_list":{"0":"post-109517","1":"post","2":"type-post","3":"status-publish","4":"format-standard","5":"has-post-thumbnail","7":"category-verden","8":"tag-breaking-news","9":"tag-breakingnews","10":"tag-featured-news","11":"tag-featurednews","12":"tag-headlines","13":"tag-latest-news","14":"tag-latestnews","15":"tag-news","16":"tag-no","17":"tag-norge","18":"tag-norway","19":"tag-nyheter","20":"tag-overskrifter","21":"tag-top-stories","22":"tag-topstories","23":"tag-verden","24":"tag-world","25":"tag-world-news","26":"tag-worldnews"},"share_on_mastodon":{"url":"https:\/\/pubeurope.com\/@no\/115696187665611548","error":""},"_links":{"self":[{"href":"https:\/\/www.europesays.com\/no\/wp-json\/wp\/v2\/posts\/109517","targetHints":{"allow":["GET"]}}],"collection":[{"href":"https:\/\/www.europesays.com\/no\/wp-json\/wp\/v2\/posts"}],"about":[{"href":"https:\/\/www.europesays.com\/no\/wp-json\/wp\/v2\/types\/post"}],"author":[{"embeddable":true,"href":"https:\/\/www.europesays.com\/no\/wp-json\/wp\/v2\/users\/2"}],"replies":[{"embeddable":true,"href":"https:\/\/www.europesays.com\/no\/wp-json\/wp\/v2\/comments?post=109517"}],"version-history":[{"count":0,"href":"https:\/\/www.europesays.com\/no\/wp-json\/wp\/v2\/posts\/109517\/revisions"}],"wp:featuredmedia":[{"embeddable":true,"href":"https:\/\/www.europesays.com\/no\/wp-json\/wp\/v2\/media\/109518"}],"wp:attachment":[{"href":"https:\/\/www.europesays.com\/no\/wp-json\/wp\/v2\/media?parent=109517"}],"wp:term":[{"taxonomy":"category","embeddable":true,"href":"https:\/\/www.europesays.com\/no\/wp-json\/wp\/v2\/categories?post=109517"},{"taxonomy":"post_tag","embeddable":true,"href":"https:\/\/www.europesays.com\/no\/wp-json\/wp\/v2\/tags?post=109517"}],"curies":[{"name":"wp","href":"https:\/\/api.w.org\/{rel}","templated":true}]}}