{"id":109527,"date":"2025-12-10T16:28:25","date_gmt":"2025-12-10T16:28:25","guid":{"rendered":"https:\/\/www.europesays.com\/no\/109527\/"},"modified":"2025-12-10T16:28:25","modified_gmt":"2025-12-10T16:28:25","slug":"polen-foreslar-a-gi-mig-29-kampfly-til-ukraina-i-bytte-med-droneteknologi","status":"publish","type":"post","link":"https:\/\/www.europesays.com\/no\/109527\/","title":{"rendered":"Polen foresl\u00e5r \u00e5 gi MiG-29-kampfly til Ukraina i bytte med droneteknologi"},"content":{"rendered":"<p class=\"kicker t15 font-weight-bold m-font-weight-bold color_mobile_no_bg_color quaternary color_mobile_quaternary font-Trim text-case-transform-upper mobile-hasTextPadding\" style=\"\">Nyheter<\/p>\n<p>    Polen foresl\u00e5r \u00e5 gi MiG-29-kampfly til Ukraina i bytte med droneteknologi.<\/p>\n<p>\n        KAMPFLY: MiG-29 fra det serbiske flyv\u00e5penet under en \u00f8velse i n\u00e6r Beograd i september 2024.<br \/>\n        Foto: Darko Vojinovic, AP, NTB\n    <\/p>\n<p>Polen forhandler med Ukraina om \u00e5 overf\u00f8re russiskbygde\u00a0MiG-29 kampfly i bytte med tilgang til ukrainsk droneteknologi, opplyser den polske forsvarsministeren\u00a0Wladyslaw Kosiniak-Kamysz.<\/p>\n<p>I et intervju med polsk radio sa forsvarsministeren at\u00a0MiG-29 ikke lenger vil bli brukt av det polske flyv\u00e5penet da de mangler service og vedlikehold.<\/p>\n<p>\u2013 Vi forhandler med ukrainske myndigheter om \u00e5 overf\u00f8re disse kampflyene samtidig som vi f\u00e5r teknologioverf\u00f8ring til Polen. Solidariteten m\u00e5 g\u00e5 begge veier, sier forsvarsministeren.<\/p>\n<p>Den polske forsvarsledelsen sier at utsikten til \u00e5 kunne modernisere den aldrende\u00a0MiG-29-fl\u00e5ten er svekket. Det ukrainske flyv\u00e5penet bruker fortsatt denne modellen og har mange piloter som er oppl\u00e6rt til \u00e5 operere sovjetbygde jagerfly.<\/p>\n<p>Avtalen er enn\u00e5 ikke klar til undertegning. Den omfatter tilgang til avansert ukrainsk teknologi knyttet til droner og missiler. Polen vil gradvis satse mer p\u00e5 kampfly av typene F-16 og FA-50, fra henholdsvis USA og S\u00f8r-Korea.<\/p>\n","protected":false},"excerpt":{"rendered":"Nyheter Polen foresl\u00e5r \u00e5 gi MiG-29-kampfly til Ukraina i bytte med droneteknologi. KAMPFLY: MiG-29 fra det serbiske flyv\u00e5penet&hellip;\n","protected":false},"author":2,"featured_media":109528,"comment_status":"","ping_status":"","sticky":false,"template":"","format":"standard","meta":{"footnotes":""},"categories":[12],"tags":[20,21,24,25,15,22,23,13,30,28,29,14,16,26,27,42,43,44,45],"class_list":{"0":"post-109527","1":"post","2":"type-post","3":"status-publish","4":"format-standard","5":"has-post-thumbnail","7":"category-verden","8":"tag-breaking-news","9":"tag-breakingnews","10":"tag-featured-news","11":"tag-featurednews","12":"tag-headlines","13":"tag-latest-news","14":"tag-latestnews","15":"tag-news","16":"tag-no","17":"tag-norge","18":"tag-norway","19":"tag-nyheter","20":"tag-overskrifter","21":"tag-top-stories","22":"tag-topstories","23":"tag-verden","24":"tag-world","25":"tag-world-news","26":"tag-worldnews"},"share_on_mastodon":{"url":"https:\/\/pubeurope.com\/@no\/115696219102260931","error":""},"_links":{"self":[{"href":"https:\/\/www.europesays.com\/no\/wp-json\/wp\/v2\/posts\/109527","targetHints":{"allow":["GET"]}}],"collection":[{"href":"https:\/\/www.europesays.com\/no\/wp-json\/wp\/v2\/posts"}],"about":[{"href":"https:\/\/www.europesays.com\/no\/wp-json\/wp\/v2\/types\/post"}],"author":[{"embeddable":true,"href":"https:\/\/www.europesays.com\/no\/wp-json\/wp\/v2\/users\/2"}],"replies":[{"embeddable":true,"href":"https:\/\/www.europesays.com\/no\/wp-json\/wp\/v2\/comments?post=109527"}],"version-history":[{"count":0,"href":"https:\/\/www.europesays.com\/no\/wp-json\/wp\/v2\/posts\/109527\/revisions"}],"wp:featuredmedia":[{"embeddable":true,"href":"https:\/\/www.europesays.com\/no\/wp-json\/wp\/v2\/media\/109528"}],"wp:attachment":[{"href":"https:\/\/www.europesays.com\/no\/wp-json\/wp\/v2\/media?parent=109527"}],"wp:term":[{"taxonomy":"category","embeddable":true,"href":"https:\/\/www.europesays.com\/no\/wp-json\/wp\/v2\/categories?post=109527"},{"taxonomy":"post_tag","embeddable":true,"href":"https:\/\/www.europesays.com\/no\/wp-json\/wp\/v2\/tags?post=109527"}],"curies":[{"name":"wp","href":"https:\/\/api.w.org\/{rel}","templated":true}]}}