{"id":109531,"date":"2025-12-10T16:31:13","date_gmt":"2025-12-10T16:31:13","guid":{"rendered":"https:\/\/www.europesays.com\/no\/109531\/"},"modified":"2025-12-10T16:31:13","modified_gmt":"2025-12-10T16:31:13","slug":"vonn-raskest-pa-utfortrening-lie-nummer-to","status":"publish","type":"post","link":"https:\/\/www.europesays.com\/no\/109531\/","title":{"rendered":"Vonn raskest p\u00e5 utfortrening \u2013 Lie nummer to"},"content":{"rendered":"\n<p class=\"_lead_o9xde_2 _lead_xtcu6_50 layout-component text-serif-m layout-normal text-serif-l layout-component layout-wide layout-padded _wide_17hqh_1 layout-padded\">Kajsa Vickhoff Lie noterte nest beste tid p\u00e5 trening f\u00f8r verdenscuputforennet i St. Moritz. Raskest var Lindsey Vonn, som jager sin f\u00f8rste seier siden comebacket.<\/p>\n<ul class=\"_gallery_1qa3s_23\" tabindex=\"0\">\n<li class=\"_item_1qa3s_37\" data-index=\"0\"><img fetchpriority=\"high\" decoding=\"async\" class=\"_image_foru8_23 _introGallery_foru8_43\" data-fullscreen- width=\"3293\" height=\"2195\" itemprop=\"image\" loading=\"eager\"  src=\"https:\/\/www.europesays.com\/no\/wp-content\/uploads\/2025\/12\/ea6112cc-57f1-4af5-bcbb-f8051e20eeff\"  style=\"object-position:50% 50%;aspect-ratio:var(--gallery-aspect-ratio, 16 \/ 9)\"\/>Lindsey Vonn imponerte p\u00e5 utfortrening i St. Moritz.  Foto: Jean-Christophe Bott \/ Keystone via AP \/ NTB<\/li>\n<li class=\"_item_1qa3s_37\" data-index=\"1\"><img decoding=\"async\" class=\"_image_foru8_23 _introGallery_foru8_43\" data-fullscreen- width=\"7621\" height=\"5080\" itemprop=\"image\" loading=\"lazy\"  src=\"https:\/\/www.europesays.com\/no\/wp-content\/uploads\/2025\/12\/457052f2-eebb-4f1a-b541-cbb2ac782f19\"  style=\"object-position:50% 50%;aspect-ratio:var(--gallery-aspect-ratio, 16 \/ 9)\"\/>Kajsa Vickhoff Lie viser god form f\u00f8r fartsrennene i sveitsiske St. Moritz.<br \/>\nFoto: Cornelius Poppe \/ NTB<\/li>\n<\/ul>\n<p>Lindsey Vonn imponerte p\u00e5 utfortrening i St. Moritz.  Foto: Jean-Christophe Bott \/ Keystone via AP \/ NTB<\/p>\n<ul aria-hidden=\"true\" class=\"_images_ntbth_112\">\n<li><a class=\"_link_ntbth_117\" href=\"https:\/\/www.vg.no\/forfatter\/ntb\" style=\"z-index:1\" title=\"NTB\" rel=\"nofollow noopener\" target=\"_blank\"><img alt=\"Bilde av NTB\" class=\"_image_ntbth_93\" fetchpriority=\"low\" loading=\"lazy\" decoding=\"async\" itemprop=\"image\"  src=\"https:\/\/www.europesays.com\/no\/wp-content\/uploads\/2025\/12\/1765384273_890_c33980b0-5d07-4027-84a1-813f90a7c8d6\"  width=\"480\"\/><\/a><\/li>\n<\/ul>\n<p> Oppdatert onsdag 10. desember kl. 16:30     <\/p>\n<p class=\"_paragraph_o9xde_4 _paragraph_xtcu6_10 layout-component text-serif-m layout-normal text-serif-m layout-padded\">Den amerikanske 41-\u00e5ringen suste ned den sveitsiske l\u00f8ypa p\u00e5 tiden 1.30,95 p\u00e5 onsdagens trenings\u00f8kt. Det skal kj\u00f8res ytterligere \u00e9n trening f\u00f8r verdenscupl\u00f8p i disiplinen fredag og l\u00f8rdag.<\/p>\n<p class=\"_paragraph_o9xde_4 _paragraph_xtcu6_10 layout-component text-serif-m layout-normal text-serif-m layout-padded\">Lie var 59 hundredels sekund bak Vonn. Deretter fulgte Sofia Goggia (Italia) og Laura Gauche (Frankrike), begge 12 hundredeler bak den norske fartsalpinisten.<\/p>\n<p class=\"_paragraph_o9xde_4 _paragraph_xtcu6_10 layout-component text-serif-m layout-normal text-serif-m layout-padded\">Vonn gjorde comeback forrige sesong nettopp i St. Moritz. Hun n\u00e6rmet seg verdenseliten etter jul, og i mars tok hun 2.-plass i et super-G-renn i Sun Valley.<\/p>\n<p class=\"_paragraph_o9xde_4 _paragraph_xtcu6_10 layout-component text-serif-m layout-normal text-serif-m layout-padded\">Hennes forrige seier i verdenscupen kom 14. mars 2018 i svenske \u00c5re.<\/p>\n","protected":false},"excerpt":{"rendered":"Kajsa Vickhoff Lie noterte nest beste tid p\u00e5 trening f\u00f8r verdenscuputforennet i St. Moritz. Raskest var Lindsey Vonn,&hellip;\n","protected":false},"author":2,"featured_media":109532,"comment_status":"","ping_status":"","sticky":false,"template":"","format":"standard","meta":{"footnotes":""},"categories":[59],"tags":[249,9805,247,30,28,29,83,82],"class_list":{"0":"post-109531","1":"post","2":"type-post","3":"status-publish","4":"format-standard","5":"has-post-thumbnail","7":"category-sport","8":"tag-alpint","9":"tag-kajsa-vickhoff-lie","10":"tag-lindsey-vonn","11":"tag-no","12":"tag-norge","13":"tag-norway","14":"tag-sport","15":"tag-sports"},"share_on_mastodon":{"url":"https:\/\/pubeurope.com\/@no\/115696231193926798","error":""},"_links":{"self":[{"href":"https:\/\/www.europesays.com\/no\/wp-json\/wp\/v2\/posts\/109531","targetHints":{"allow":["GET"]}}],"collection":[{"href":"https:\/\/www.europesays.com\/no\/wp-json\/wp\/v2\/posts"}],"about":[{"href":"https:\/\/www.europesays.com\/no\/wp-json\/wp\/v2\/types\/post"}],"author":[{"embeddable":true,"href":"https:\/\/www.europesays.com\/no\/wp-json\/wp\/v2\/users\/2"}],"replies":[{"embeddable":true,"href":"https:\/\/www.europesays.com\/no\/wp-json\/wp\/v2\/comments?post=109531"}],"version-history":[{"count":0,"href":"https:\/\/www.europesays.com\/no\/wp-json\/wp\/v2\/posts\/109531\/revisions"}],"wp:featuredmedia":[{"embeddable":true,"href":"https:\/\/www.europesays.com\/no\/wp-json\/wp\/v2\/media\/109532"}],"wp:attachment":[{"href":"https:\/\/www.europesays.com\/no\/wp-json\/wp\/v2\/media?parent=109531"}],"wp:term":[{"taxonomy":"category","embeddable":true,"href":"https:\/\/www.europesays.com\/no\/wp-json\/wp\/v2\/categories?post=109531"},{"taxonomy":"post_tag","embeddable":true,"href":"https:\/\/www.europesays.com\/no\/wp-json\/wp\/v2\/tags?post=109531"}],"curies":[{"name":"wp","href":"https:\/\/api.w.org\/{rel}","templated":true}]}}