{"id":109536,"date":"2025-12-10T16:36:09","date_gmt":"2025-12-10T16:36:09","guid":{"rendered":"https:\/\/www.europesays.com\/no\/109536\/"},"modified":"2025-12-10T16:36:09","modified_gmt":"2025-12-10T16:36:09","slug":"javier-milei-argentina-argentinas-president-javier-milei-avlyste-mote-med-jonas-gahr-store","status":"publish","type":"post","link":"https:\/\/www.europesays.com\/no\/109536\/","title":{"rendered":"Javier Milei, Argentina | Argentinas president Javier Milei avlyste m\u00f8te med Jonas Gahr St\u00f8re"},"content":{"rendered":"\n<p>Det f\u00e5r <a rel=\"Follow nofollow noopener\" href=\"https:\/\/www.dagbladet.no\/nyheter\/milei-dropper-store-1\/83966534\" target=\"_blank\">Dagbladet<\/a> opplyst av Statsministerens kontor onsdag ettermiddag.<\/p>\n<p>Statsminister Jonas Gahr St\u00f8re skulle etter planen i separate m\u00f8ter med fire presidenter fra S\u00f8r-Amerika onsdag. Danial Noboa fra Ecuador, Jos\u00e9 Ra\u00fal Mulino fra Panama, Santiago Pe\u00f1a fra Paraguay og Javier Milei fra Argentina.<\/p>\n<p><b>Les ogs\u00e5: <a class=\"simple-relation related-teaser article--c-eRUmMG article--c-eRUmMG-fZoQSp-design-nettavisen article--c-eRUmMG-gwthdJ-cv\" href=\"https:\/\/www.nettavisen.no\/leder-av-nobelkomiteen-advarer-verden-gar-i-feil-retning\/s\/5-95-2772971\" rel=\"nofollow noopener\" target=\"_blank\">Leder av Nobelkomiteen advarer: \u2013 Verden g\u00e5r i feil retning<\/a><\/b><\/p>\n<p>M\u00f8tene var planlagt \u00e5 skulle avholdes p\u00e5 Grand Hotel, men sistnevnte fikk ikke tid.<\/p>\n<p>Den samme firerbanden var ogs\u00e5 invitert til slottet onsdag for \u00e5 m\u00f8te kong Harald og dronning Sonja, samt kronprinsparet og kronprinsesse Alexandra. Tilstelningen p\u00e5 slottet var tidligere p\u00e5 dagen onsdag. Ogs\u00e5 dette m\u00f8tte ikke Milei opp for.<\/p>\n<p>   <img decoding=\"async\" width=\"8251\" height=\"5501\" fetchpriority=\"low\"  loading=\"lazy\"  src=\"https:\/\/www.europesays.com\/no\/wp-content\/uploads\/2025\/12\/cueres_scp-mangler_navn_OkMra9506iw.jpg\" alt=\"Oslo 20251210. &#10;Kong Harald, dronning Sonja og kronprins Haakon tar i mot Paraguays president Santiago Pe\u00f1a Palacios, Ecuadors president Daniel Noboa Az\u00edn og Panamas president Jos\u00e9 Ra\u00fal Mulino i audiens p\u00e5 Slottet i Oslo onsdag. &#10;&#10;Den venezuelanske opposisjonslederen Maria Corina Machado f\u00e5r prisen for sitt utrettelige arbeid for \u00e5 sikre demokratiske rettigheter for folket i Venezuela, og for sin kamp for en rettferdig og fredelig overgang fra diktatur til folkestyre. P\u00e5 grunn av omstendighetene i hjemlandet Venezuela kunne ikke Nobels fredsprismottaker delta p\u00e5 utdelingen i Norge.&#10;Foto: Heiko Junge \/ NTB \/ POOL\" class=\"brick-c-cFOWSL\" style=\"--brick-image-ratio: 8251 \/ 5501;\"\/><\/p>\n<p>      Ogs\u00e5 m\u00f8tet p\u00e5 slottet gikk uten Milei.<br \/>\n      Foto: Heiko Junge\n    <\/p>\n<p><b>Les ogs\u00e5: <a class=\"simple-relation related-teaser article--c-eRUmMG article--c-eRUmMG-fZoQSp-design-nettavisen article--c-eRUmMG-gwthdJ-cv\" href=\"https:\/\/www.nettavisen.no\/raser-mot-norsk-fredsindustri-pinlig-for-norge\/s\/5-95-2772617\" rel=\"nofollow noopener\" target=\"_blank\">Raser mot norsk fredsindustri: \u2013 Pinlig for Norge<\/a><\/b><\/p>\n<p>Fredsprisvinneren selv, Mar\u00eda Corina Machado, har til gode \u00e5 dukke opp i Oslo. Selve fredsprisseremonien gikk derfor uten hovedpersonen til stede. Machados datter var i stedet p\u00e5 plass for \u00e5 ta i mot prisen p\u00e5 vegne av moren.<\/p>\n","protected":false},"excerpt":{"rendered":"Det f\u00e5r Dagbladet opplyst av Statsministerens kontor onsdag ettermiddag. Statsminister Jonas Gahr St\u00f8re skulle etter planen i separate&hellip;\n","protected":false},"author":2,"featured_media":109537,"comment_status":"","ping_status":"","sticky":false,"template":"","format":"standard","meta":{"footnotes":""},"categories":[10],"tags":[20,21,24,25,15,22,23,13,30,28,29,14,16,26,27],"class_list":{"0":"post-109536","1":"post","2":"type-post","3":"status-publish","4":"format-standard","5":"has-post-thumbnail","7":"category-norge","8":"tag-breaking-news","9":"tag-breakingnews","10":"tag-featured-news","11":"tag-featurednews","12":"tag-headlines","13":"tag-latest-news","14":"tag-latestnews","15":"tag-news","16":"tag-no","17":"tag-norge","18":"tag-norway","19":"tag-nyheter","20":"tag-overskrifter","21":"tag-top-stories","22":"tag-topstories"},"share_on_mastodon":{"url":"https:\/\/pubeurope.com\/@no\/115696250823592257","error":""},"_links":{"self":[{"href":"https:\/\/www.europesays.com\/no\/wp-json\/wp\/v2\/posts\/109536","targetHints":{"allow":["GET"]}}],"collection":[{"href":"https:\/\/www.europesays.com\/no\/wp-json\/wp\/v2\/posts"}],"about":[{"href":"https:\/\/www.europesays.com\/no\/wp-json\/wp\/v2\/types\/post"}],"author":[{"embeddable":true,"href":"https:\/\/www.europesays.com\/no\/wp-json\/wp\/v2\/users\/2"}],"replies":[{"embeddable":true,"href":"https:\/\/www.europesays.com\/no\/wp-json\/wp\/v2\/comments?post=109536"}],"version-history":[{"count":0,"href":"https:\/\/www.europesays.com\/no\/wp-json\/wp\/v2\/posts\/109536\/revisions"}],"wp:featuredmedia":[{"embeddable":true,"href":"https:\/\/www.europesays.com\/no\/wp-json\/wp\/v2\/media\/109537"}],"wp:attachment":[{"href":"https:\/\/www.europesays.com\/no\/wp-json\/wp\/v2\/media?parent=109536"}],"wp:term":[{"taxonomy":"category","embeddable":true,"href":"https:\/\/www.europesays.com\/no\/wp-json\/wp\/v2\/categories?post=109536"},{"taxonomy":"post_tag","embeddable":true,"href":"https:\/\/www.europesays.com\/no\/wp-json\/wp\/v2\/tags?post=109536"}],"curies":[{"name":"wp","href":"https:\/\/api.w.org\/{rel}","templated":true}]}}