{"id":109551,"date":"2025-12-10T16:51:10","date_gmt":"2025-12-10T16:51:10","guid":{"rendered":"https:\/\/www.europesays.com\/no\/109551\/"},"modified":"2025-12-10T16:51:10","modified_gmt":"2025-12-10T16:51:10","slug":"eurovision-boikotten-flere-land-trekker-seg","status":"publish","type":"post","link":"https:\/\/www.europesays.com\/no\/109551\/","title":{"rendered":"Eurovision-boikotten: Flere land trekker seg"},"content":{"rendered":"\n<p class=\"_paragraph_o9xde_4 _paragraph_xtcu6_10 layout-component text-serif-m layout-normal text-serif-m layout-padded\"><a href=\"https:\/\/www.vg.no\/i\/ln1EeL\" data-track-element-type=\"Link\" data-track-id=\"link:ln1EeL\" class=\"_link_o9xde_39\" rel=\"nofollow noopener\" target=\"_blank\">I forrige uke skrev VG<\/a> at fem land tidligere har varslet at de vil boikotte arrangementet dersom Israel f\u00e5r delta.<\/p>\n<p class=\"_paragraph_o9xde_4 _paragraph_xtcu6_10 layout-component text-serif-m layout-normal text-serif-m layout-padded\">Fire av dem besluttet \u00e5 trekke seg:<strong class=\"_strong_o9xde_25\"> Nederland, Spania, Irland og Slovenia.<\/strong><\/p>\n<p class=\"_paragraph_o9xde_4 _paragraph_xtcu6_10 layout-component text-serif-m layout-normal text-serif-m layout-padded\">Islands nasjonale kringkaster R\u00daV hadde onsdag et m\u00f8te der de skulle diskutere hvorvidt Island skal delta i konkurransen eller ikke. <\/p>\n<p class=\"_paragraph_o9xde_4 _paragraph_xtcu6_10 layout-component text-serif-m layout-normal text-serif-m layout-padded\">F\u00f8r m\u00f8tet var det knyttet stor spenning til om landet ogs\u00e5 kom til \u00e5 boikotte <a href=\"https:\/\/www.vg.no\/tag\/eurovision?utm_source=vg-article&amp;utm_medium=auto-tagger&amp;utm_campaign=xrR4aQ\" class=\"_link_o9xde_39\" rel=\"nofollow noopener\" target=\"_blank\">Eurovision<\/a> neste \u00e5r.<\/p>\n<p class=\"_paragraph_o9xde_4 _paragraph_xtcu6_10 layout-component text-serif-m layout-normal text-serif-m layout-padded\"><a href=\"https:\/\/www.ruv.is\/english\/2025-12-09-media-minister-iceland-in-eurovision-would-be-unfortunate-461103\" class=\"_link_o9xde_39\" rel=\"nofollow noopener\" target=\"_blank\">Tirsdag uttalte Islands<\/a> kultur-, innovasjons- og h\u00f8yere utdanningsminister, Logi Einarsson, at det vil v\u00e6re \u00abuheldig\u00bb dersom Island deltar i konkurransen.<\/p>\n<p class=\"_paragraph_o9xde_4 _paragraph_xtcu6_10 layout-component text-serif-m layout-normal text-serif-m layout-padded\"><strong class=\"_strong_o9xde_25\">N\u00e5 er det klart: Island trekker seg ogs\u00e5 fra Eurovision 2026, melder R\u00daV.<\/strong><\/p>\n<p>Dette er EBUs nye tiltak:<\/p>\n<ul class=\"_list_o9xde_3 _list_xtcu6_9 _list_16v91_9 _unordered_o9xde_106 layout-component text-serif-m layout-normal text-sans-m layout-padded\">\n<li class=\"_item_o9xde_30\">Strammere regler for promotering\u00a0for \u00e5 hindre p\u00e5virkning, s\u00e6rlig fra myndigheter.<\/li>\n<li class=\"_item_o9xde_30\">Antall stemmer per publikum halveres fra 20 til 10.<\/li>\n<li class=\"_item_o9xde_30\">Juryer innf\u00f8res i semifinalene og utvides til fagpanel som inkluderer unge jurymedlemmer fra 18 til 25 \u00e5r.<\/li>\n<li class=\"_item_o9xde_30\">Tekniske sikkerhetssystemerstyrkes for \u00e5 oppdage falsk stemmegivning.<\/li>\n<li class=\"_item_o9xde_30\">Skjerper tiltak mot politisk innhold p\u00e5 scenen eller i sangtekster.<\/li>\n<\/ul>\n<p class=\"_paragraph_o9xde_4 _paragraph_xtcu6_10 _paragraph_16v91_10 layout-component text-serif-m layout-normal text-sans-m layout-padded\">Kilde: EBU<\/p>\n<p>Vis mer<img alt=\"Den islandske duoen Vaeb som representerte Island med sangen \u00abRoa\u00bb under finalen i Eurovision Song Contest 2025.  Foto: FABRICE COFFRINI \/ AFP \/ NTB\" class=\"_image_qp4xg_65 layout-component layout-normal\" data-fullscreen- data-track-element-type=\"Article image fullscreen\" data-track-name=\"ImageFullscreen\" decoding=\"async\" loading=\"lazy\" height=\"2530\" itemprop=\"image\"  src=\"https:\/\/www.europesays.com\/no\/wp-content\/uploads\/2025\/12\/31194df5-d234-45b2-8ef4-b6bde8771b8c\"  style=\"object-position:50.474183350895686% 38.57707509881423%\" width=\"3796\"\/>Den islandske duoen Vaeb som representerte Island med sangen \u00abRoa\u00bb under finalen i Eurovision Song Contest 2025.  Foto: FABRICE COFFRINI \/ AFP \/ NTB<\/p>\n<p class=\"_paragraph_o9xde_4 _paragraph_xtcu6_10 layout-component text-serif-m layout-normal text-serif-m layout-padded\">Over 600 norske kunstnere har skrevet under et opprop mot Israels deltagelse i konkurransen. Les mer her:<\/p>\n<p class=\"_paragraph_o9xde_4 _paragraph_xtcu6_10 layout-component text-serif-m layout-normal layout-padded\"><strong class=\"_strong_o9xde_25\">Les ogs\u00e5:<\/strong> <a href=\"https:\/\/www.vg.no\/i\/d456MB\" data-track-element-type=\"Link\" data-track-id=\"link:d456MB\" class=\"_link_o9xde_39\" rel=\"nofollow noopener\" target=\"_blank\">Eurovision: Artister oppfordres til boikott<\/a><\/p>\n<p class=\"_paragraph_o9xde_4 _paragraph_xtcu6_10 layout-component text-serif-m layout-normal text-serif-m layout-padded\"><a href=\"https:\/\/www.vg.no\/i\/8qmPB1\" data-track-element-type=\"Link\" data-track-id=\"link:8qmPB1\" class=\"_link_o9xde_39\" rel=\"nofollow noopener\" target=\"_blank\">Israels deltagelse f\u00f8rte til store demonstrasjoner<\/a> da Malm\u00f6 i Sverige var vertskap for\u00a0Eurovision Song Contest 2024. <\/p>\n<p class=\"_paragraph_o9xde_4 _paragraph_xtcu6_10 layout-component text-serif-m layout-normal text-serif-m layout-padded\">\u00c5ret etter var Basel i Sveits vertskap, og byen hadde <a href=\"https:\/\/www.vg.no\/i\/63RWwr\" data-track-element-type=\"Link\" data-track-id=\"link:63RWwr\" class=\"_link_o9xde_39\" rel=\"nofollow noopener\" target=\"_blank\">hentet inn politifolk fra hele landet<\/a> for \u00e5 styrke sikkerheten.<\/p>\n<p> Norge trekker seg ikke<\/p>\n<p class=\"_paragraph_o9xde_4 _paragraph_xtcu6_10 layout-component text-serif-m layout-normal text-serif-m layout-padded\">Eurovision-ekspert og journalist i Aftonbladet, Torbj\u00f6rn \u00abTobbe\u00bb Ek, sier til VG at det ikke er landene som deltar i Eurovision, men medlemmene av <a href=\"https:\/\/www.ebu.ch\/home\" class=\"_link_o9xde_39\" rel=\"nofollow noopener\" target=\"_blank\">Den europeiske Kringkastingsunion (EBU)<\/a> \u2013 alts\u00e5 allmennkringkasterne.<\/p>\n<p class=\"_paragraph_o9xde_4 _paragraph_xtcu6_10 layout-component text-serif-m layout-normal text-serif-m layout-padded\">N\u00e5r det gjelder Sveriges deltagelse forklarer Ek at det ikke er noen sjanse for at de trekker seg.<\/p>\n<p class=\"_paragraph_o9xde_4 _paragraph_xtcu6_10 layout-component text-serif-m layout-normal text-serif-m layout-padded\">\u2013 Det har aldri engang blitt vurdert. SVTs programdirekt\u00f8r Michael \u00d6sterlund antyder at det kan skje hvis for mange land trekker seg, men samtidig har SVT g\u00e5tt ut og spesifikt annonsert at de vil delta i 2026, s\u00e5 det er snarere en advarsel for fremtiden, skriver han til VG.<\/p>\n<p><img decoding=\"async\" alt=\"Bilde av Torbj\u00f6rn \u00abTobbe\u00bb Ek\" class=\"_image_ygndg_42\" height=\"30\" itemprop=\"image\" loading=\"lazy\"  src=\"https:\/\/www.europesays.com\/no\/wp-content\/uploads\/2025\/12\/38f1d51e-27ef-4c99-8705-34ffa851c317\"  width=\"40\"\/><strong class=\"_name_ygndg_51 title-serif-xs\">Torbj\u00f6rn \u00abTobbe\u00bb Ek<\/strong><\/p>\n<p class=\"_paragraph_o9xde_4 text-sans-m _description_ygndg_56\">Journalist i Aftonbladet og Eurovision-ekspert<\/p>\n<p class=\"_paragraph_o9xde_4 _paragraph_xtcu6_10 layout-component text-serif-m layout-normal text-serif-m layout-padded\">I Norge er det NRK som arrangerer konkurransen for \u00e5 finne en norsk representant til Eurovision.<\/p>\n<p class=\"_paragraph_o9xde_4 _paragraph_xtcu6_10 layout-component text-serif-m layout-normal text-serif-m layout-padded\">Kringkastingssjef i NRK, Vibeke F\u00fcrst Haugen, sa forrige uke at hun st\u00f8tter endringene som er gjort av EBU som \u00e5pner for at Israel f\u00e5r delta i konkurransen.<\/p>\n<p class=\"_paragraph_o9xde_4 _paragraph_xtcu6_10 layout-component text-serif-m layout-normal text-serif-m layout-padded\">\u2013 Vi mener tiltakene er n\u00f8dvendige for \u00e5 beskytte konkurransens n\u00f8ytralitet og omd\u00f8mme, sa hun.<\/p>\n<p><img decoding=\"async\" alt=\"Bilde av Vibeke F\u00fcrst Haugen\" class=\"_image_ygndg_42\" height=\"27\" itemprop=\"image\" loading=\"lazy\"  src=\"https:\/\/www.europesays.com\/no\/wp-content\/uploads\/2025\/12\/fcc9522f-928d-4339-8af6-bb2b18785ea7\"  width=\"40\"\/><strong class=\"_name_ygndg_51 title-serif-xs\">Vibeke F\u00fcrst Haugen<\/strong><\/p>\n<p class=\"_paragraph_o9xde_4 text-sans-m _description_ygndg_56\">Kringkastingssjef, NRK<\/p>\n<p class=\"_paragraph_o9xde_4 _paragraph_xtcu6_10 layout-component text-serif-m layout-normal text-serif-m layout-padded\"><strong class=\"_strong_o9xde_25\">If\u00f8lge r\u00e5dssekret\u00e6r Erik Skarrud, har Kringkastingsr\u00e5det til n\u00e5 f\u00e5tt inn 2490 klager etter at NRK besluttet \u00e5 ikke boikotte Eurovision.<\/strong><\/p>\n<p class=\"_paragraph_o9xde_4 _paragraph_xtcu6_10 layout-component text-serif-m layout-normal text-serif-m layout-padded\">Innholdsdirekt\u00f8r i NRK, Camilla Bj\u00f8rn, sier at det ikke er overraskende at flere land trekker seg fra konkurransen. <\/p>\n<p class=\"_paragraph_o9xde_4 _paragraph_xtcu6_10 layout-component text-serif-m layout-normal text-serif-m layout-padded\">\u2013 Vi er ikke overrasket. Dette er allmennkringkastere som lenge har varslet sine ultimater knyttet til deltagelse. NRKs holdning har hele veien v\u00e6rt at vi ikke tror p\u00e5 boikott \u2013 det st\u00e5r vi ved, skriver hun i en e-post til VG.<\/p>\n<p><img decoding=\"async\" alt=\"Bilde av Camilla Bj\u00f8rn\" class=\"_image_ygndg_42\" height=\"27\" itemprop=\"image\" loading=\"lazy\"  src=\"https:\/\/www.europesays.com\/no\/wp-content\/uploads\/2025\/12\/017ef18c-4c13-47a6-a82a-db3b4b68adf6\"  width=\"40\"\/><strong class=\"_name_ygndg_51 title-serif-xs\">Camilla Bj\u00f8rn<\/strong><\/p>\n<p class=\"_paragraph_o9xde_4 text-sans-m _description_ygndg_56\">Innholdsdirekt\u00f8r, NRK<\/p>\n<p class=\"_paragraph_o9xde_4 _paragraph_xtcu6_10 layout-component text-serif-m layout-normal text-serif-m layout-padded\">\u2013 I stedet for \u00e5 true med boikott, har vi valgt \u00e5 delta aktivt i EBUs demokratiske prosesser. Vi har presset p\u00e5 for konkrete endringer i Eurovision Song Contest, for \u00e5 beskytte konkurransens n\u00f8ytralitet og omd\u00f8mme.<\/p>\n<p class=\"_paragraph_o9xde_4 _paragraph_xtcu6_10 layout-component text-serif-m layout-normal text-serif-m layout-padded\">\u2013 Vi er forn\u00f8yde med at EBU har vedtatt endringer i tr\u00e5d med v\u00e5re innspill, spesielt rundt det som gjelder stemmesystemet og strengere regler for \u00e5 hindre p\u00e5virkningskampanjer, samt sikkerheten p\u00e5 arenaene for deltagere og andre, avslutter hun.<\/p>\n<p> Tre tilbakevendende land i 2026<\/p>\n<p class=\"_paragraph_o9xde_4 _paragraph_xtcu6_10 layout-component text-serif-m layout-normal text-serif-m layout-padded\">Eurovision-eksperten Ek forteller at EBU hvert \u00e5r jobber hardt med \u00e5 overtale nye land til \u00e5 delta.<\/p>\n<p class=\"_paragraph_o9xde_4 _paragraph_xtcu6_10 layout-component text-serif-m layout-normal text-serif-m layout-padded\">\u2013 I 2026 vil vi ha tre tilbakevendende land som ikke konkurrerte i 2025: Romania, Moldova og Bulgaria. Dette betyr at \u00abtapet\u00bb av Spania, Nederland, Slovenia og Irland, i hvert fall p\u00e5 papiret, ikke f\u00f8les s\u00e5 betydelig, selv om det likevel er et stort tap for konkurransen.<\/p>\n<p> Kan f\u00e5 \u00f8konomiske konsekvenser<\/p>\n<p class=\"_paragraph_o9xde_4 _paragraph_xtcu6_10 layout-component text-serif-m layout-normal text-serif-m layout-padded\">Ek beskriver Spania, Nederland og Irland som stormakter i Eurovision.<\/p>\n<p class=\"_paragraph_o9xde_4 _paragraph_xtcu6_10 layout-component text-serif-m layout-normal text-serif-m layout-padded\">\u2013 Spania har v\u00e6rt der hvert \u00e5r siden starten, det er en enorm fanbase i Spania, og showet tiltrekker seg millioner av mennesker dit hvert \u00e5r, skriver han og legger til:<\/p>\n<p class=\"_paragraph_o9xde_4 _paragraph_xtcu6_10 layout-component text-serif-m layout-normal text-serif-m layout-padded\">\u2013 Irland har vunnet konkurransen syv ganger i l\u00f8pet av \u00e5rene, og Nederland er et av de mest suksessrike i det 21. \u00e5rhundre.<\/p>\n<p class=\"_paragraph_o9xde_4 _paragraph_xtcu6_10 layout-component text-serif-m layout-normal text-serif-m layout-padded\">Han understreker at Spania er et av de fem st\u00f8rste landene som automatisk kommer til finalen siden de bidrar med mest penger til konkurransen.<\/p>\n<p class=\"_paragraph_o9xde_4 _paragraph_xtcu6_10 layout-component text-serif-m layout-normal text-serif-m layout-padded\">Det nederlandske Avrotros er sannsynligvis den sjette st\u00f8rste kringkasteren n\u00e5r det gjelder penger som folk vanligvis betaler for ESC, mener han.<\/p>\n<p class=\"_paragraph_o9xde_4 _paragraph_xtcu6_10 layout-component text-serif-m layout-normal text-serif-m layout-padded\">\u2013 Inntektstapet oppveies ikke av at Romania, Bulgaria og Moldova kommer tilbake. Det vil sannsynligvis ikke bli merkbart i 2026, men i fremtiden kan det likevel bli et problem for konkurransen, skriver han.<\/p>\n<p>Les ogs\u00e5<\/p>\n","protected":false},"excerpt":{"rendered":"I forrige uke skrev VG at fem land tidligere har varslet at de vil boikotte arrangementet dersom Israel&hellip;\n","protected":false},"author":2,"featured_media":109552,"comment_status":"","ping_status":"","sticky":false,"template":"","format":"standard","meta":{"footnotes":""},"categories":[12],"tags":[20,21,2513,24,25,15,52,22,23,221,13,30,28,29,14,16,26,27,42,43,44,45],"class_list":{"0":"post-109551","1":"post","2":"type-post","3":"status-publish","4":"format-standard","5":"has-post-thumbnail","7":"category-verden","8":"tag-breaking-news","9":"tag-breakingnews","10":"tag-eurovision","11":"tag-featured-news","12":"tag-featurednews","13":"tag-headlines","14":"tag-israel","15":"tag-latest-news","16":"tag-latestnews","17":"tag-musikk","18":"tag-news","19":"tag-no","20":"tag-norge","21":"tag-norway","22":"tag-nyheter","23":"tag-overskrifter","24":"tag-top-stories","25":"tag-topstories","26":"tag-verden","27":"tag-world","28":"tag-world-news","29":"tag-worldnews"},"share_on_mastodon":{"url":"https:\/\/pubeurope.com\/@no\/115696309972700722","error":""},"_links":{"self":[{"href":"https:\/\/www.europesays.com\/no\/wp-json\/wp\/v2\/posts\/109551","targetHints":{"allow":["GET"]}}],"collection":[{"href":"https:\/\/www.europesays.com\/no\/wp-json\/wp\/v2\/posts"}],"about":[{"href":"https:\/\/www.europesays.com\/no\/wp-json\/wp\/v2\/types\/post"}],"author":[{"embeddable":true,"href":"https:\/\/www.europesays.com\/no\/wp-json\/wp\/v2\/users\/2"}],"replies":[{"embeddable":true,"href":"https:\/\/www.europesays.com\/no\/wp-json\/wp\/v2\/comments?post=109551"}],"version-history":[{"count":0,"href":"https:\/\/www.europesays.com\/no\/wp-json\/wp\/v2\/posts\/109551\/revisions"}],"wp:featuredmedia":[{"embeddable":true,"href":"https:\/\/www.europesays.com\/no\/wp-json\/wp\/v2\/media\/109552"}],"wp:attachment":[{"href":"https:\/\/www.europesays.com\/no\/wp-json\/wp\/v2\/media?parent=109551"}],"wp:term":[{"taxonomy":"category","embeddable":true,"href":"https:\/\/www.europesays.com\/no\/wp-json\/wp\/v2\/categories?post=109551"},{"taxonomy":"post_tag","embeddable":true,"href":"https:\/\/www.europesays.com\/no\/wp-json\/wp\/v2\/tags?post=109551"}],"curies":[{"name":"wp","href":"https:\/\/api.w.org\/{rel}","templated":true}]}}