{"id":109555,"date":"2025-12-10T16:53:44","date_gmt":"2025-12-10T16:53:44","guid":{"rendered":"https:\/\/www.europesays.com\/no\/109555\/"},"modified":"2025-12-10T16:53:44","modified_gmt":"2025-12-10T16:53:44","slug":"na-er-de-tilbake","status":"publish","type":"post","link":"https:\/\/www.europesays.com\/no\/109555\/","title":{"rendered":"N\u00e5 er de tilbake"},"content":{"rendered":"<p class=\"kicker \" style=\"\">Russiske ut\u00f8vere tilbake:<\/p>\n<p>  Langrennsl\u00f8peren Saveliy Korostelev (22) er blant ut\u00f8verne som har f\u00e5tt gr\u00f8nt lys kommende helg. Han rykket raskt ut i sosiale medier.<\/p>\n<p>\n    P\u00c5 PLASS I DAVOS: Saveliy Korostelev skal g\u00e5 verdenscup i Davos. Her avbildet p\u00e5 Lygna i 2022 hvor han tok gull i U20-VM. Foto: Terje Pedersen \/ NTB\n  <\/p>\n<p>Seks belarusere og tre russere har f\u00e5tt klarsignal av FIS &#8211; det internasjonale ski- og sn\u00f8brettforbundet.<\/p>\n<p> Listen med ni navn best\u00e5r av to langrennsl\u00f8pere, seks fristilkj\u00f8rere og en alpinist.\u00a0<\/p>\n<ul>\n<li class=\"lab-bodytext-line\">Russland: Saveliy Korostelev, Darija Neprjaeva og Anastasiia Tatalina.<\/li>\n<li class=\"lab-bodytext-line\">Belarus: Uladzislau Vazniuk, Maria Sjkanova, Hanna Huskova, Ihar Drabiankou, Anna Derugo, Anastasija Andrjianava.<\/li>\n<\/ul>\n<p> Langrennsl\u00f8perne er Korostelev og Neprjaeva. <\/p>\n<p>Korostelev, som ble juniorverdensmester i Norge i 2022, rykket ut umiddelbart p\u00e5 Telegram etter at nyheten kom:<\/p>\n<p>        <img loading=\"lazy\" decoding=\"async\" src=\"https:\/\/www.europesays.com\/no\/wp-content\/uploads\/2025\/12\/83964601.webp\" width=\"686\" height=\"337\" title=\"DAVOS: Saveliy Korostelev (t.h.) og Darija Neprjaeva f\u00e5r konkurrere i sveitsiske Davos denne helga. Foto: Korostelev \/ Telegram\" alt=\"\" class=\"\" style=\"--aspect-ratio-image: 2.04; \"\/><\/p>\n<p>\n        DAVOS: Saveliy Korostelev (t.h.) og Darija Neprjaeva f\u00e5r konkurrere i sveitsiske Davos denne helga. Foto: Korostelev \/ Telegram\n    <\/p>\n<p>\u00abDebuterer i helga\u00bb, skrev han ved siden av bildet.<\/p>\n<p>\u00abJulemirakel\u00bb, skriver Korostelev p\u00e5 Instagram.<\/p>\n<p>    <a itemprop=\"url\" href=\"https:\/\/www.dagbladet.no\/sport\/vraket\/83952638\" rel=\"nofollow noopener\" target=\"_blank\"><\/p>\n<p>        <img loading=\"lazy\" decoding=\"async\" src=\"https:\/\/www.europesays.com\/no\/wp-content\/uploads\/2025\/12\/83952668.webp\" width=\"980\" height=\"441\" title=\"Vraket\" alt=\"\" class=\"lazyload\" style=\"--aspect-ratio-image: 2.22; \"\/><\/p>\n<p>        Vraket<\/p>\n<p>    <\/a><\/p>\n<p>Moren stusser: &#8211; Ikke riktig\t<\/p>\n<p>P\u00e5 Telegram la han ut et bilde av seg selv og Neprjaeva, som ogs\u00e5 vil delta i Davos denne helga.<\/p>\n<p>Moren til sistnevnte, Irina, sier det er blandede f\u00f8lelser:<\/p>\n<p> &#8211; P\u00e5 den ene siden er det stolthet, p\u00e5 den andre siden, dere forst\u00e5r selv, det er som \u00e5 bli invitert til en bursdag. Ikke etter et sportslig prinsipp, men de inviterer dem de vil. Det er heller ikke riktig, etter min mening, sier hun if\u00f8lge russiske <a href=\"https:\/\/www.championat.com\/skiing\/news-6276854-darya-nepryaeva-poletit-v-davos-na-kubok-mira-v-chetverg-utrom.html\" rel=\"nofollow noopener\" target=\"_blank\">Championat<\/a> til Match TV.<\/p>\n<p>    Davos, program<\/p>\n<p class=\"font-weight-bold m-font-weight-bold\" data-lab-font_weight=\"font-weight-bold\">Fredag:<\/p>\n<p>Lagsprint, fri teknikk, kvinner og menn.<\/p>\n<p>Russere f\u00e5r IKKE delta.<\/p>\n<p class=\"font-weight-bold m-font-weight-bold\" data-lab-font_weight=\"font-weight-bold\">L\u00f8rdag:<\/p>\n<p>Sprint, fri teknikk, kvinner og menn.<\/p>\n<ul>\n<li class=\"lab-bodytext-line\">Prolog: klokka 13.45 p\u00e5 V Sport 1<\/li>\n<li class=\"lab-bodytext-line\">Kvartfinaler fra: klokka 16.15 p\u00e5 V Sport 1 og TV 3<\/li>\n<\/ul>\n<p class=\"font-weight-bold m-font-weight-bold\" data-lab-font_weight=\"font-weight-bold\">S\u00f8ndag:<\/p>\n<ul>\n<li class=\"lab-bodytext-line\">10 kilometer fri teknikk, menn: klokka 09.50 p\u00e5 TV 3<\/li>\n<li class=\"lab-bodytext-line\">10 kilometer fri teknikk, kvinner: klokka 13.45 p\u00e5 V Sport 1<\/li>\n<\/ul>\n<p>      Vis mer<br \/>\n      Vis mindre<\/p>\n<p>Kan komme flere\t<\/p>\n<p>Det er ikke usannsynlig at det vil bli flere godkjente ut\u00f8vere i tida som kommer.<\/p>\n<p> &#8211; I l\u00f8pet av de kommende dagene og ukene, etter hvert som flere vurderinger gjennomf\u00f8res og flere avgj\u00f8relser tas, vil FIS publisere oppdaterte versjoner av listen, heter det i meldingen. <\/p>\n<p>2. desember kom avgj\u00f8relsen i Idrettens Voldgiftsrett (CAS) der FIS-styrets beslutning om \u00e5 nekte russiske og belarusiske ut\u00f8vere \u00e5 delta i FIS-konkurranser og OL-kvalifiseringer ble opphevet.<\/p>\n<p>        KRASJ: Jonna Sundling og Ingrid Bergene Aabrekk kolliderte under kvinnenes sprint, og det var en tydlig misforn\u00f8yd svenske som kom i m\u00e5l. Video: NRK, Schjesvold\/S\u00f8r\u00f8 Olsen\/Dagbladet TV-sporten<\/p>\n<p>Strenge kriterier\t<\/p>\n<p>CAS slo fast at FIS m\u00e5tte tillate deltakelse for ut\u00f8vere som oppfyller de strenge n\u00f8ytralitetskriteriene til Den internasjonale olympiske komit\u00e9 (IOC).<\/p>\n<p>Det betyr blant annet at de aktuelle ut\u00f8verne ikke kan ha noen frivillig forbindelse med det russiske eller belarusiske milit\u00e6ret eller med noen annen nasjonal sikkerhetsorganisasjon.<\/p>\n<p>        TRONDHEIM: Den polske langrennsut\u00f8veren Eliza Rucka-Michalek legger seg plutselig ned midt i l\u00f8ypa. Video: NRK, S\u00f8r\u00f8 Olsen\/Dagbladet TV-sporten<\/p>\n<p>Sprint l\u00f8rdag\t<\/p>\n<p>Davos-rennene kommende helg innledes med lagsprint. Der kan russerne uansett ikke delta. Dermed er l\u00f8rdagens sprint i fri teknikk f\u00f8rste mulighet. Videre er det 10 kilometer fri teknikk i Davos s\u00f8ndag.<\/p>\n<p>Hver ut\u00f8ver er gjenstand for en bakgrunnssjekk utf\u00f8rt av en tredjepart. FIS-toppen Sandra Spitz sa tirsdag til svenske SVT at her blant annet vurderes om innhold lagt ut p\u00e5 sosiale medier kan v\u00e6re i strid med n\u00f8ytralitetsprinsippene.<\/p>\n<p>    <a itemprop=\"url\" href=\"https:\/\/www.dagbladet.no\/sport\/na-er-han-lei\/83940669\" rel=\"nofollow noopener\" target=\"_blank\"><\/p>\n<p>        <img loading=\"lazy\" decoding=\"async\" src=\"https:\/\/www.europesays.com\/no\/wp-content\/uploads\/2025\/12\/1765385624_632_83940901.webp\" width=\"980\" height=\"441\" title=\"N\u00e5 er han lei\" alt=\"\" class=\"lazyload\" style=\"--aspect-ratio-image: 2.22; \"\/><\/p>\n<p>        N\u00e5 er han lei<\/p>\n<p>    <\/a><\/p>\n<p>&#8211; Vi m\u00e5 understreke at vi utelukkende snakker om frivillige b\u00e5nd til det milit\u00e6re \u2013 det vil si at ut\u00f8verne tjener penger p\u00e5 dette. Dette er fundamentalt viktig. Mange land har obligatorisk milit\u00e6rtjeneste som ikke kan unng\u00e5s. Slik tjeneste er ikke tatt med i v\u00e5r vurdering, sa Spitz.<\/p>\n<p>&#8211; Det m\u00e5 ogs\u00e5 v\u00e6re helt klart at vi ikke ser p\u00e5 informasjon fra 2014, men kun fra perioden som har g\u00e5tt siden krigen startet, la hun til.<\/p>\n<p>FIS opplyste at ut\u00f8verne som er klarert for start l\u00f8pende skal offentliggj\u00f8res p\u00e5 forbundets eget nettsted.<\/p>\n","protected":false},"excerpt":{"rendered":"Russiske ut\u00f8vere tilbake: Langrennsl\u00f8peren Saveliy Korostelev (22) er blant ut\u00f8verne som har f\u00e5tt gr\u00f8nt lys kommende helg. Han&hellip;\n","protected":false},"author":2,"featured_media":109556,"comment_status":"","ping_status":"","sticky":false,"template":"","format":"standard","meta":{"footnotes":""},"categories":[5],"tags":[20,21,24,25,15,19,398,22,23,17,18,13,30,28,29,14,16,10869,83,26,27],"class_list":{"0":"post-109555","1":"post","2":"type-post","3":"status-publish","4":"format-standard","5":"has-post-thumbnail","7":"category-overskrifter","8":"tag-breaking-news","9":"tag-breakingnews","10":"tag-featured-news","11":"tag-featurednews","12":"tag-headlines","13":"tag-hovedoppslag","14":"tag-langrenn","15":"tag-latest-news","16":"tag-latestnews","17":"tag-main-news","18":"tag-mainnews","19":"tag-news","20":"tag-no","21":"tag-norge","22":"tag-norway","23":"tag-nyheter","24":"tag-overskrifter","25":"tag-saveliy-korostelev","26":"tag-sport","27":"tag-top-stories","28":"tag-topstories"},"share_on_mastodon":{"url":"https:\/\/pubeurope.com\/@no\/115696317593154250","error":""},"_links":{"self":[{"href":"https:\/\/www.europesays.com\/no\/wp-json\/wp\/v2\/posts\/109555","targetHints":{"allow":["GET"]}}],"collection":[{"href":"https:\/\/www.europesays.com\/no\/wp-json\/wp\/v2\/posts"}],"about":[{"href":"https:\/\/www.europesays.com\/no\/wp-json\/wp\/v2\/types\/post"}],"author":[{"embeddable":true,"href":"https:\/\/www.europesays.com\/no\/wp-json\/wp\/v2\/users\/2"}],"replies":[{"embeddable":true,"href":"https:\/\/www.europesays.com\/no\/wp-json\/wp\/v2\/comments?post=109555"}],"version-history":[{"count":0,"href":"https:\/\/www.europesays.com\/no\/wp-json\/wp\/v2\/posts\/109555\/revisions"}],"wp:featuredmedia":[{"embeddable":true,"href":"https:\/\/www.europesays.com\/no\/wp-json\/wp\/v2\/media\/109556"}],"wp:attachment":[{"href":"https:\/\/www.europesays.com\/no\/wp-json\/wp\/v2\/media?parent=109555"}],"wp:term":[{"taxonomy":"category","embeddable":true,"href":"https:\/\/www.europesays.com\/no\/wp-json\/wp\/v2\/categories?post=109555"},{"taxonomy":"post_tag","embeddable":true,"href":"https:\/\/www.europesays.com\/no\/wp-json\/wp\/v2\/tags?post=109555"}],"curies":[{"name":"wp","href":"https:\/\/api.w.org\/{rel}","templated":true}]}}