{"id":109557,"date":"2025-12-10T16:55:12","date_gmt":"2025-12-10T16:55:12","guid":{"rendered":"https:\/\/www.europesays.com\/no\/109557\/"},"modified":"2025-12-10T16:55:12","modified_gmt":"2025-12-10T16:55:12","slug":"kultur-kvinesdal-julefavoritter-til-kvinesdal-garness-lover-stemningsfull-konsert-pa-bedehuset","status":"publish","type":"post","link":"https:\/\/www.europesays.com\/no\/109557\/","title":{"rendered":"Kultur, Kvinesdal | Julefavoritter til Kvinesdal: Garness lover stemningsfull konsert p\u00e5 bedehuset"},"content":{"rendered":"\n<p>Julealbumet deres ble omtalt som \u00ab\u00c5rets juleplate\u00bb av Dagbladet og fikk str\u00e5lende anmeldelser. De ble for alvor kjent for store deler av det norske folk da de fikk holde julekonsert p\u00e5 NRK1 kvelden f\u00f8r kvelden, med et knippe artistvenner som gjester. I desember legger de ut p\u00e5 en lengre juleturn\u00e9 i hele S\u00f8r-Norge med sin spennende instrumentpark og vakre sanger i bagasjen.<\/p>\n<p>Konserten g\u00e5r av stabelen f\u00f8rstkommende mandag.<\/p>\n<p>Sterk tilknytning til Kvinesdal<\/p>\n<p>Duoen gleder seg litt ekstra til \u00e5 bes\u00f8ke Kvinesdal, som de har varme f\u00f8lelser for. De tilbrakte mye tid der i fjor i forbindelse med innspillingen av sitt nyeste album, Restart. Det var deres gode venn og kollega gjennom mange \u00e5r, kvind\u00f8len Thomas Gallatin, som produserte albumet i sitt eget studio Riverside i Sarons Dal. Sangen \u00abDele dr\u00f8mmen\u00bb fra denne utgivelsen ble A-listet p\u00e5 NRK P1 og er blitt mye spilt gjennom \u00e5ret som har g\u00e5tt.<\/p>\n<p>Musikalitet og budskap<\/p>\n<p>   <img decoding=\"async\" width=\"1024\" height=\"1024\" fetchpriority=\"low\"  loading=\"lazy\"  src=\"https:\/\/www.europesays.com\/no\/wp-content\/uploads\/2025\/12\/947881e3-3884-4107-88cf-ceb8d94874ba.jpg\" alt=\"\" class=\"brick-c-cFOWSL\" style=\"--brick-image-ratio: 1024 \/ 1024;\"\/><\/p>\n<p>      GOD VENN: Her ser vi Garness-duoen i Kvinesdal i studio til Thomas Gallatin.<br \/>\n      Foto: Privat\n    <\/p>\n<p>S\u00f8strene i Garness har blitt kjent for sin musikalitet, inderlige formidling og spennende nytolkninger av tradisjonelle julesanger som virkelig f\u00e5r julestemningen til \u00e5 bre seg i kropp og sjel. Duoen skiller seg nok litt ut i mengden ved at de ikke bare synger, men trakterer en mengde instrumenter. De rigger seg til hver kveld med ulike akustiske og elektriske gitarer, keyboards, bass, trommer, harper og klokkespill, og danner et helt lite band, bare de to. Alt bygger opp under tvillings\u00f8strenes samstemte vokalharmonier, som er et s\u00e6rlig kjennetegn p\u00e5 duoen.<\/p>\n<p>Garness gir ogs\u00e5 plass til de mer vemodige og vanskelige f\u00f8lelsene som mange kan kjenne p\u00e5 i m\u00f8te med jula. Samtidig st\u00e5r julens h\u00e5pefulle budskap om en stor glede for alle mennesker sentralt i Garness sine julekonserter. De \u00f8nsker \u00e5 gi sine lyttere et kj\u00e6rkomment pusterom i en travel f\u00f8rjulstid. Med glimt i \u00f8yet og s\u00e6regen tvillingkommunikasjon inviterer Garness til en inspirerende julekonsert!<\/p>\n<p>   <img decoding=\"async\" width=\"768\" height=\"1024\" fetchpriority=\"low\"  loading=\"lazy\"  src=\"https:\/\/www.europesays.com\/no\/wp-content\/uploads\/2025\/12\/44db8685-d78f-4e79-b6a4-06bff5bc7e46.jpg\" alt=\"\" class=\"brick-c-cFOWSL\" style=\"--brick-image-ratio: 768 \/ 1024;\"\/><\/p>\n<p>      INNSPILLINGEN: Garness har spilt inn musikk i Kvinesdal.<br \/>\n      Foto: Privat\n    <\/p>\n","protected":false},"excerpt":{"rendered":"Julealbumet deres ble omtalt som \u00ab\u00c5rets juleplate\u00bb av Dagbladet og fikk str\u00e5lende anmeldelser. De ble for alvor kjent&hellip;\n","protected":false},"author":2,"featured_media":109558,"comment_status":"","ping_status":"","sticky":false,"template":"","format":"standard","meta":{"footnotes":""},"categories":[58],"tags":[36,71,2987,5593,410,2986,30,28,29,1510,72],"class_list":{"0":"post-109557","1":"post","2":"type-post","3":"status-publish","4":"format-standard","5":"has-post-thumbnail","7":"category-underholdning","8":"tag-art","9":"tag-entertainment","10":"tag-fb","11":"tag-jul","12":"tag-kultur","13":"tag-kvinesdal","14":"tag-no","15":"tag-norge","16":"tag-norway","17":"tag-story","18":"tag-underholdning"},"share_on_mastodon":{"url":"https:\/\/pubeurope.com\/@no\/115696325547371577","error":""},"_links":{"self":[{"href":"https:\/\/www.europesays.com\/no\/wp-json\/wp\/v2\/posts\/109557","targetHints":{"allow":["GET"]}}],"collection":[{"href":"https:\/\/www.europesays.com\/no\/wp-json\/wp\/v2\/posts"}],"about":[{"href":"https:\/\/www.europesays.com\/no\/wp-json\/wp\/v2\/types\/post"}],"author":[{"embeddable":true,"href":"https:\/\/www.europesays.com\/no\/wp-json\/wp\/v2\/users\/2"}],"replies":[{"embeddable":true,"href":"https:\/\/www.europesays.com\/no\/wp-json\/wp\/v2\/comments?post=109557"}],"version-history":[{"count":0,"href":"https:\/\/www.europesays.com\/no\/wp-json\/wp\/v2\/posts\/109557\/revisions"}],"wp:featuredmedia":[{"embeddable":true,"href":"https:\/\/www.europesays.com\/no\/wp-json\/wp\/v2\/media\/109558"}],"wp:attachment":[{"href":"https:\/\/www.europesays.com\/no\/wp-json\/wp\/v2\/media?parent=109557"}],"wp:term":[{"taxonomy":"category","embeddable":true,"href":"https:\/\/www.europesays.com\/no\/wp-json\/wp\/v2\/categories?post=109557"},{"taxonomy":"post_tag","embeddable":true,"href":"https:\/\/www.europesays.com\/no\/wp-json\/wp\/v2\/tags?post=109557"}],"curies":[{"name":"wp","href":"https:\/\/api.w.org\/{rel}","templated":true}]}}